{"id":8554,"date":"2024-12-28T20:48:14","date_gmt":"2024-12-28T19:48:14","guid":{"rendered":"https:\/\/swiety-jozef.pl\/?p=8554"},"modified":"2024-12-28T20:48:16","modified_gmt":"2024-12-28T19:48:16","slug":"list-pasterski-konferencji-episkopatu-polski","status":"publish","type":"post","link":"https:\/\/swiety-jozef.pl\/index.php\/2024\/12\/28\/list-pasterski-konferencji-episkopatu-polski\/","title":{"rendered":"List Pasterski Konferencji Episkopatu Polski"},"content":{"rendered":"\n<!--more-->\n\n\n\n<div style=\"height:25px\" aria-hidden=\"true\" class=\"wp-block-spacer\"><\/div>\n\n\n\n<p class=\"has-text-align-center\"><strong>List Pasterski Konferencji Episkopatu Polski na Niedziel\u0119 \u015awi\u0119tej Rodziny<\/strong><\/p>\n\n\n\n<p class=\"has-text-align-center\"><em>Rodzina miejscem uczenia si\u0119 nadziei<\/em><\/p>\n\n\n\n<p>Drodzy Bracia i Siostry,<\/p>\n\n\n\n<p>Zanim na ca\u0142ym \u015bwiecie rozpocznie si\u0119 wielkie odliczanie w sylwestrow\u0105 noc, a&nbsp;zegary, wybijaj\u0105c p\u00f3\u0142noc, obwieszcz\u0105 pocz\u0105tek roku 2025, ju\u017c dzi\u015b \u2013 decyzj\u0105 papie\u017ca Franciszka \u2013 we wszystkich katedrach i konkatedrach na \u015bwiecie \u2013 otwieramy Rok \u015awi\u0119ty. Papie\u017c pragnie, aby by\u0142 to dla ca\u0142ego Ko\u015bcio\u0142a czas intensywnego do\u015bwiadczenia \u0142aski, nadziei i przebaczenia. Dlaczego w\u0142a\u015bnie to za nimi mamy pod\u0105\u017ca\u0107 w tym szczeg\u00f3lnym czasie? Przebaczenie \u2013 jak pisze papie\u017c Franciszek \u2013 \u201enie zmienia przesz\u0142o\u015bci, nie mo\u017ce zmieni\u0107 tego, co ju\u017c si\u0119 wydarzy\u0142o; a mimo to przebaczenie mo\u017ce umo\u017cliwi\u0107 przemian\u0119 przysz\u0142o\u015bci i \u017cycie w odmienny spos\u00f3b, bez urazy, rozgoryczenia i zemsty. Przysz\u0142o\u015b\u0107 o\u015bwiecona przebaczeniem pozwala na odczytanie przesz\u0142o\u015bci innymi, bardziej pogodnymi oczami, cho\u0107 wci\u0105\u017c wy\u017c\u0142obionymi \u0142zami\u201d (Bulla <em>Spes non confundit<\/em>, 23). Chcemy dzi\u015b ca\u0142emu Ko\u015bcio\u0142owi i \u015bwiatu przypomnie\u0107, \u017ce \u201enadzieja zawie\u015b\u0107 nie mo\u017ce\u201d (Rz 5, 5).<\/p>\n\n\n\n<p>Wszyscy potrzebujemy ma\u0142ych i wi\u0119kszych nadziei, kt\u00f3re dzie\u0144 po dniu podtrzymuj\u0105 nas w drodze. Jednak bez wielkiej nadziei, kt\u00f3ra musi przewy\u017csza\u0107 pozosta\u0142e, s\u0105 one niewystarczaj\u0105ce. T\u0105 wielk\u0105 nadziej\u0105 mo\u017ce by\u0107 jedynie B\u00f3g, kt\u00f3ry ogarnia wszech\u015bwiat, i kt\u00f3ry mo\u017ce nam zaproponowa\u0107 i da\u0107 to, czego sami nie mo\u017cemy osi\u0105gn\u0105\u0107 (Benedykt XVI, <em>Spe salvi<\/em>, 31). Dlatego raz jeszcze chcemy Was, Bracia i Siostry, dzi\u015b \u2013 w \u015bwi\u0119to \u015awi\u0119tej Rodziny \u2013 zach\u0119ci\u0107 do nieco innego spojrzenia na \u017c\u0142\u00f3bek, do&nbsp;zatrzymania si\u0119 nad codzienno\u015bci\u0105 Jezusa, Maryi i J\u00f3zefa. Do odkrycia, \u017ce w Betlejem rodzi si\u0119 prawdziwy Dawca nadziei.<\/p>\n\n\n\n<p>Kochani m\u0142odzi. Nie chcemy traktowa\u0107 Waszych problem\u00f3w jako b\u0142ahe. Pragniemy do\u0142o\u017cy\u0107 wszelkich stara\u0144, abyus\u0142ysze\u0107 Wasze t\u0119sknoty, pragnienia, dylematy i&nbsp;l\u0119ki. Przecie\u017cto na Was i na Waszym entuzjazmie opiera si\u0119 przysz\u0142o\u015b\u0107, to Wy jeste\u015bcie tera\u017aniejszo\u015bci\u0105 Ko\u015bcio\u0142a. Uwierzcie, \u017ce nadzieja nie jest matk\u0105 tch\u00f3rzliwych, ale \u017ar\u00f3d\u0142em prawdziwej odwagi \u017cycia, podejmowania wyzwa\u0144, kt\u00f3re pozwalaj\u0105 wyj\u015b\u0107 z poczucia bezradno\u015bci i zupe\u0142nej kl\u0119ski, kt\u00f3ra rodzi depresj\u0119 (Jan Andrzej K\u0142oczowski OP, <em>Odwaga dobrego \u017cycia<\/em>).<\/p>\n\n\n\n<p>Drodzy rodzice, nieraz niewyspani przez nocne pobudki najm\u0142odszych, mo\u017ce za\u0142amani k\u0142\u00f3tniami z w\u0142asnymi dzie\u0107mi albo odmawiaj\u0105cy kolejny r\u00f3\u017caniec, prosz\u0105c o&nbsp;nawr\u00f3cenie swoich pociech. Niejednokrotnie potrzebujecie us\u0142ysze\u0107 i oprze\u0107 Wasz\u0105 wiar\u0119 na fundamencie s\u0142owa: \u201eNadzieja zawie\u015b\u0107 nie mo\u017ce, poniewa\u017c mi\u0142o\u015b\u0107 Bo\u017ca rozlana jest w sercach naszych przez Ducha \u015awi\u0119tego, kt\u00f3ry zosta\u0142 nam dany\u201d (<em>Rz<\/em> 5, 1-2.5). Wszyscy potrzebujemy na nowo odkry\u0107, \u017ce nadzieja rodzi si\u0119 w istocie z mi\u0142o\u015bci i&nbsp;opiera si\u0119 na mi\u0142o\u015bci, kt\u00f3ra wyp\u0142ywa z Serca Jezusa przebitego na krzy\u017cu: \u201eJe\u017celi bowiem, b\u0119d\u0105c nieprzyjaci\u00f3\u0142mi, zostali\u015bmy pojednani z Bogiem przez \u015bmier\u0107 Jego Syna, to tym bardziej, b\u0119d\u0105c ju\u017c pojednani, dost\u0105pimy zbawienia przez Jego \u017cycie\u201d (<em>Rz<\/em> 5, 10).<\/p>\n\n\n\n<p>W sytuacjach przepracowania, l\u0119k\u00f3w, do\u015bwiadczenia w\u0142asnej krucho\u015bci, problem\u00f3w ze zdrowiem, troski o przysz\u0142o\u015b\u0107, z wiar\u0105 i odwag\u0105 przypominamy, \u017ce przez ciemno\u015b\u0107 przebija si\u0119 \u015bwiat\u0142o: odkrywamy, jak ewangelizacja podtrzymywana jest przez moc p\u0142yn\u0105c\u0105 z krzy\u017ca i zmartwychwstania Chrystusa (Bulla <em>Spes non confundit<\/em>, 4). Drodzy ma\u0142\u017conkowie, czy\u017c znakiem wielkiej nadziei dla \u015bwiata nie b\u0119dzie dzi\u015b moment odnawiania przez Was przyrzecze\u0144 ma\u0142\u017ce\u0144skich, gdy przypomnicie \u015bwiatu, \u017ce mi\u0142o\u015b\u0107 jest wi\u0119ksza ni\u017c \u015bmier\u0107?! \u015awiat potrzebuje Waszego \u015bwiadectwa mi\u0142o\u015bci i nadziei, Waszej lekcji mocy sakramentu ma\u0142\u017ce\u0144stwa. W tym, czego do\u015bwiadczacie, niech umocnieniem b\u0119d\u0105 s\u0142owa \u015bw. Jana Paw\u0142a II: \u201eNiech nasza nadzieja b\u0119dzie wi\u0119ksza od wszystkiego, co si\u0119 nadziei mo\u017ce sprzeciwi\u0107\u201d. W dzisiejszym drugim czytaniu \u015bw. Jan wydaje okrzyk zachwytu nad wielko\u015bci\u0105 mi\u0142o\u015bci, kt\u00f3r\u0105 obdarzy\u0142 nas B\u00f3g (por. 1 J 3, 1-2). W Jezusie stali\u015bmy si\u0119 wszyscy synami i c\u00f3rkami Boga. Mo\u017ce za rzadko i zbyt s\u0142abo u\u015bwiadamiamy sobie nasz\u0105 godno\u015b\u0107 bycia dzie\u0107mi Boga.<\/p>\n\n\n\n<p>Drodzy seniorzy, maj\u0105cy poczucie, \u017ce Wasza wiedza i do\u015bwiadczenie mog\u0142yby uratowa\u0107 najbli\u017cszych od pope\u0142nienia niejednego b\u0142\u0119du. Chcemy w tym Roku \u015awi\u0119tym przypomnie\u0107, \u017ce jeste\u015bcie skarbem Ko\u015bcio\u0142a i \u015bwiata. W spos\u00f3b szczeg\u00f3lny chcemy si\u0119 zwr\u00f3ci\u0107 do dziadk\u00f3w i bab\u0107, kt\u00f3rzy przekazujecie wiar\u0119 i m\u0105dro\u015b\u0107 \u017cyciow\u0105 m\u0142odszym pokoleniom. \u017byczymy, aby\u015bcie wsparci wdzi\u0119czno\u015bci\u0105 dzieci oraz mi\u0142o\u015bci\u0105 wnuk\u00f3w, kt\u00f3re znajduj\u0105 w Was zakorzenienie, zrozumienie i otuch\u0119, mogli ogl\u0105da\u0107 pi\u0119kne owoce swojego \u017cycia (Bulla<em> Spes non confundit<\/em>, 14).<\/p>\n\n\n\n<p><a><\/a> Chcemy dzi\u015b razem z Wami, drodzy Bracia i Siostry, zawalczy\u0107 o tera\u017aniejszo\u015b\u0107. Je\u015bli przesz\u0142o\u015b\u0107 jest histori\u0105, a przysz\u0142o\u015b\u0107 tajemnic\u0105, to tera\u017aniejszo\u015b\u0107 jest darem. Jezus przychodzi wi\u0119c do naszej tera\u017aniejszo\u015bci, do naszego dzisiaj, do tego \u015bwiata, do naszych problem\u00f3w i dylemat\u00f3w. Ale nie zapominamy, \u017ce On jest te\u017c Panem przysz\u0142o\u015bci. Dlatego l\u0119k o to, co przed nami, chcemy zast\u0105pi\u0107 nadziej\u0105 i zaufaniem. Cz\u0119sto brakuje nam takiej odwagi i nadziei. Jedn\u0105 z konsekwencji tego jest dzi\u015b utrata pragnienia przekazywania \u017cycia, co ma wiele przyczyn: niepewno\u015b\u0107 jutra, brak gwarancji zatrudnienia i odpowiedniej ochrony socjalnej oraz modele spo\u0142eczne, w kt\u00f3rych program dyktuje pogo\u0144 za zyskiem, a nie piel\u0119gnowanie relacji, kt\u00f3re s\u0105 fundamentem ludzkiego szcz\u0119\u015bcia. Misja dzielenia si\u0119 \u017cyciem potrzebuje wsparcia od nas wszystkich, poniewa\u017c pragnienie m\u0142odych ludzi rodzenia nowych syn\u00f3w i c\u00f3rek, jako owoc p\u0142odno\u015bci ich ma\u0142\u017ce\u0144skiej mi\u0142o\u015bci, daje przysz\u0142o\u015b\u0107 ka\u017cdemu spo\u0142ecze\u0144stwu i jest kwesti\u0105 nadziei: zale\u017cy od nadziei i rodzi nadziej\u0119 (Bulla<em> Spes non confundit<\/em>, 9).<\/p>\n\n\n\n<p>Konieczne jest zatem zwr\u00f3cenie uwagi na wiele dobra obecnego w \u015bwiecie, aby nie ulec pokusie przekonania o byciu pokonanym przez z\u0142o i przemoc. Prawdziw\u0105 szko\u0142\u0105 nadziei jest modlitwa (Benedykt XVI, <em>Spe salvi<\/em>, 32). Ona poszerza nasze serca, przestrzega przed koncentrowaniem na sobie samym, gdy\u017c jest procesem oczyszczenia wewn\u0119trznego, kt\u00f3ry czyni nas otwartymi na Boga, a przez to otwartymi na ludzi. W&nbsp;takim duchu zach\u0119camy do regularnej praktyki modlitwy osobistej, ma\u0142\u017ce\u0144skiej i&nbsp;rodzinnej. W \u017cyciu duchowym tak\u017ce potrzeba konkretnych decyzji. Podejmijmy to wyzwanie; niech to b\u0119dzie codzienna modlitwa w ciszy przez kilka czy kilkana\u015bcie minut. Niech rodzice zadbaj\u0105 o to, by codziennie ukl\u0119kn\u0105\u0107 ze swoimi dzie\u0107mi, pozwalaj\u0105c im modli\u0107 si\u0119 w\u0142asnymi s\u0142owami. Niech modlitwa od dzi\u015b stanie si\u0119 pobo\u017cnym i godnym pochwa\u0142y zwyczajem, z kt\u00f3rego nie b\u0119dziemy rezygnowa\u0107.<\/p>\n\n\n\n<p>Niech ten Rok Jubileuszowy b\u0119dzie czasem wybaczania sobie i innym, ale te\u017c proszenia o wybaczenie. Cz\u0119sto najbardziej bezwzgl\u0119dni w ocenie jeste\u015bmy wobec siebie i najbli\u017cszych. Niech Rok \u015awi\u0119ty przynagli nas do odkrycia Mi\u0142osierdzia Bo\u017cego, kt\u00f3re nie ma granic. Boga, kt\u00f3ry niestrudzony czeka na ka\u017cdego. Zach\u0119caj\u0105c do otwarcia si\u0119 na&nbsp;niesko\u0144czone mi\u0142osierdzie, przypominamy, \u017ce odpust jubileuszowy jest przeznaczony w szczeg\u00f3lny spos\u00f3b dla tych, kt\u00f3rzy odeszli przed nami, aby mogli otrzyma\u0107 pe\u0142ni\u0119 mi\u0142osierdzia (Bulla<em> Spes non confundit<\/em>, 22).<\/p>\n\n\n\n<p>Dzisiaj, w \u015bwi\u0119to \u015awi\u0119tej Rodziny, jeszcze mocniej chcemy przypomnie\u0107, \u017ce jako Ko\u015bci\u00f3\u0142 tworzymy wsp\u00f3lnot\u0119, w kt\u00f3rej nikt nie jest sam. U progu nowego roku kalendarzowego, chcemy Wam, Bracia i Siostry, \u017cyczy\u0107 zaufania i nadziei, jakie mia\u0142a \u015awi\u0119ta Rodzina. Id\u0105c za s\u0142owami psalmu: \u201ePowierz Panu swoj\u0105 drog\u0119 i zaufaj Mu: On sam b\u0119dzie dzia\u0142a\u0142\u201d (Ps 37, 5), warto zwr\u00f3ci\u0107 uwag\u0119, \u017ce zar\u00f3wno Maryja jak i \u015bw. J\u00f3zef, wyj\u015bcia z trudnych sytuacji nie szukali na w\u0142asn\u0105 r\u0119k\u0119. Zaufa\u0107 Bogu, oznacza tak\u017ce zrobi\u0107 Mu miejsce, by m\u00f3g\u0142 dzia\u0142a\u0107.<\/p>\n\n\n\n<p>Podsumowuj\u0105c mijaj\u0105cy czas, b\u0105d\u017amy dla siebie wyrozumiali i doceniajmy dobro, kt\u00f3re by\u0142o naszym udzia\u0142em. Witaj\u0105c rok 2025, pami\u0119tajmy, \u017ce liczba ta jest odliczana od&nbsp;narodzin Jezusa Chrystusa, Pana ludzkich dziej\u00f3w i historii \u015bwiata. Dlatego nie l\u0119k, ale zaufanie i&nbsp;nadzieja niech towarzysz\u0105 nam ka\u017cdego dnia! Dobrej zabawy dla \u015bwi\u0119tuj\u0105cych sylwestra, spokojnej nocy dla witaj\u0105cych go w ciszy. Wielkich owoc\u00f3w Roku Jubileuszowego: \u0142aski, nadziei, przebaczenia, a nade wszystko mi\u0142o\u015bci.<\/p>\n\n\n\n<div style=\"height:25px\" aria-hidden=\"true\" class=\"wp-block-spacer\"><\/div>\n\n\n\n<p class=\"has-text-align-center\">Podpisali pasterze Ko\u015bcio\u0142a katolickiego w Polsce<br>obecni na 399. Zebraniu Plenarnym Konferencji Episkopatu Polski<br>na Jasnej G\u00f3rze, 19 listopada 2024 roku<\/p>\n\n\n\n<div style=\"height:40px\" aria-hidden=\"true\" class=\"wp-block-spacer\"><\/div>\n","protected":false},"excerpt":{"rendered":"","protected":false},"author":3,"featured_media":8555,"comment_status":"closed","ping_status":"closed","sticky":false,"template":"","format":"standard","meta":{"_lmt_disableupdate":"","_lmt_disable":"","footnotes":""},"categories":[1],"tags":[],"class_list":["post-8554","post","type-post","status-publish","format-standard","has-post-thumbnail","hentry","category-bez-kategorii"],"_links":{"self":[{"href":"https:\/\/swiety-jozef.pl\/index.php\/wp-json\/wp\/v2\/posts\/8554","targetHints":{"allow":["GET"]}}],"collection":[{"href":"https:\/\/swiety-jozef.pl\/index.php\/wp-json\/wp\/v2\/posts"}],"about":[{"href":"https:\/\/swiety-jozef.pl\/index.php\/wp-json\/wp\/v2\/types\/post"}],"author":[{"embeddable":true,"href":"https:\/\/swiety-jozef.pl\/index.php\/wp-json\/wp\/v2\/users\/3"}],"replies":[{"embeddable":true,"href":"https:\/\/swiety-jozef.pl\/index.php\/wp-json\/wp\/v2\/comments?post=8554"}],"version-history":[{"count":2,"href":"https:\/\/swiety-jozef.pl\/index.php\/wp-json\/wp\/v2\/posts\/8554\/revisions"}],"predecessor-version":[{"id":8557,"href":"https:\/\/swiety-jozef.pl\/index.php\/wp-json\/wp\/v2\/posts\/8554\/revisions\/8557"}],"wp:featuredmedia":[{"embeddable":true,"href":"https:\/\/swiety-jozef.pl\/index.php\/wp-json\/wp\/v2\/media\/8555"}],"wp:attachment":[{"href":"https:\/\/swiety-jozef.pl\/index.php\/wp-json\/wp\/v2\/media?parent=8554"}],"wp:term":[{"taxonomy":"category","embeddable":true,"href":"https:\/\/swiety-jozef.pl\/index.php\/wp-json\/wp\/v2\/categories?post=8554"},{"taxonomy":"post_tag","embeddable":true,"href":"https:\/\/swiety-jozef.pl\/index.php\/wp-json\/wp\/v2\/tags?post=8554"}],"curies":[{"name":"wp","href":"https:\/\/api.w.org\/{rel}","templated":true}]}}