{"id":8533,"date":"2024-12-21T21:23:31","date_gmt":"2024-12-21T20:23:31","guid":{"rendered":"https:\/\/swiety-jozef.pl\/?p=8533"},"modified":"2024-12-22T19:52:07","modified_gmt":"2024-12-22T18:52:07","slug":"ogloszenia-duszpasterskie-22-12-2024-r","status":"publish","type":"post","link":"https:\/\/swiety-jozef.pl\/index.php\/2024\/12\/21\/ogloszenia-duszpasterskie-22-12-2024-r\/","title":{"rendered":"Og\u0142oszenia duszpasterskie 22.12.2024 r."},"content":{"rendered":"\n<!--more-->\n\n\n\n<p class=\"has-text-align-right\">Nowa S\u00f3l 22.12.2024<\/p>\n\n\n\n<h4 class=\"wp-block-heading has-text-align-center\">Og\u0142oszenia duszpasterskie<br>IV Niedziela Adwentu rok C<\/h4>\n\n\n\n<div style=\"height:25px\" aria-hidden=\"true\" class=\"wp-block-spacer\"><\/div>\n\n\n\n<ol class=\"wp-block-list\">\n<li>Dzisiaj <strong>4 niedziela Adwentu.<\/strong><\/li>\n\n\n\n<li><strong>Betlejemskie \u015awiat\u0142o Pokoju, kt\u00f3re przekazali harcerze, mo\u017cna przej\u0105\u0107 po wszystkich mszach \u015bw. do 24 grudnia.<\/strong><\/li>\n\n\n\n<li><strong>Bardzo serdecznie dzi\u0119kujemy za przegotowanie dekoracji w naszym ko\u015bciele; panom za przywiezienie i ustawienie choinek, pa\u0144stwu \u0141uckim za transport, ksi\u0119\u017com, szafarzom, ministrantom za przygotowanie szopki, p. Magdalenie Rybi\u0144skiej i s. Marii za aran\u017cacje szopki.<\/strong><\/li>\n\n\n\n<li><strong>Zaproszenie na kol\u0119d\u0119 sk\u0142adamy uzupe\u0142niaj\u0105c dane zaznaczone na kopercie, kt\u00f3ra znajduje si\u0119 wraz z op\u0142atkami.<\/strong><\/li>\n\n\n\n<li><strong>W poniedzia\u0142ek zako\u0144czenie rorat o godz. 17<\/strong><sup><strong>00<\/strong><\/sup><strong> dla dzieci \u2013 dzieci zapraszamy z planszami<\/strong><\/li>\n\n\n\n<li>Przy drzwiach g\u0142\u00f3wnych ko\u015bcio\u0142a rozprowadzamy <strong>\u015bwiece na st\u00f3\u0142 wigilijny<\/strong>, jako <strong>Wigilijne Dzie\u0142o pomocy Dzieciom \/<\/strong>ma\u0142e 10 z\u0142, <em>du\u017ce 20 z\u0142\/<\/em><\/li>\n\n\n\n<li><strong>Przy wyj\u015bciu z ko\u015bcio\u0142a mo\u017cna naby\u0107 parafialny kalendarz \u2013 dobrowolna ofiara jest przeznaczona na op\u0142aty zwi\u0105zane z utrzymaniem budynku naszego ko\u015bcio\u0142a.<\/strong><\/li>\n\n\n\n<li><strong>Parafialny Zesp\u00f3\u0142 Caritas<\/strong> bardzo dzi\u0119kuje za<strong> \u017cywno\u015bci dla najbardziej potrzebuj\u0105cych, w minionym tygodniu przekazali\u015bmy 58 paczek dla 28 rodzin. B\u00f3g zap\u0142a\u0107.<\/strong><\/li>\n\n\n\n<li><strong>W wtorek Wigilia<\/strong><strong>Bo\u017cego Narodzenia. Msza Roratnia o godz. 6<\/strong><sup><strong>30<\/strong><\/sup><\/li>\n\n\n\n<li><strong>W wigili\u0119, zgodnie z wielowiekow\u0105 tradycj\u0105, zachowajmy wstrzemi\u0119\u017aliwo\u015b\u0107 od pokarm\u00f3w mi\u0119snych. <\/strong>Prosimy te\u017c o zachowanie naszej polskiej tradycji wigilijnej, kt\u00f3ra nakazuje organizowanie g\u0142\u00f3wnego posi\u0142ku w godzinach wieczornych, jako<strong> Wieczerzy wigilijnej z odczytaniem Ewangelii o Narodzeniu P. Jezusa, dzieleniem si\u0119 op\u0142atkiem i sk\u0142adaniem sobie \u017cycze\u0144. Bardzo gor\u0105co prosimy o zachowanie ca\u0142kowitej wstrzemi\u0119\u017aliwo\u015bci od napoj\u00f3w alkoholowych podczas wigilijnego posi\u0142ku.<\/strong><\/li>\n\n\n\n<li><strong>Pasterki w naszej parafii odb\u0119d\u0105 si\u0119<\/strong>: <strong>godz. 22<\/strong><sup><strong>00 <\/strong><\/sup><strong>i o godz. 24<\/strong><sup><strong>00<\/strong><\/sup><\/li>\n\n\n\n<li><strong>Taca z pasterek przeznaczona jest na Fundusz Ochrony Dziecka i Matki<\/strong><\/li>\n\n\n\n<li>W <strong>Uroczysto\u015b\u0107 Bo\u017cego Narodzenia Msze \u015bw<\/strong>. w naszym ko\u015bciele<strong>: o godz.:<\/strong><strong> 9<\/strong><sup><strong>30<\/strong><\/sup><strong>,11<\/strong><sup><strong>00<\/strong><\/sup><strong>, 12<\/strong><sup><strong>30<\/strong><\/sup><strong>,14<\/strong><sup><strong>00<\/strong><\/sup><strong>, 18<\/strong><sup><strong>30<\/strong><\/sup> <strong>(nie b\u0119dzie Mszy o godzinie 7<\/strong><sup><strong>30)<\/strong><\/sup><\/li>\n\n\n\n<li><strong>W czwartek drugi dzie\u0144 \u015bwi\u0105t<\/strong> &#8211; <strong>\u015bwi\u0119to \u015bw. Szczepana<\/strong>. <strong>Msze \u015bw. jak w niedziele.<\/strong> Taca przeznaczona na KUL i Instytut Filozoficzno \u2013 teologiczny w Zielonej G\u00f3rze.<\/li>\n\n\n\n<li>W pi\u0105tek <strong>\u015bw. Jana Ewangelisty<\/strong> \u2013 na Mszy \u015bw. <strong>o godz. 18<\/strong><sup><strong>00 <\/strong><\/sup><strong>po\u015bwi\u0119cenie wina.<\/strong><\/li>\n\n\n\n<li>W sobot\u0119 <strong>\u015awi\u0119tych M\u0142odziank\u00f3w<\/strong> \u2013 <strong>na Mszy \u015bw.<\/strong> <strong>o godz. 18<\/strong><sup><strong>00<\/strong><\/sup><strong> b\u0142ogos\u0142awie\u0144stwo dzieci<\/strong>.<\/li>\n\n\n\n<li><strong>W pi\u0105tek z racji \u015bwi\u0105t udzielam dyspensy od pokarm\u00f3w mi\u0119snych na terenie naszej parafii.<\/strong><\/li>\n\n\n\n<li><strong>W przysz\u0142\u0105 niedziele \u015aw. Rodziny odpust w Lubieszowie &#8211; suma o godz. 13<\/strong><sup><strong>00<\/strong><\/sup><\/li>\n\n\n\n<li><strong>W przysz\u0142\u0105 niedziele rozpocz\u0119cie Roku Jubileuszowego \u2013 szczeg\u00f3\u0142y w przysz\u0142\u0105 niedziele<\/strong>.<\/li>\n\n\n\n<li><strong>Kol\u0119d\u0119 rozpoczniemy 27 grudnia \u2013 kompletujemy zaproszenia &#8211; dok\u0142adny plan kol\u0119dy og\u0142osimy we wtorek, wywiesimy w gablotach i umie\u015bcimy na stronie internetowej parafii.<\/strong><\/li>\n\n\n\n<li><strong><em>Dzi\u0119kujemy za ofiary tac\u0119 i za przelew na konto parafii. B\u00f3g Zap\u0142a\u0107. Numer konta bankowego parafii: 58 9673 0007 0000 0300 4864 0001<\/em><\/strong><\/li>\n\n\n\n<li><strong>Dzieci klas III po Mszy \u015bw. prosimy o pozostanie w ko\u015bciele po wpisy do dzienniczk\u00f3w; dzieci klas II i m\u0142odsze zapraszamy do kaplicy po naklejki z dzisiejszej ewangelii.<\/strong><\/li>\n\n\n\n<li><strong>Dzi\u0119kujemy<\/strong> 5<strong> osobom<\/strong><strong> z ul<\/strong><strong>. <\/strong><strong>Armii Krajowej blok 5; 6;7<\/strong><strong> i 3 osobom ch\u0119tnym<\/strong> za sprz\u0105tanie ko\u015bcio\u0142a i ofiary na kwiaty. <strong>Msza \u015bw. za te rodziny 10. I. 25 o godz 7<\/strong><sup><strong>00<\/strong><\/sup>.<\/li>\n\n\n\n<li> <strong>W sobot\u0119 o godz. 9<\/strong><sup><strong>00<\/strong><\/sup><strong> do sprz\u0105tania ko\u015bcio\u0142a zapraszam wiernych zamieszka\u0142ych na ul. Przysz\u0142o\u015bci blok 1 i blok 3.<\/strong><\/li>\n\n\n\n<li><strong>Zach\u0119camy do lektury i zakupu prasy katolickiej: Niedziela, Go\u015b\u0107 Niedzielny, Ma\u0142y Go\u015b\u0107.<\/strong><\/li>\n\n\n\n<li><strong>W minionym tygodniu z naszej parafii zmarli:<\/strong> Maria Rozmianiec z ul. D\u0142ugosza<\/li>\n\n\n\n<li><strong>Pozdrawiamy wszystkich chorych, pami\u0119tamy o Was w modlitwie, \u017cycz\u0105c szybkiego powrotu do zdrowia. <\/strong><strong>Wszystkim parafianom<\/strong><strong> i go\u015bciom \u017cyczymy dobrej niedzieli i Bo\u017cego b\u0142ogos\u0142awie\u0144stwa.<\/strong><\/li>\n<\/ol>\n\n\n\n<p class=\"has-text-align-right\">Ks. Krzysztof Kocz<br>Proboszcz<\/p>\n\n\n\n<div style=\"height:40px\" aria-hidden=\"true\" class=\"wp-block-spacer\"><\/div>\n","protected":false},"excerpt":{"rendered":"","protected":false},"author":3,"featured_media":3316,"comment_status":"closed","ping_status":"closed","sticky":false,"template":"","format":"standard","meta":{"_lmt_disableupdate":"","_lmt_disable":"","footnotes":""},"categories":[19],"tags":[],"class_list":["post-8533","post","type-post","status-publish","format-standard","has-post-thumbnail","hentry","category-ogloszenia"],"_links":{"self":[{"href":"https:\/\/swiety-jozef.pl\/index.php\/wp-json\/wp\/v2\/posts\/8533","targetHints":{"allow":["GET"]}}],"collection":[{"href":"https:\/\/swiety-jozef.pl\/index.php\/wp-json\/wp\/v2\/posts"}],"about":[{"href":"https:\/\/swiety-jozef.pl\/index.php\/wp-json\/wp\/v2\/types\/post"}],"author":[{"embeddable":true,"href":"https:\/\/swiety-jozef.pl\/index.php\/wp-json\/wp\/v2\/users\/3"}],"replies":[{"embeddable":true,"href":"https:\/\/swiety-jozef.pl\/index.php\/wp-json\/wp\/v2\/comments?post=8533"}],"version-history":[{"count":2,"href":"https:\/\/swiety-jozef.pl\/index.php\/wp-json\/wp\/v2\/posts\/8533\/revisions"}],"predecessor-version":[{"id":8542,"href":"https:\/\/swiety-jozef.pl\/index.php\/wp-json\/wp\/v2\/posts\/8533\/revisions\/8542"}],"wp:featuredmedia":[{"embeddable":true,"href":"https:\/\/swiety-jozef.pl\/index.php\/wp-json\/wp\/v2\/media\/3316"}],"wp:attachment":[{"href":"https:\/\/swiety-jozef.pl\/index.php\/wp-json\/wp\/v2\/media?parent=8533"}],"wp:term":[{"taxonomy":"category","embeddable":true,"href":"https:\/\/swiety-jozef.pl\/index.php\/wp-json\/wp\/v2\/categories?post=8533"},{"taxonomy":"post_tag","embeddable":true,"href":"https:\/\/swiety-jozef.pl\/index.php\/wp-json\/wp\/v2\/tags?post=8533"}],"curies":[{"name":"wp","href":"https:\/\/api.w.org\/{rel}","templated":true}]}}