{"id":8526,"date":"2024-12-14T21:10:43","date_gmt":"2024-12-14T20:10:43","guid":{"rendered":"https:\/\/swiety-jozef.pl\/?p=8526"},"modified":"2024-12-14T21:10:46","modified_gmt":"2024-12-14T20:10:46","slug":"program-rekolekcji-adwentowych-2024","status":"publish","type":"post","link":"https:\/\/swiety-jozef.pl\/index.php\/2024\/12\/14\/program-rekolekcji-adwentowych-2024\/","title":{"rendered":"Program rekolekcji adwentowych 2024"},"content":{"rendered":"\n<!--more-->\n\n\n\n<div style=\"height:25px\" aria-hidden=\"true\" class=\"wp-block-spacer\"><\/div>\n\n\n\n<h4 class=\"wp-block-heading has-text-align-center has-vivid-red-color has-text-color has-link-color wp-elements-c7ce2207fc2590678b04577081fe162f\"><strong>PROGRAM REKOLEKCJI ADWENTOWYCH 2024<\/strong><\/h4>\n\n\n\n<p class=\"has-text-align-center has-vivid-red-color has-text-color has-link-color has-medium-font-size wp-elements-87d49b5800af8c0c34143e0aa1a75c81\"><strong>o. Piotr Reizner<\/strong><\/p>\n\n\n\n<p class=\"has-vivid-cyan-blue-color has-text-color has-link-color wp-elements-fe842b52cb478119ca75859a0f59d0d6\"><strong>Sobota 14.12.2024<\/strong><\/p>\n\n\n\n<p><strong>Godz. 18<\/strong><sup><strong>00 <\/strong><\/sup><strong>Msza \u015bw. i rozpocz\u0119cie rekolekcji<\/strong><\/p>\n\n\n\n<div style=\"height:20px\" aria-hidden=\"true\" class=\"wp-block-spacer\"><\/div>\n\n\n\n<p class=\"has-vivid-cyan-blue-color has-text-color has-link-color wp-elements-84718db02188ecd418f8dbccd06a510a\"><strong>Niedziela 15.12.2024<\/strong><\/p>\n\n\n\n<p><strong>Msza \u015bw. z nauk\u0105 og\u00f3ln\u0105: 7<\/strong><sup><strong>30<\/strong><\/sup><strong>, 9<\/strong><sup><strong>30<\/strong><\/sup><strong>, 11<\/strong><sup><strong>00<\/strong><\/sup><strong> dla dzieci, 12<\/strong><sup><strong>30<\/strong><\/sup><strong>, 14<\/strong><sup><strong>00<\/strong><\/sup><strong>, 18<\/strong><sup><strong>30<\/strong><\/sup><\/p>\n\n\n\n<div style=\"height:20px\" aria-hidden=\"true\" class=\"wp-block-spacer\"><\/div>\n\n\n\n<p class=\"has-vivid-cyan-blue-color has-text-color has-link-color wp-elements-8998120601ca2f81127676147af7eb69\"><strong>Poniedzia\u0142ek 16.12.2024<\/strong><\/p>\n\n\n\n<p><strong>Godz. 6<\/strong><sup><strong>30 <\/strong><\/sup><strong>Msza \u015bw. Roratnia z nauk\u0105<\/strong><\/p>\n\n\n\n<p><strong>Godz. 9<\/strong><sup><strong>00 <\/strong><\/sup><strong>Msza \u015bw. z nauk\u0105 dla wszystkich<\/strong><\/p>\n\n\n\n<p class=\"has-vivid-red-color has-text-color has-link-color wp-elements-1a1f204ac6ace1112bc226242c0d26e2\"><strong>Godz. 11<\/strong><sup><strong>00 <\/strong><\/sup><strong>m\u0142odzie\u017c klas IV<\/strong><\/p>\n\n\n\n<p class=\"has-vivid-red-color has-text-color has-link-color wp-elements-dd278ac097a76715c76ba7336c1e940c\"><strong>Godz. 12<\/strong><sup><strong>00 <\/strong><\/sup><strong>m\u0142odzie\u017c klas V \u2013 VI<\/strong><\/p>\n\n\n\n<p class=\"has-vivid-red-color has-text-color has-link-color wp-elements-336f5292f6465894f6913a8d11586896\"><strong>Godz. 13<\/strong><sup><strong>00 <\/strong><\/sup><strong>m\u0142odzie\u017c klas VII &#8211; VIII<\/strong><\/p>\n\n\n\n<p><strong>Godz. 17<\/strong><sup><strong>00 <\/strong><\/sup><strong>Msza \u015bw. Roratnia z nauk\u0105 rekolekcyjn\u0105 dla dzieci i m\u0142odzie\u017cy szk\u00f3\u0142<\/strong> <strong>podstawowych<\/strong><\/p>\n\n\n\n<p><a><\/a> <strong>Godz. 18<\/strong><sup><strong>00<\/strong><\/sup><strong> Msza \u015bw. z nauk\u0105 dla wszystkich<\/strong><\/p>\n\n\n\n<div style=\"height:20px\" aria-hidden=\"true\" class=\"wp-block-spacer\"><\/div>\n\n\n\n<p class=\"has-vivid-cyan-blue-color has-text-color has-link-color wp-elements-5f2f7d30a95ceb18bc608b4b802b0185\"><strong>Wtorek 17.12.2024<\/strong><\/p>\n\n\n\n<p class=\"has-vivid-green-cyan-color has-text-color has-link-color wp-elements-26fd097c6d2db422f31df60d32da0c81\"><strong>Godz. 6<\/strong><sup><strong>00 <\/strong><\/sup><strong>\u2013 7<\/strong><sup><strong>15 <\/strong><\/sup><strong>spowied\u017a \u015bw. adwentowa<\/strong><\/p>\n\n\n\n<p><strong>Godz. 6<\/strong><sup><strong>30 <\/strong><\/sup><strong>Msza \u015bw. Roratnia z nauk\u0105<\/strong><\/p>\n\n\n\n<p class=\"has-vivid-green-cyan-color has-text-color has-link-color wp-elements-3029babc776ce271cf0e41524dbc7871\"><strong>Godz. 8<\/strong><sup><strong>30 <\/strong><\/sup><strong>\u2013 9<\/strong><sup><strong>30 <\/strong><\/sup><strong>spowied\u017a \u015bw. adwentowa<\/strong><\/p>\n\n\n\n<p><strong>Godz. 9<\/strong><sup><strong>00 <\/strong><\/sup><strong>Msza \u015bw. z nauk\u0105<\/strong><\/p>\n\n\n\n<p class=\"has-vivid-green-cyan-color has-text-color has-link-color wp-elements-8b521b5d0008f4757451fc235a690661\"><strong>Godz. 16<\/strong><sup><strong>30 <\/strong><\/sup><strong>\u2013 17<\/strong><sup><strong>30 <\/strong><\/sup><strong>spowied\u017a \u015bw. adwentowa dla rodzic\u00f3w z dzie\u0107mi<\/strong><\/p>\n\n\n\n<p><strong>Godz 17<\/strong><sup><strong>00 <\/strong><\/sup><strong>Msza \u015bw. Roratnia z nauk\u0105 rekolekcyjn\u0105 dla dzieci i m\u0142odzie\u017cy szk\u00f3\u0142<\/strong> <strong>podstawowych<\/strong><\/p>\n\n\n\n<p class=\"has-vivid-green-cyan-color has-text-color has-link-color wp-elements-dd8eea9955c86426d2a911062daa593f\"><strong>Godz. 17<\/strong><sup><strong>30 <\/strong><\/sup><strong>\u2013 18<\/strong><sup><strong>30 <\/strong><\/sup><strong>spowied\u017a \u015bw. adwentowa dla rodzic\u00f3w z m\u0142odzie\u017c\u0105<\/strong><\/p>\n\n\n\n<p><strong>Godz. 18<\/strong><sup><strong>00<\/strong><\/sup><strong> Msza \u015bw. z nauk\u0105 dla doros\u0142ych<\/strong><\/p>\n\n\n\n<div style=\"height:40px\" aria-hidden=\"true\" class=\"wp-block-spacer\"><\/div>\n","protected":false},"excerpt":{"rendered":"","protected":false},"author":3,"featured_media":8527,"comment_status":"closed","ping_status":"closed","sticky":false,"template":"","format":"standard","meta":{"_lmt_disableupdate":"","_lmt_disable":"","footnotes":""},"categories":[1],"tags":[],"class_list":["post-8526","post","type-post","status-publish","format-standard","has-post-thumbnail","hentry","category-bez-kategorii"],"_links":{"self":[{"href":"https:\/\/swiety-jozef.pl\/index.php\/wp-json\/wp\/v2\/posts\/8526","targetHints":{"allow":["GET"]}}],"collection":[{"href":"https:\/\/swiety-jozef.pl\/index.php\/wp-json\/wp\/v2\/posts"}],"about":[{"href":"https:\/\/swiety-jozef.pl\/index.php\/wp-json\/wp\/v2\/types\/post"}],"author":[{"embeddable":true,"href":"https:\/\/swiety-jozef.pl\/index.php\/wp-json\/wp\/v2\/users\/3"}],"replies":[{"embeddable":true,"href":"https:\/\/swiety-jozef.pl\/index.php\/wp-json\/wp\/v2\/comments?post=8526"}],"version-history":[{"count":2,"href":"https:\/\/swiety-jozef.pl\/index.php\/wp-json\/wp\/v2\/posts\/8526\/revisions"}],"predecessor-version":[{"id":8529,"href":"https:\/\/swiety-jozef.pl\/index.php\/wp-json\/wp\/v2\/posts\/8526\/revisions\/8529"}],"wp:featuredmedia":[{"embeddable":true,"href":"https:\/\/swiety-jozef.pl\/index.php\/wp-json\/wp\/v2\/media\/8527"}],"wp:attachment":[{"href":"https:\/\/swiety-jozef.pl\/index.php\/wp-json\/wp\/v2\/media?parent=8526"}],"wp:term":[{"taxonomy":"category","embeddable":true,"href":"https:\/\/swiety-jozef.pl\/index.php\/wp-json\/wp\/v2\/categories?post=8526"},{"taxonomy":"post_tag","embeddable":true,"href":"https:\/\/swiety-jozef.pl\/index.php\/wp-json\/wp\/v2\/tags?post=8526"}],"curies":[{"name":"wp","href":"https:\/\/api.w.org\/{rel}","templated":true}]}}