{"id":8524,"date":"2024-12-14T19:55:43","date_gmt":"2024-12-14T18:55:43","guid":{"rendered":"https:\/\/swiety-jozef.pl\/?p=8524"},"modified":"2024-12-14T19:55:46","modified_gmt":"2024-12-14T18:55:46","slug":"ogloszenia-duszpasterskie-15-12-2024-r","status":"publish","type":"post","link":"https:\/\/swiety-jozef.pl\/index.php\/2024\/12\/14\/ogloszenia-duszpasterskie-15-12-2024-r\/","title":{"rendered":"Og\u0142oszenia duszpasterskie 15.12.2024 r."},"content":{"rendered":"\n<!--more-->\n\n\n\n<p class=\"has-text-align-right\">Nowa S\u00f3l 15.12.2024<\/p>\n\n\n\n<h4 class=\"wp-block-heading has-text-align-center\">Og\u0142oszenia duszpasterskie<br>III Niedziela Adwentu rok C<\/h4>\n\n\n\n<div style=\"height:25px\" aria-hidden=\"true\" class=\"wp-block-spacer\"><\/div>\n\n\n\n<ol class=\"wp-block-list\">\n<li><strong>W dzisiejsz\u0105 niedziele nasza parafia prze\u017cywa jubileusz 40 lecia. Zapraszam na Msz\u0119 \u015bw. o godz. 12<\/strong><sup><u><strong>30<\/strong><\/u><\/sup><strong> w intencji wszystkich zaanga\u017cowanych w powstanie naszej parafii na czele z ks. pra\u0142atem J\u00f3zefem Koco\u0142em. B\u0119dziemy w modlitwie dzi\u0119kczynnej modli\u0107 si\u0119 za zmar\u0142ych i prosi\u0107 o Bo\u017ce b\u0142ogos\u0142awie\u0144stwo dla \u017cyj\u0105cych parafian.<\/strong><\/li>\n\n\n\n<li><strong>Od dzisiejszej niedzieli 15 XII do wtorku 17 XII zapraszamy na Rekolekcje Adwentowe, pod przewodnictwem <\/strong><strong>franciszkanina o<\/strong>. <strong>Piotra Reiznera \u2013 pochodz\u0105cy z naszej parafii, witamy Go bardzo serdecznie i pami\u0119tajmy w modlitwie.<\/strong><\/li>\n\n\n\n<li><strong>Plan rekolekcji<\/strong><\/li>\n\n\n\n<li><strong>Serdecznie zapraszamy na Miejsk\u0105 Wigili\u0119, kt\u00f3ra odb\u0119dzie si\u0119 dzisiaj 15 grudnia, na Placu \u201eRe Odra\u201d przy wie\u017cy w godzinach od 17<\/strong><sup><strong>00<\/strong><\/sup><strong> do 19<\/strong><sup><strong>00<\/strong><\/sup><strong>.<\/strong><\/li>\n\n\n\n<li>Zapraszamy na <strong>Msze \u015bw. Roratnie,<\/strong> we wszystkie dni powszednie: <strong>rano o godz. 6<\/strong><sup><strong>30<\/strong><\/sup> i <strong>wieczorem od poniedzia\u0142ku do pi\u0105tku o godz. 17<\/strong><sup><strong>00 <\/strong><\/sup><strong>\/<\/strong>z my\u015bl\u0105 o dzieciach\/. Dzieci <strong>przychodz\u0105 z lampionami.<\/strong><\/li>\n\n\n\n<li><strong>W \u015brod\u0119 o godz. 18<\/strong><sup><strong>00<\/strong><\/sup><strong> Nowenna do Matki Bo\u017cej Nieustaj\u0105cej Pomocy i \u015bw. J\u00f3zefa.<\/strong><\/li>\n\n\n\n<li><strong>Po\u015bwi\u0119cone op\u0142atki mo\u017cna osobi\u015bcie odebra\u0107 po ka\u017cdej Mszy \u015bw. w zakrystii lub kancelarii w godzinach jej urz\u0119dowania. <\/strong><strong>Ofiary za op\u0142atki s\u0105 przeznaczone na utrzymanie ko\u015bcio\u0142a<\/strong>, <strong>ofiar nie sk\u0142adamy przy odbiorze op\u0142atk\u00f3w, tradycyjnie ofiary sk\u0142adamy do kopert.<\/strong><\/li>\n\n\n\n<li><strong>Zaproszenie na kol\u0119d\u0119 sk\u0142adamy uzupe\u0142niaj\u0105c dane zaznaczone na kopercie, kt\u00f3ra znajduje si\u0119 wraz z op\u0142atkami.<\/strong><\/li>\n\n\n\n<li><strong>Przy drzwiach g\u0142\u00f3wnych ko\u015bcio\u0142a rozprowadzamy \u015bwiece na st\u00f3\u0142 wigilijny, jako Wigilijne Dzie\u0142o pomocy Dzieciom <\/strong><em><strong>\/<\/strong><\/em><em>ma\u0142e 10 z\u0142, du\u017ce 20 z\u0142\/<\/em><\/li>\n\n\n\n<li><strong>Przy wyj\u015bciu g\u0142\u00f3wnym mo\u017cna naby\u0107 kalendarze parafialne na rok 2025 \u2013 ofiary s\u0105 przeznaczone na potrzeby naszego ko\u015bcio\u0142a<\/strong><\/li>\n\n\n\n<li><strong>Parafialny Zesp\u00f3\u0142 Caritas<\/strong> organizuje <strong>zbi\u00f3rk\u0119 \u017cywno\u015bci dla najbardziej potrzebuj\u0105cych <\/strong>w parafii. Przed o\u0142tarzem w kaplicy i ko\u015bciele s\u0105 wystawiane kosze. <strong>B\u00f3g zap\u0142a\u0107.<\/strong><\/li>\n\n\n\n<li><strong>Je\u017celi w swoim otoczeniu znamy osoby potrzebuj\u0105ce pomocy \u017cywno\u015bciowej lub sami takiej pomocy potrzebujemy, to prosz\u0119 o zg\u0142oszeni tych rodzin w zakrystii.<\/strong><\/li>\n\n\n\n<li><strong>W pi\u0105tek na godz. 9<\/strong><sup><strong>00<\/strong><\/sup><strong> zapraszam pan\u00f3w do przywiezienia i ustawienia choinek w ko\u015bciele. Osoby mog\u0105ce pom\u00f3c prosz\u0119 o zg\u0142oszenie si\u0119 w zakrystii po mszy \u015bw. Po mszy wieczornej b\u0119dziemy budowa\u0107 szopk\u0119.<\/strong><\/li>\n\n\n\n<li><strong>W przysz\u0142\u0105 sobot\u0119 odwied\u017amy chorych z pos\u0142ug\u0105 sakramentaln\u0105 i Komunia \u015bw. na czas \u015bwi\u0105t Bo\u017cego Naradzenia, nowych chorych mo\u017cna zg\u0142asza\u0107 w zakrystii<\/strong><\/li>\n\n\n\n<li><strong>Rada Rodzic\u00f3w Szko\u0142y Katolickiej wraz z uczniami i nauczycielami zapraszaj\u0105 na kiermasz ozd\u00f3b \u015bwi\u0105tecznych po\u0142\u0105czony ze s\u0142odk\u0105 kawiarenk\u0105, w dniu dzisiejszym w godzinach od 9<\/strong><sup><strong>00<\/strong><\/sup><strong> do 15<\/strong><sup><strong>00<\/strong><\/sup><strong> w budynku szko\u0142y.<\/strong><\/li>\n\n\n\n<li><strong>Dzieci klas III po Mszy \u015bw. prosimy o pozostanie w ko\u015bciele po wpisy do dzienniczk\u00f3w; dzieci klas II i m\u0142odsze zapraszamy do kaplicy po naklejki z dzisiejszej ewangelii.<\/strong><\/li>\n\n\n\n<li><strong><em>Dzi\u0119kujemy za ofiary na tac\u0119 i za przelewy na konto parafii. B\u00f3g Zap\u0142a\u0107. Numer konta bankowego parafii: 58 9673 0007 0000 0300 4864 0001.<\/em><\/strong><\/li>\n\n\n\n<li><strong>Dzisiaj 3 niedziela miesi\u0105ca \u2013 taca przeznaczona na potrzeby parafii, za wszelk\u0105 trosk\u0119 \u2013 B\u00f3g zap\u0142a\u0107<\/strong><\/li>\n\n\n\n<li>Dzi\u0119kujemy<strong> 6 osobom<\/strong><strong> z ul<\/strong><strong>. <\/strong><strong>Armii Krajowej blok 3 i 4, <\/strong><strong>4 dzieci<\/strong> i <strong>2 osobom ch\u0119tnym<\/strong> za sprz\u0105tanie ko\u015bcio\u0142a i ofiary na kwiaty. <strong>Msza \u015bw. za te rodziny 9. I. 25 o godz 7<\/strong><sup><strong>00<\/strong><\/sup> .<\/li>\n\n\n\n<li><strong>W sobot\u0119 o godz. 9<\/strong><sup><strong>00<\/strong><\/sup><strong> do sprz\u0105tania ko\u015bcio\u0142a zapraszam wiernych zamieszka\u0142ych na ul. Armii Krajowej blok 5, blok 6, blok 7 i te osoby, kt\u00f3re w wyznaczonych terminach nie mog\u0142y przyj\u015b\u0107 i osoby ch\u0119tne, b\u0119dziemy sprz\u0105ta\u0107 ko\u015bci\u00f3\u0142 po ustawianych ju\u017c dekoracjach Bo\u017conarodzeniowych.<\/strong><\/li>\n\n\n\n<li><strong>Zach\u0119camy do zakupu prasy katolickiej: Niedziela, Go\u015b\u0107 Niedzielny, Ma\u0142y Go\u015b\u0107.<\/strong><\/li>\n\n\n\n<li><strong>W minionym tygodniu z naszej parafii zmarli:<\/strong> Alina <strong>Hucko<\/strong> z ul. Reymonta; Ryszard <strong>Porada<\/strong> z ul. Legnickiej w Ko\u017cuchowie; Danuta <strong>R\u0105czka<\/strong> z ul. 1 Maja<strong>; <\/strong>W\u0142adys\u0142aw <strong>Zbyski<\/strong>, ul. Sienkiewicza<\/li>\n\n\n\n<li> <strong>Pozdrawiamy wszystkich chorych, pami\u0119tamy o Was w modlitwie, \u017cycz\u0105c szybkiego powrotu do zdrowia. <\/strong><strong>Wszystkim parafianom<\/strong><strong> i go\u015bciom \u017cyczymy dobrej niedzieli i Bo\u017cego b\u0142ogos\u0142awie\u0144stwa.<\/strong><\/li>\n<\/ol>\n\n\n\n<p class=\"has-text-align-right\">Ks. Krzysztof Kocz<br>Proboszcz<\/p>\n\n\n\n<div style=\"height:40px\" aria-hidden=\"true\" class=\"wp-block-spacer\"><\/div>\n","protected":false},"excerpt":{"rendered":"","protected":false},"author":3,"featured_media":3316,"comment_status":"closed","ping_status":"closed","sticky":false,"template":"","format":"standard","meta":{"_lmt_disableupdate":"","_lmt_disable":"","footnotes":""},"categories":[19],"tags":[],"class_list":["post-8524","post","type-post","status-publish","format-standard","has-post-thumbnail","hentry","category-ogloszenia"],"_links":{"self":[{"href":"https:\/\/swiety-jozef.pl\/index.php\/wp-json\/wp\/v2\/posts\/8524","targetHints":{"allow":["GET"]}}],"collection":[{"href":"https:\/\/swiety-jozef.pl\/index.php\/wp-json\/wp\/v2\/posts"}],"about":[{"href":"https:\/\/swiety-jozef.pl\/index.php\/wp-json\/wp\/v2\/types\/post"}],"author":[{"embeddable":true,"href":"https:\/\/swiety-jozef.pl\/index.php\/wp-json\/wp\/v2\/users\/3"}],"replies":[{"embeddable":true,"href":"https:\/\/swiety-jozef.pl\/index.php\/wp-json\/wp\/v2\/comments?post=8524"}],"version-history":[{"count":1,"href":"https:\/\/swiety-jozef.pl\/index.php\/wp-json\/wp\/v2\/posts\/8524\/revisions"}],"predecessor-version":[{"id":8525,"href":"https:\/\/swiety-jozef.pl\/index.php\/wp-json\/wp\/v2\/posts\/8524\/revisions\/8525"}],"wp:featuredmedia":[{"embeddable":true,"href":"https:\/\/swiety-jozef.pl\/index.php\/wp-json\/wp\/v2\/media\/3316"}],"wp:attachment":[{"href":"https:\/\/swiety-jozef.pl\/index.php\/wp-json\/wp\/v2\/media?parent=8524"}],"wp:term":[{"taxonomy":"category","embeddable":true,"href":"https:\/\/swiety-jozef.pl\/index.php\/wp-json\/wp\/v2\/categories?post=8524"},{"taxonomy":"post_tag","embeddable":true,"href":"https:\/\/swiety-jozef.pl\/index.php\/wp-json\/wp\/v2\/tags?post=8524"}],"curies":[{"name":"wp","href":"https:\/\/api.w.org\/{rel}","templated":true}]}}