{"id":8515,"date":"2024-12-07T19:44:25","date_gmt":"2024-12-07T18:44:25","guid":{"rendered":"https:\/\/swiety-jozef.pl\/?p=8515"},"modified":"2024-12-07T19:44:28","modified_gmt":"2024-12-07T18:44:28","slug":"ogloszenia-duszpasterskie-08-12-2024-r","status":"publish","type":"post","link":"https:\/\/swiety-jozef.pl\/index.php\/2024\/12\/07\/ogloszenia-duszpasterskie-08-12-2024-r\/","title":{"rendered":"Og\u0142oszenia duszpasterskie 08.12.2024 r."},"content":{"rendered":"\n<!--more-->\n\n\n\n<p class=\"has-text-align-right\">Nowa S\u00f3l 08.12.2024<\/p>\n\n\n\n<h4 class=\"wp-block-heading has-text-align-center\">Og\u0142oszenia duszpasterskie<br>II Niedziela Adwentu rok C<\/h4>\n\n\n\n<div style=\"height:25px\" aria-hidden=\"true\" class=\"wp-block-spacer\"><\/div>\n\n\n\n<ol class=\"wp-block-list\">\n<li>Dzisiaj <strong>2 niedziela Adwentu<\/strong>.<\/li>\n\n\n\n<li><strong>Dzisiaj Uroczysto\u015b\u0107 Niepokalanego Pocz\u0119cia NMP. Na Mszy \u015bw. o godz. 11<\/strong><sup><strong>00<\/strong><\/sup><strong> po\u015bwi\u0119cenie medalik\u00f3w dla dzieci klas III i spotkanie z rodzicami w ramach przygotowania do I Komunii \u015bw.<\/strong><\/li>\n\n\n\n<li><strong>W przysz\u0142\u0105 niedziele nasza parafia prze\u017cywa\u0107 b\u0119dzie jubileusz 40 lecia. Zapraszam na Msz\u0119 \u015bw. o godz. 12<\/strong><sup><u><strong>30<\/strong><\/u><\/sup><strong> w intencji wszystkich zaanga\u017cowanych w powstanie naszej parafii na czele z ks. pra\u0142atem J\u00f3zefem Koco\u0142em. B\u0119dziemy w modlitwie dzi\u0119kczynnej modli\u0107 si\u0119 za zmar\u0142ych i prosi\u0107 o Bo\u017ce b\u0142ogos\u0142awie\u0144stwo dla \u017cyj\u0105cych parafian.<\/strong><\/li>\n\n\n\n<li><strong>Od przysz\u0142ej niedzieli 15 XII do wtorku 17 XII zapraszamy na Rekolekcje Adwentowe, prowadzi\u0142 je b\u0119dzie <\/strong><strong>franciszkanin o<\/strong>. <strong>Piotr Reizner \u2013 pochodz\u0105cy z naszej parafii, pami\u0119tajmy o nim w modlitwie.<\/strong><\/li>\n\n\n\n<li>Zapraszamy na <strong>Msze \u015bw. Roratnie,<\/strong> we wszystkie dni powszednie: <strong>rano o godz. 6<\/strong><sup><strong>30<\/strong><\/sup> i <strong>wieczorem od poniedzia\u0142ku do pi\u0105tku o godz. 17<\/strong><sup><strong>00 <\/strong><\/sup><strong>\/<\/strong>z my\u015bl\u0105 o dzieciach\/. Dzieci <strong>przychodz\u0105 z lampionami.<\/strong><\/li>\n\n\n\n<li><strong>W \u015brod\u0119 o godz. 18<\/strong><sup><strong>00<\/strong><\/sup><strong> Nowenna do Matki Bo\u017cej Nieustaj\u0105cej Pomocy i \u015bw. J\u00f3zefa.<\/strong><\/li>\n\n\n\n<li><strong>W czwartek<\/strong> <strong>13 grudnia &#8211; 43 rocznica wprowadzenia stanu wojennego<\/strong>. <strong>Msza \u015bw. za Ojczyzn\u0119<\/strong> <strong>w par. \u015aw. Antoniego o godz. 18<\/strong><sup><strong>30<\/strong><\/sup><strong>. <\/strong><strong>\u00a0<\/strong><\/li>\n\n\n\n<li><strong>W czwartek 13 grudnia o godzinie 19<\/strong><sup><strong>30 <\/strong><\/sup><strong>postawmy <\/strong>w oknie\u00a0<strong> zapalon\u0105 \u015bwiec\u0119<\/strong>.<strong> \u201eOfiarom stanu wojennego\u201d<\/strong>.<\/li>\n\n\n\n<li><strong>Spotkanie m\u0142odzie\u017cy przygotowuj\u0105cej do sakramentu bierzmowania odb\u0119dzie si\u0119: <\/strong><strong>klas VIII w czwartek 13 XII <\/strong><strong>a<\/strong><strong> klasy VII w pi\u0105tek 14 XII<\/strong><strong>. Spotkanie rozpoczyna si\u0119 Msz\u0105 \u015bw. o godz. 18<\/strong><sup><strong>00<\/strong><\/sup><strong>.<\/strong><\/li>\n\n\n\n<li><strong>Po\u015bwi\u0119cone op\u0142atki mo\u017cna osobi\u015bcie odebra\u0107 po ka\u017cdej Mszy \u015bw. w zakrystii lub kancelarii w godzinach jej urz\u0119dowania. <\/strong><strong>Ofiary za op\u0142atki s\u0105 przeznaczone na utrzymanie ko\u015bcio\u0142a<\/strong>, <strong>ofiar nie sk\u0142adamy przy odbiorze op\u0142atk\u00f3w, tradycyjnie ofiary sk\u0142adamy do kopert.<\/strong><\/li>\n\n\n\n<li><strong>Zaproszenie na kol\u0119d\u0119 sk\u0142adamy uzupe\u0142niaj\u0105c dane zaznaczone na kopercie, kt\u00f3ra znajduje si\u0119 wraz z op\u0142atkami.<\/strong><\/li>\n\n\n\n<li> <strong>Przy drzwiach g\u0142\u00f3wnych ko\u015bcio\u0142a rozprowadzamy \u015bwiece na st\u00f3\u0142 wigilijny, jako Wigilijne Dzie\u0142o pomocy Dzieciom <\/strong><em><strong>\/<\/strong><\/em><em>ma\u0142e 10 z\u0142, du\u017ce 20 z\u0142\/<\/em><\/li>\n\n\n\n<li><strong>Przy wyj\u015bciu g\u0142\u00f3wnym na stolikach s\u0105 wystawiane kalendarze parafialne na rok 2024 \u2013 ofiary s\u0105 przeznaczone na potrzeby naszego ko\u015bcio\u0142a<\/strong><\/li>\n\n\n\n<li><strong>Parafialny Zesp\u00f3\u0142 Caritas<\/strong> organizuje <strong>zbi\u00f3rk\u0119 \u017cywno\u015bci dla najbardziej potrzebuj\u0105cych <\/strong>w parafii. Przed o\u0142tarzem w kaplicy i ko\u015bciele s\u0105 wystawiane kosze. <strong>B\u00f3g zap\u0142a\u0107.<\/strong><\/li>\n\n\n\n<li><strong>Rada Rodzic\u00f3w Szko\u0142y Katolickiej wraz z uczniami i nauczycielami zapraszaj\u0105 na kiermasz ozd\u00f3b \u015bwi\u0105tecznych po\u0142\u0105czony ze s\u0142odk\u0105 kawiarenk\u0105, kt\u00f3ry odb\u0119dzie si\u0119 w przysz\u0142\u0105 niedziele w godzinach od 9<\/strong><sup><strong>00<\/strong><\/sup><strong> do 15<\/strong><sup><strong>00<\/strong><\/sup><strong> w budynku szko\u0142y.<\/strong><\/li>\n\n\n\n<li><strong>Dzieci klas III po Mszy \u015bw. prosimy o pozostanie w ko\u015bciele po wpisy do dzienniczk\u00f3w; dzieci klas II i m\u0142odsze zapraszamy do kaplicy po naklejki z dzisiejszej ewangelii.<\/strong><\/li>\n\n\n\n<li><strong><em>Dzi\u0119kujemy za ofiary na tac\u0119 i za przelewy na konto parafii. B\u00f3g Zap\u0142a\u0107. Numer konta bankowego parafii: 58 9673 0007 0000 0300 4864 0001.<\/em><\/strong><\/li>\n\n\n\n<li><strong>Za tydzie\u0144 3 niedziela miesi\u0105ca \u2013 taca przeznaczona na potrzeby parafii, za wszelk\u0105 trosk\u0119 \u2013 B\u00f3g zap\u0142a\u0107<\/strong><\/li>\n\n\n\n<li>Dzi\u0119kujemy<strong> 16 osobom<\/strong><strong> z o\u015b. Konst. 3 maja blok 25 <\/strong><strong>i blok 26, 2 dzieci<\/strong> i <strong>2 osobom ch\u0119tnym<\/strong> za sprz\u0105tanie ko\u015bcio\u0142a i ofiary na kwiaty. <strong>Msza \u015bw. za te rodziny 2.I.25 o godz 7<\/strong><sup><strong>00<\/strong><\/sup> .<\/li>\n\n\n\n<li><strong>W sobot\u0119 o godz. 9<\/strong><sup><strong>00<\/strong><\/sup><strong> do sprz\u0105tania ko\u015bcio\u0142a zapraszam wiernych zamieszka\u0142ych na ul. Armii Krajowej blok 3 i 4<\/strong><\/li>\n\n\n\n<li><strong>Zach\u0119camy do zakupu prasy katolickiej: Niedziela, Go\u015b\u0107 Niedzielny, Ma\u0142y Go\u015b\u0107.<\/strong><\/li>\n\n\n\n<li><strong>W minionym tygodniu z naszej parafii zmar\u0142:<\/strong> Ryszard <strong>Ko\u0142akowski <\/strong>z ul. Staszica<\/li>\n\n\n\n<li><strong>Pozdrawiamy wszystkich chorych, pami\u0119tamy o Was w modlitwie, \u017cycz\u0105c szybkiego powrotu do zdrowia.<\/strong><\/li>\n<\/ol>\n\n\n\n<p><strong>Wszystkim parafianom<\/strong><strong> i go\u015bciom \u017cyczymy dobrej niedzieli i Bo\u017cego b\u0142ogos\u0142awie\u0144stwa.<\/strong><\/p>\n\n\n\n<p class=\"has-text-align-right\">Ks. Krzysztof Kocz<br>Proboszcz<\/p>\n\n\n\n<div style=\"height:40px\" aria-hidden=\"true\" class=\"wp-block-spacer\"><\/div>\n\n\n\n<p><\/p>\n","protected":false},"excerpt":{"rendered":"","protected":false},"author":3,"featured_media":3316,"comment_status":"closed","ping_status":"closed","sticky":false,"template":"","format":"standard","meta":{"_lmt_disableupdate":"","_lmt_disable":"","footnotes":""},"categories":[19],"tags":[],"class_list":["post-8515","post","type-post","status-publish","format-standard","has-post-thumbnail","hentry","category-ogloszenia"],"_links":{"self":[{"href":"https:\/\/swiety-jozef.pl\/index.php\/wp-json\/wp\/v2\/posts\/8515","targetHints":{"allow":["GET"]}}],"collection":[{"href":"https:\/\/swiety-jozef.pl\/index.php\/wp-json\/wp\/v2\/posts"}],"about":[{"href":"https:\/\/swiety-jozef.pl\/index.php\/wp-json\/wp\/v2\/types\/post"}],"author":[{"embeddable":true,"href":"https:\/\/swiety-jozef.pl\/index.php\/wp-json\/wp\/v2\/users\/3"}],"replies":[{"embeddable":true,"href":"https:\/\/swiety-jozef.pl\/index.php\/wp-json\/wp\/v2\/comments?post=8515"}],"version-history":[{"count":1,"href":"https:\/\/swiety-jozef.pl\/index.php\/wp-json\/wp\/v2\/posts\/8515\/revisions"}],"predecessor-version":[{"id":8516,"href":"https:\/\/swiety-jozef.pl\/index.php\/wp-json\/wp\/v2\/posts\/8515\/revisions\/8516"}],"wp:featuredmedia":[{"embeddable":true,"href":"https:\/\/swiety-jozef.pl\/index.php\/wp-json\/wp\/v2\/media\/3316"}],"wp:attachment":[{"href":"https:\/\/swiety-jozef.pl\/index.php\/wp-json\/wp\/v2\/media?parent=8515"}],"wp:term":[{"taxonomy":"category","embeddable":true,"href":"https:\/\/swiety-jozef.pl\/index.php\/wp-json\/wp\/v2\/categories?post=8515"},{"taxonomy":"post_tag","embeddable":true,"href":"https:\/\/swiety-jozef.pl\/index.php\/wp-json\/wp\/v2\/tags?post=8515"}],"curies":[{"name":"wp","href":"https:\/\/api.w.org\/{rel}","templated":true}]}}