{"id":8508,"date":"2024-11-23T20:29:01","date_gmt":"2024-11-23T19:29:01","guid":{"rendered":"https:\/\/swiety-jozef.pl\/?p=8508"},"modified":"2024-11-23T20:34:04","modified_gmt":"2024-11-23T19:34:04","slug":"intencje-mszalne-24-11-01-12-2024-r","status":"publish","type":"post","link":"https:\/\/swiety-jozef.pl\/index.php\/2024\/11\/23\/intencje-mszalne-24-11-01-12-2024-r\/","title":{"rendered":"Intencje mszalne 24.11 \u2013 01.12.2024 r."},"content":{"rendered":"\n<!--more-->\n\n\n\n<div style=\"height:25px\" aria-hidden=\"true\" class=\"wp-block-spacer\"><\/div>\n\n\n\n<p class=\"has-vivid-red-color has-text-color has-link-color wp-elements-46282a3a01255d5260ba85a1af5f2ec2\"><strong>Niedziela 24.11.24 r. Jezusa Chrystusa, Kr\u00f3la Wszech\u015bwiata<\/strong><\/p>\n\n\n\n<p>7.30. 1. +Kazimiera \/ona\/ i zm. z rodz. Jasi\u0144skich i Jankiewicz<\/p>\n\n\n\n<p>2. +Andrzej w 5 rocz. \u015bm., ++ rodzic\u00f3w i ++ te\u015bci\u00f3w<\/p>\n\n\n\n<p>9.30. 1.+Julia, W\u0142adys\u0142aw Stefan\u00f3w, Anna \u017burkan + Teres, Krzysztof Nowak<\/p>\n\n\n\n<p>2. Z ok. imienin Zdzis\u0142awa \/ona\/ Lewandowska i Zdzis\u0142awa \/ona\/ Micha\u0142owska i ich rodzin int. z R\u00f3\u017cy M.B. Klenickiej.<\/p>\n\n\n\n<p>3. Dz. b\u0142ag. 70 r. ur. Gra\u017cyna Bocianowska<\/p>\n\n\n\n<p>11.00. 1. Dz.-b\u0142ag. 40 rocz. \u015blubu Renata i Piotra Ratajczak \/2 dzieci, 2 wnuk\u00f3w\/<\/p>\n\n\n\n<p>2. +Andrzej Kaczkowski z ok. im. i zm. z rodz. Kaczkowskich i Szczepankiewicz\u00f3w<\/p>\n\n\n\n<p>12.30. 1. Za parafian<\/p>\n\n\n\n<p>Chrzest: Ci\u0119pka Malina, Ci\u0119pka Jagoda, Bajorski Mateusz<\/p>\n\n\n\n<p>14.00. 1.+Anna Ho\u0142tyn 14 r. \u015bm.<\/p>\n\n\n\n<p>2. +Jadwiga Boryczko<\/p>\n\n\n\n<p>18.30. 1. + +Walerian Kodzis greg. 24<\/p>\n\n\n\n<div style=\"height:25px\" aria-hidden=\"true\" class=\"wp-block-spacer\"><\/div>\n\n\n\n<p><strong>Poniedzia\u0142ek 25.11.24 r.<\/strong><\/p>\n\n\n\n<p>7.00. 1. +Walerian Kodzis greg 25<\/p>\n\n\n\n<p>2. +Walerian Rolicz w 15 rocz. \u015bm., rodzic\u00f3w Maria i Adolf<\/p>\n\n\n\n<p>18.00. 1. +Tadeusz \u017bero 1 rocz. \u015bm.<\/p>\n\n\n\n<p>2. Dz. b\u0142. za cz\u0142onkinie z R\u00f3\u017cy \u015bw. Katarzyny<\/p>\n\n\n\n<div style=\"height:25px\" aria-hidden=\"true\" class=\"wp-block-spacer\"><\/div>\n\n\n\n<p><strong>Wtorek 26.11.24 r.<\/strong><\/p>\n\n\n\n<p>7.00. 1. +Walerian Kodzis greg 26<\/p>\n\n\n\n<p>2. +Ryszard St\u0119pniak 45 r. \u015bm. i zm. z rodz.<\/p>\n\n\n\n<p>18.00. 1 .+Pawe\u0142 Kot w 11 rocz. \u015bm.<\/p>\n\n\n\n<p>2. + zm. cz\u0142onkinie z R\u00f3\u017cy \u015bw. Katarzyny <em>\/odprawia ks. Krzysztof\/<\/em><\/p>\n\n\n\n<div style=\"height:25px\" aria-hidden=\"true\" class=\"wp-block-spacer\"><\/div>\n\n\n\n<p><strong>\u015aroda 27.11.24.<\/strong><\/p>\n\n\n\n<p>7.00. 1. +Walerian Kodzis greg 27<\/p>\n\n\n\n<p>2. ++z rodziny Florek, Czernik, Babiarz, Stasik<\/p>\n\n\n\n<p>18.00. 1. +Boles\u0142aw Zawidlak<\/p>\n\n\n\n<p>2. +Hieronim G\u00f3rewicz i zm. z rodz.<\/p>\n\n\n\n<p>3. O \u0142ask\u0119 zdrowia dla mamy o. Rados\u0142awa<\/p>\n\n\n\n<div style=\"height:25px\" aria-hidden=\"true\" class=\"wp-block-spacer\"><\/div>\n\n\n\n<p><strong>Czwartek 28.11.24 r.<\/strong><\/p>\n\n\n\n<p>7.00. 1.Dz. b\u0142ag. Zdzis\u0142awa Micha\u0142owska z ok. imienin<\/p>\n\n\n\n<p>2. +Romuald Burzymski i rodzic\u00f3w Aleksandra i Bernard<\/p>\n\n\n\n<p>18.00. 1.+Stanis\u0142aw D\u0105browski 4 rocz. \u015bm.<\/p>\n\n\n\n<p>2. +Walerian Kodzis greg 28<\/p>\n\n\n\n<div style=\"height:25px\" aria-hidden=\"true\" class=\"wp-block-spacer\"><\/div>\n\n\n\n<p><strong>Pi\u0105tek 29.11.24 r.<\/strong><\/p>\n\n\n\n<p>7.00. 1. +Walerian Kodzis greg 29<\/p>\n\n\n\n<p>2. +Leszek, Anna Fulasz<\/p>\n\n\n\n<p>18.00. 1. Za zm. rodzic\u00f3w + Maria, Andrzej Bandurowscy i ich rodzic\u00f3w i rodze\u0144stwo<\/p>\n\n\n\n<p>2. Kazimiera ona Cis\u0142o i zm. z rodz.<\/p>\n\n\n\n<div style=\"height:25px\" aria-hidden=\"true\" class=\"wp-block-spacer\"><\/div>\n\n\n\n<p><strong>Sobota 30.11.24r. \u015aw. Andrzeja Aposto\u0142a<\/strong><\/p>\n\n\n\n<p>7.00. 1. O Bo\u017ce b\u0142ogos\u0142awie\u0144stwo dla Grzegorza i ca\u0142ej rodziny<\/p>\n\n\n\n<p>2. +Porowska Ewa 10 r. \u015bm. +J\u00f3zef, Jan Porowsk 23 r. \u015bm.<\/p>\n\n\n\n<p>18.00. 1. +Marian Ko\u0142odziej, Jan, Kazimierz, Anna, Maria<\/p>\n\n\n\n<p>2. +Walerian Kodzis greg 30<\/p>\n\n\n\n<div style=\"height:25px\" aria-hidden=\"true\" class=\"wp-block-spacer\"><\/div>\n\n\n\n<p class=\"has-vivid-red-color has-text-color has-link-color wp-elements-8e3e104c43f350ebf2ce06318781cf0a\"><strong>Niedziela 1.12.24r. I Niedziela Adwentu<\/strong><\/p>\n\n\n\n<p>7.30. 1.Dz. b\u0142ag. Barbara Redzi\u0144ska Bogus\u0142awa Kochajewska z R\u00f3\u017cy Wychowawczyni Powo\u0142a\u0144. Kap\u0142a\u0144skich.<\/p>\n\n\n\n<p>2. w int. Krystyna Mro\u017cek, Barbara Budniak, Krystyna Kodzis z ok. im. Int. z R\u00f3\u017cy Niepokalanego Serca NMP<\/p>\n\n\n\n<p>9.30. 1.+Anastazja Wijatkowska 9 r. \u015bm., +Teodor<\/p>\n\n\n\n<p>11.00. 1.+Teresa Klimkowicz 4 r. \u015bm.<\/p>\n\n\n\n<p>2. Dz.- b\u0142. Ignacy (5r. ur.), siostra \u0141ucja, rodzice o b\u0142. Bo\u017ce i opiek\u0119 M.B.<\/p>\n\n\n\n<p>12.30 1. Za parafian<\/p>\n\n\n\n<p>14.00. 1.+Halina Bombrych w 10 rocz. \u015bm.<\/p>\n\n\n\n<p>2. O Bo\u017ce b\u0142ogos\u0142. z okazji 5 rocz. urodzin Mi\u0142osza<\/p>\n\n\n\n<p>18.30. 1. +Krzysztof Malczuk (4 r.\u015bm).<\/p>\n\n\n\n<div style=\"height:40px\" aria-hidden=\"true\" class=\"wp-block-spacer\"><\/div>\n","protected":false},"excerpt":{"rendered":"","protected":false},"author":3,"featured_media":4429,"comment_status":"closed","ping_status":"closed","sticky":false,"template":"","format":"standard","meta":{"_lmt_disableupdate":"","_lmt_disable":"","footnotes":""},"categories":[20],"tags":[],"class_list":["post-8508","post","type-post","status-publish","format-standard","has-post-thumbnail","hentry","category-intencje"],"_links":{"self":[{"href":"https:\/\/swiety-jozef.pl\/index.php\/wp-json\/wp\/v2\/posts\/8508","targetHints":{"allow":["GET"]}}],"collection":[{"href":"https:\/\/swiety-jozef.pl\/index.php\/wp-json\/wp\/v2\/posts"}],"about":[{"href":"https:\/\/swiety-jozef.pl\/index.php\/wp-json\/wp\/v2\/types\/post"}],"author":[{"embeddable":true,"href":"https:\/\/swiety-jozef.pl\/index.php\/wp-json\/wp\/v2\/users\/3"}],"replies":[{"embeddable":true,"href":"https:\/\/swiety-jozef.pl\/index.php\/wp-json\/wp\/v2\/comments?post=8508"}],"version-history":[{"count":1,"href":"https:\/\/swiety-jozef.pl\/index.php\/wp-json\/wp\/v2\/posts\/8508\/revisions"}],"predecessor-version":[{"id":8509,"href":"https:\/\/swiety-jozef.pl\/index.php\/wp-json\/wp\/v2\/posts\/8508\/revisions\/8509"}],"wp:featuredmedia":[{"embeddable":true,"href":"https:\/\/swiety-jozef.pl\/index.php\/wp-json\/wp\/v2\/media\/4429"}],"wp:attachment":[{"href":"https:\/\/swiety-jozef.pl\/index.php\/wp-json\/wp\/v2\/media?parent=8508"}],"wp:term":[{"taxonomy":"category","embeddable":true,"href":"https:\/\/swiety-jozef.pl\/index.php\/wp-json\/wp\/v2\/categories?post=8508"},{"taxonomy":"post_tag","embeddable":true,"href":"https:\/\/swiety-jozef.pl\/index.php\/wp-json\/wp\/v2\/tags?post=8508"}],"curies":[{"name":"wp","href":"https:\/\/api.w.org\/{rel}","templated":true}]}}