{"id":8505,"date":"2024-11-23T20:24:54","date_gmt":"2024-11-23T19:24:54","guid":{"rendered":"https:\/\/swiety-jozef.pl\/?p=8505"},"modified":"2024-11-23T20:24:56","modified_gmt":"2024-11-23T19:24:56","slug":"ogloszenia-duszpasterskie-24-11-2024-r","status":"publish","type":"post","link":"https:\/\/swiety-jozef.pl\/index.php\/2024\/11\/23\/ogloszenia-duszpasterskie-24-11-2024-r\/","title":{"rendered":"Og\u0142oszenia duszpasterskie 24.11.2024 r."},"content":{"rendered":"\n<!--more-->\n\n\n\n<p class=\"has-text-align-right\">Nowa S\u00f3l 24.11.2024<\/p>\n\n\n\n<h4 class=\"wp-block-heading has-text-align-center\">Og\u0142oszenia duszpasterskie<br>XXXIV Niedziela okresu zwyk\u0142ego rok B<br><strong>Uroczysto\u015b\u0107 Jezusa Chrystusa Kr\u00f3la Wszech\u015bwiata<\/strong><\/h4>\n\n\n\n<div style=\"height:25px\" aria-hidden=\"true\" class=\"wp-block-spacer\"><\/div>\n\n\n\n<ol class=\"wp-block-list\">\n<li><strong>Dzisiaj 34 niedziela okresu zwyk\u0142ego, Uroczysto\u015b\u0107 Jezusa Chrystusa Kr\u00f3la Wszech\u015bwiata ko\u0144cz\u0105ca rok liturgiczny.<\/strong><\/li>\n\n\n\n<li><strong>Dzisiejsza uroczysto\u015b\u0107 to \u015bwi\u0119to patronalne naszego Wy\u017cszego Seminarium Duchownego. Taca z tej niedzieli jest przeznaczona na utrzymanie seminarium. B\u00f3g zap\u0142a\u0107<\/strong><\/li>\n\n\n\n<li><strong>Dzisiaj na Mszy \u015bw. o godz. 7<\/strong><sup><strong>00 <\/strong><\/sup><strong>po\u015bwi\u0119cili\u015bmy op\u0142atki. <\/strong><strong>Op\u0142atki b\u0119dzie mo\u017cna osobi\u015bcie odebra\u0107 w ka\u017cd\u0105 niedziel\u0119 przy drzwiach wej\u015bciowych do ko\u015bcio\u0142a po ka\u017cdej Mszy \u015bw. i codziennie w zakrystii lub kancelarii w godzinach jej urz\u0119dowania. <\/strong><strong>Ofiary za op\u0142atki s\u0105 przeznaczone na utrzymanie ko\u015bcio\u0142a<\/strong>, <strong>ofiar nie sk\u0142adamy przy odbiorze op\u0142atk\u00f3w, tradycyjnie ofiary sk\u0142adamy do kopert.<\/strong> <strong>Na terenie naszej parafii kto\u015b sprzedaje op\u0142atki, to nie s\u0105 przedstawiciele naszej parafii.<\/strong><\/li>\n\n\n\n<li><strong>Zaproszenie na kol\u0119d\u0119 sk\u0142adamy uzupe\u0142niaj\u0105c dane zaznaczone na kopercie, kt\u00f3ra znajduje si\u0119 wraz z op\u0142atkami.<\/strong><\/li>\n\n\n\n<li><strong>Od dzisiaj rozprowadzamy<\/strong> <strong>\u015bwiece na st\u00f3\u0142 wigilijny<\/strong>, jako <strong>Wigilijne Dzie\u0142o pomocy Dzieciom. <\/strong>\/ma\u0142e 10 z\u0142, du\u017ce 20 z\u0142\/<\/li>\n\n\n\n<li><strong>Za tydzie\u0144 I Niedziela Adwentu<\/strong> \u2013 nowy rok liturgiczny.<\/li>\n\n\n\n<li> <strong>Rodzic\u00f3w dzieci klas II zapraszam na spotkanie w ramach przygotowanie do I Komunii \u015bw. w przysz\u0142\u0105 niedziele na mszy \u015bw. o godz. 11<\/strong><sup><strong>00<\/strong><\/sup><\/li>\n\n\n\n<li><strong>Rekolekcje adwentowe odb\u0119d\u0105 si\u0119 od III niedzieli adwentu, prowadzi\u0142 je b\u0119dzie franciszkanin o<\/strong>. <strong>Piotr Reizner \u2013 pochodz\u0105cy z naszej parafii, pami\u0119tajmy o nim w modlitwie.<\/strong><\/li>\n\n\n\n<li>W przysz\u0142\u0105 niedziel\u0119 <strong>zmiana tajemnic \u017bywego R\u00f3\u017ca\u0144ca po Mszy \u015bw. o godz. 7<\/strong><sup><strong>30<\/strong><\/sup><sup> <\/sup>.<\/li>\n\n\n\n<li>W przysz\u0142\u0105 niedziele <strong>po Mszy \u015bw. o godz. 18<\/strong><strong><sup>30 <\/sup><\/strong><strong>nauka dla rodzic\u00f3w i chrzestnych przygotowuj\u0105ca do chrztu \u015bw. dzieci.<\/strong><\/li>\n\n\n\n<li>Zbli\u017ca si\u0119 <strong>dzie\u0144 \u015awi\u0119tego Miko\u0142aja<\/strong>, osoby prywatne i firmy, kt\u00f3re chcia\u0142yby pom\u00f3c \u015bw. Miko\u0142ajowi w przegotowaniu prezent\u00f3w dla naszych dzieci zapraszam z propozycjami do zakrystii.<\/li>\n\n\n\n<li><strong>Wypominki za zmar\u0142ych w dni powszednie o godz. 17<\/strong><sup><strong>30<\/strong><\/sup><strong> w niedziel\u0119 o godz. 18<\/strong><sup><strong>00<\/strong><\/sup><strong>.<\/strong> W czwartek zapraszamy dzieci. Modlitw\u0119 wypominek zako\u0144czymy w sobot\u0119.<\/li>\n\n\n\n<li><strong>Przygotowanie doros\u0142ych \/od 21 roku \u017cycia\/ do Sakramentu Bierzmowania rozpocznie si\u0119 w niedziel\u0119 1XII<\/strong> o godz. 17<sup>30 <\/sup>w szkole katolickiej par. \u015aw. J\u00f3zefa. <strong>Jest to cykl 10 spotka\u0144 w dniach: 1, 8, 15 XII; 5, 12, 19, 26 I; 2, 9, 16 II.<\/strong><\/li>\n\n\n\n<li><strong>Dzieci klas III po Mszy \u015bw. prosimy o pozostanie w ko\u015bciele po wpisy do dzienniczk\u00f3w; dzieci klas II i m\u0142odsze zapraszamy do kaplicy po naklejki z dzisiejszej ewangelii.<\/strong><\/li>\n\n\n\n<li><strong><em>Dzi\u0119kujemy za ofiary na tac\u0119 i za przelewy na konto parafii. B\u00f3g Zap\u0142a\u0107. Numer konta bankowego parafii: 58 9673 0007 0000 0300 4864 0001<\/em><\/strong><\/li>\n\n\n\n<li>Dzi\u0119kujemy<strong> 5 osobom<\/strong><strong> z o\u015b. Konst. 3 maja blok 21 <\/strong><strong>i blok 22<\/strong> i <strong>2 osobom ch\u0119tnym<\/strong> za sprz\u0105tanie ko\u015bcio\u0142a i ofiary na kwiaty. <strong>Msza \u015bw. za te rodziny 18.XII o godz 6<\/strong><sup><strong>30<\/strong><\/sup> .<\/li>\n\n\n\n<li><strong>W sobot\u0119 o godz. 9<\/strong><sup><strong>00<\/strong><\/sup><strong> do sprz\u0105tania ko\u015bcio\u0142a zapraszam wiernych zamieszka\u0142ych na z o\u015b. Konst. 3 maja blok 23 <\/strong><strong>i blok 24<\/strong><\/li>\n\n\n\n<li><strong>W sobot\u0119 na godz. 9<\/strong><sup><strong>00<\/strong><\/sup><strong> zapraszam panie i pan\u00f3w do sprz\u0105tania placu wok\u00f3\u0142 ko\u015bcio\u0142a z li\u015bci. B\u0119d\u0105 potrzebne samochody z pak\u0105 lub przyczepki na wywiezienie li\u015bci. Zapraszam<\/strong><\/li>\n\n\n\n<li>Zach\u0119camy do zakupu prasy katolickiej: <strong>Niedziela, Go\u015b\u0107 Niedzielny, Ma\u0142y Go\u015b\u0107.<\/strong><\/li>\n\n\n\n<li>W minionym tygodniu z naszej parafii zmar\u0142: +Henryk<strong> Stali\u0144ski<\/strong> zam. O\u015b. Konstytucji 3 Maja<\/li>\n\n\n\n<li><strong>Pami\u0119tajmy o naszych zmar\u0142ych polecaj\u0105c ich Bo\u017cemu Mi\u0142osierdziu.<\/strong><\/li>\n<\/ol>\n\n\n\n<p><strong>Pozdrawiamy wszystkich chorych, pami\u0119tamy o Was w modlitwie, \u017cycz\u0105c szybkiego powrotu do zdrowia.<\/strong><\/p>\n\n\n\n<p><strong>Wszystkim parafianom<\/strong><strong> i go\u015bciom \u017cyczymy dobrej niedzieli i Bo\u017cego b\u0142ogos\u0142awie\u0144stwa.<\/strong><\/p>\n\n\n\n<p class=\"has-text-align-right\">Ks. Krzysztof Kocz<br>Proboszcz<\/p>\n\n\n\n<div style=\"height:40px\" aria-hidden=\"true\" class=\"wp-block-spacer\"><\/div>\n","protected":false},"excerpt":{"rendered":"","protected":false},"author":3,"featured_media":3316,"comment_status":"closed","ping_status":"closed","sticky":false,"template":"","format":"standard","meta":{"_lmt_disableupdate":"","_lmt_disable":"","footnotes":""},"categories":[19],"tags":[],"class_list":["post-8505","post","type-post","status-publish","format-standard","has-post-thumbnail","hentry","category-ogloszenia"],"_links":{"self":[{"href":"https:\/\/swiety-jozef.pl\/index.php\/wp-json\/wp\/v2\/posts\/8505","targetHints":{"allow":["GET"]}}],"collection":[{"href":"https:\/\/swiety-jozef.pl\/index.php\/wp-json\/wp\/v2\/posts"}],"about":[{"href":"https:\/\/swiety-jozef.pl\/index.php\/wp-json\/wp\/v2\/types\/post"}],"author":[{"embeddable":true,"href":"https:\/\/swiety-jozef.pl\/index.php\/wp-json\/wp\/v2\/users\/3"}],"replies":[{"embeddable":true,"href":"https:\/\/swiety-jozef.pl\/index.php\/wp-json\/wp\/v2\/comments?post=8505"}],"version-history":[{"count":2,"href":"https:\/\/swiety-jozef.pl\/index.php\/wp-json\/wp\/v2\/posts\/8505\/revisions"}],"predecessor-version":[{"id":8507,"href":"https:\/\/swiety-jozef.pl\/index.php\/wp-json\/wp\/v2\/posts\/8505\/revisions\/8507"}],"wp:featuredmedia":[{"embeddable":true,"href":"https:\/\/swiety-jozef.pl\/index.php\/wp-json\/wp\/v2\/media\/3316"}],"wp:attachment":[{"href":"https:\/\/swiety-jozef.pl\/index.php\/wp-json\/wp\/v2\/media?parent=8505"}],"wp:term":[{"taxonomy":"category","embeddable":true,"href":"https:\/\/swiety-jozef.pl\/index.php\/wp-json\/wp\/v2\/categories?post=8505"},{"taxonomy":"post_tag","embeddable":true,"href":"https:\/\/swiety-jozef.pl\/index.php\/wp-json\/wp\/v2\/tags?post=8505"}],"curies":[{"name":"wp","href":"https:\/\/api.w.org\/{rel}","templated":true}]}}