{"id":8498,"date":"2024-11-09T20:11:29","date_gmt":"2024-11-09T19:11:29","guid":{"rendered":"https:\/\/swiety-jozef.pl\/?p=8498"},"modified":"2024-11-09T20:11:31","modified_gmt":"2024-11-09T19:11:31","slug":"intencje-mszalne-10-11-17-11-2024-r","status":"publish","type":"post","link":"https:\/\/swiety-jozef.pl\/index.php\/2024\/11\/09\/intencje-mszalne-10-11-17-11-2024-r\/","title":{"rendered":"Intencje mszalne 10.11 \u2013 17.11.2024 r."},"content":{"rendered":"\n<!--more-->\n\n\n\n<div style=\"height:25px\" aria-hidden=\"true\" class=\"wp-block-spacer\"><\/div>\n\n\n\n<p class=\"has-vivid-red-color has-text-color has-link-color wp-elements-23e9fed5c056402ff7fff9e88fb83a96\"><strong>Niedziela 10.11.24 r.<\/strong><\/p>\n\n\n\n<p>7.30. 1.+Janina i Franciszek Sk\u00f3rko i zm. z tych rodzin<\/p>\n\n\n\n<p>2. +J\u00f3zef Pawlak w 23 rocz. \u015bm, i zm. z rodziny<\/p>\n\n\n\n<p>9.30. 1. +Walerian Kodzis greg 10<\/p>\n\n\n\n<p>2. +Franciszka ona i W\u0142adys\u0142aw Jack\u00f3w<\/p>\n\n\n\n<p>11.00. 1.+Danuta i Zdzis\u0142aw i zm. z rodziny Zawierucha<\/p>\n\n\n\n<p>2. Dz. \u2013 b\u0142ag. z ok. 4 rocz. ur. Emilii<\/p>\n\n\n\n<p>12.30. 1. Za parafian<\/p>\n\n\n\n<p>14.00. 1.+Urszula i Cezary Ciesielscy oraz \u0141ucja i Franciszek Muszkieta i przyjaci\u00f3\u0142<\/p>\n\n\n\n<p>2. +Halina Kusz w 7 rocz. \u015bm.<\/p>\n\n\n\n<p>18.30. 1. +Janusz Trojanowski 9 r. \u015bm.<\/p>\n\n\n\n<div style=\"height:25px\" aria-hidden=\"true\" class=\"wp-block-spacer\"><\/div>\n\n\n\n<p><strong>Poniedzia\u0142ek 11.11.24 r. Dzie\u0144 Niepodleg\u0142o\u015bci<\/strong><\/p>\n\n\n\n<p>7.00. 1. W int. Micha\u0142a z okazji urodzin dzi\u0119kczynna z pro\u015bb\u0105 o b\u0142. Bo\u017ce dla niego i jego ca\u0142ej rodziny<\/p>\n\n\n\n<p>9.30. 1. Za Ojczyzn\u0119<\/p>\n\n\n\n<p>2. Dz-B\u0142. z ok. ur. 20 Gracjana o Dary Ducha \u015awi\u0119tego<\/p>\n\n\n\n<p>18.00. 1.+Helena, Piotr, Kazimierz, Joanna, Piotr Malinowscy, Stanis\u0142awa \/ona\/, Misza \/on\/ Martonik<\/p>\n\n\n\n<p>2. +Walerian Kodzis greg. 11<\/p>\n\n\n\n<div style=\"height:25px\" aria-hidden=\"true\" class=\"wp-block-spacer\"><\/div>\n\n\n\n<p><strong>Wtorek 12.11.24 r.<\/strong><\/p>\n\n\n\n<p>7.00. 1. +Walerian Kodzis greg. 12<\/p>\n\n\n\n<p>2. w int. Jadwiga Lewicka, Renata Sikora, Zdzis\u0142awa \/ona\/ Przyby\u0142 o b\u0142. Bo\u017ce i opiek\u0119 Matki Naj\u015bwi\u0119tszej z okazji im. z R\u00f3\u017cy \u015bw. Anny<\/p>\n\n\n\n<p>18.00. 1.++rodzic\u00f3w: Teresa, Bogdan Szczepaniak, ++dziadk\u00f3w z obu stron<\/p>\n\n\n\n<p>2. +Anna Zielant i zm. z rodziny<\/p>\n\n\n\n<div style=\"height:25px\" aria-hidden=\"true\" class=\"wp-block-spacer\"><\/div>\n\n\n\n<p><strong>\u015aroda 13.11.24 r.<\/strong><\/p>\n\n\n\n<p>7.00. 1. +Walerian Kodzis greg. 13<\/p>\n\n\n\n<p>2. +Zofia Grzelka 4 r. \u015bm.<\/p>\n\n\n\n<p>18.00. 1.+z rodz. Micha\u0142owskich i Walendowskich<\/p>\n\n\n\n<p>2. ++ z R\u00f3\u017cy MB Nieustaj\u0105cej Pomocy: Maria Kami\u0144ska, Olga Komar, Jadwiga Kmiecik, Irena Czwi\u0119czek, Alicja Walkowska, Krystyna Bia\u0142ek<\/p>\n\n\n\n<div style=\"height:25px\" aria-hidden=\"true\" class=\"wp-block-spacer\"><\/div>\n\n\n\n<p><strong>Czwartek 14.11.24 r.<\/strong><\/p>\n\n\n\n<p>7.00. 1.+Stefania Wijatkowska<\/p>\n\n\n\n<p>2. +Jan M\u0142ynarczyk 2 r. \u015bm. i zm. z rodz.<\/p>\n\n\n\n<p>18.00. 1.za ++ z r\u00f3\u017cy \u015bw. Jadwigi i z ich rodzin<\/p>\n\n\n\n<p>2. +Walerian Kodzis greg. 14<\/p>\n\n\n\n<div style=\"height:25px\" aria-hidden=\"true\" class=\"wp-block-spacer\"><\/div>\n\n\n\n<p><strong>Pi\u0105tek 15.11.24r.<\/strong><\/p>\n\n\n\n<p>7.00. 1. +Walerian Kodzis greg. 15<\/p>\n\n\n\n<p>2. +rodzic\u00f3w Jadwiga i J\u00f3zef Mordal i wszystkich zmar\u0142ych z rodziny<\/p>\n\n\n\n<p>18.00. 1.+Andrzej Reizner w 29 rocz. \u015bmierci oraz jego \u017cony Anastazj\u0119<\/p>\n\n\n\n<p>2. za zmar\u0142e cz\u0142onkinie R\u00f3\u017cy MB Rokitnia\u0144skiej<\/p>\n\n\n\n<div style=\"height:25px\" aria-hidden=\"true\" class=\"wp-block-spacer\"><\/div>\n\n\n\n<p><strong>Sobota 16.11.24 r.<\/strong><\/p>\n\n\n\n<p>7.00. 1. +Walerian Kodzis greg. 16<\/p>\n\n\n\n<p>2. +Maria, Jan, Maria, Bronis\u0142awa ona z rodz. Kempi\u0144skich<\/p>\n\n\n\n<p>18.00. 1.+Janina Weryszko ++ z rodzic\u00f3w<\/p>\n\n\n\n<p>2. w int. Katarzyna i Wiktor on o b\u0142. Bo\u017ce, dary Ducha \u015aw. i opiek\u0119 Matki Naj\u015bwi\u0119tszej<\/p>\n\n\n\n<div style=\"height:25px\" aria-hidden=\"true\" class=\"wp-block-spacer\"><\/div>\n\n\n\n<p class=\"has-vivid-red-color has-text-color has-link-color wp-elements-32a665766657af9afcdadae968a19882\"><strong>Niedziela 17.11.24 r.<\/strong><\/p>\n\n\n\n<p>7.30. 1.+Maria, Henryk Ba\u0144kowski i zm. z tych rodzin<\/p>\n\n\n\n<p>2. +Bronis\u0142awa \/ona\/ Grzebieniowska 50 r. \u015bm. +Piotr<\/p>\n\n\n\n<p>9.30. 1.+Leokadia Kostrzon i zm. z rodz.<\/p>\n\n\n\n<p>2. +Walerian Kodzis greg.17<\/p>\n\n\n\n<p>3. Dz.-B\u0142. w int. Micha\u0142a z ok. 40 rocz. urodz.<\/p>\n\n\n\n<p>11.00. 1. w int. Piotrusia (lat 2) o b\u0142. Bo\u017ce i opiek\u0119 Matki Naj\u015bw. na dalsze lata \u017cycia<\/p>\n\n\n\n<p>2. +Mieczys\u0142aw Peca, Jadwiga, Halina<\/p>\n\n\n\n<p>12.30. 1. Za parafian<\/p>\n\n\n\n<p>2. Dz.-B\u0142. Miros\u0142awa i Krzysztof Tycner 35 r. \u015blubu \/Ewelina c\u00f3rka\/<\/p>\n\n\n\n<p>14.00. 1. +Feliks Janus w 27 rocz. \u015bm. i zm. z rodz. Janus, Wici\u0144skich i Pro\u0107<\/p>\n\n\n\n<p>2. +W\u0142adys\u0142aw Strawczy\u0144ski w 4 rocz. \u015bm., ++Stefania, Jan, Stefania, Stanis\u0142aw Strawczy\u0144scy<\/p>\n\n\n\n<p>18.30. 1. +Stanis\u0142awa \/ona\/ 2 r. \u015bm., Micha\u0142, +Edward i Anna<\/p>\n\n\n\n<div style=\"height:40px\" aria-hidden=\"true\" class=\"wp-block-spacer\"><\/div>\n","protected":false},"excerpt":{"rendered":"","protected":false},"author":3,"featured_media":4429,"comment_status":"closed","ping_status":"closed","sticky":false,"template":"","format":"standard","meta":{"_lmt_disableupdate":"","_lmt_disable":"","footnotes":""},"categories":[20],"tags":[],"class_list":["post-8498","post","type-post","status-publish","format-standard","has-post-thumbnail","hentry","category-intencje"],"_links":{"self":[{"href":"https:\/\/swiety-jozef.pl\/index.php\/wp-json\/wp\/v2\/posts\/8498","targetHints":{"allow":["GET"]}}],"collection":[{"href":"https:\/\/swiety-jozef.pl\/index.php\/wp-json\/wp\/v2\/posts"}],"about":[{"href":"https:\/\/swiety-jozef.pl\/index.php\/wp-json\/wp\/v2\/types\/post"}],"author":[{"embeddable":true,"href":"https:\/\/swiety-jozef.pl\/index.php\/wp-json\/wp\/v2\/users\/3"}],"replies":[{"embeddable":true,"href":"https:\/\/swiety-jozef.pl\/index.php\/wp-json\/wp\/v2\/comments?post=8498"}],"version-history":[{"count":1,"href":"https:\/\/swiety-jozef.pl\/index.php\/wp-json\/wp\/v2\/posts\/8498\/revisions"}],"predecessor-version":[{"id":8499,"href":"https:\/\/swiety-jozef.pl\/index.php\/wp-json\/wp\/v2\/posts\/8498\/revisions\/8499"}],"wp:featuredmedia":[{"embeddable":true,"href":"https:\/\/swiety-jozef.pl\/index.php\/wp-json\/wp\/v2\/media\/4429"}],"wp:attachment":[{"href":"https:\/\/swiety-jozef.pl\/index.php\/wp-json\/wp\/v2\/media?parent=8498"}],"wp:term":[{"taxonomy":"category","embeddable":true,"href":"https:\/\/swiety-jozef.pl\/index.php\/wp-json\/wp\/v2\/categories?post=8498"},{"taxonomy":"post_tag","embeddable":true,"href":"https:\/\/swiety-jozef.pl\/index.php\/wp-json\/wp\/v2\/tags?post=8498"}],"curies":[{"name":"wp","href":"https:\/\/api.w.org\/{rel}","templated":true}]}}