{"id":8495,"date":"2024-11-09T20:06:45","date_gmt":"2024-11-09T19:06:45","guid":{"rendered":"https:\/\/swiety-jozef.pl\/?p=8495"},"modified":"2024-11-09T20:06:48","modified_gmt":"2024-11-09T19:06:48","slug":"ogloszenia-duszpasterskie-10-11-2024-r","status":"publish","type":"post","link":"https:\/\/swiety-jozef.pl\/index.php\/2024\/11\/09\/ogloszenia-duszpasterskie-10-11-2024-r\/","title":{"rendered":"Og\u0142oszenia duszpasterskie 10.11.2024 r."},"content":{"rendered":"\n<!--more-->\n\n\n\n<p class=\"has-text-align-right\">Nowa S\u00f3l 10.11.2024<\/p>\n\n\n\n<h4 class=\"wp-block-heading has-text-align-center\">Og\u0142oszenia duszpasterskie<br>XXXII Niedziela okresu zwyk\u0142ego rok B<\/h4>\n\n\n\n<div style=\"height:25px\" aria-hidden=\"true\" class=\"wp-block-spacer\"><\/div>\n\n\n\n<ol class=\"wp-block-list\">\n<li><strong>Dzisiaj 32 niedziela okresu zwyk\u0142ego.<\/strong><\/li>\n\n\n\n<li><strong>Dzisiaj po mszach \u015bw. zbi\u00f3rka do puszek na Pomoc Ko\u015bcio\u0142owi w potrzebie. W tym roku pod has\u0142em \u201eSOS dla Ziemi \u015awi\u0119tej\u201d.<\/strong><\/li>\n\n\n\n<li><strong>M\u0142odzie\u017c z naszej parafii dzisiaj po mszach \u015bw. b\u0119dzie rozprowadza\u0142a kotyliony. Ofiary pomog\u0105 w organizacji wyjazdu na Festiwal M\u0142odych w Medjugorie.<\/strong><\/li>\n\n\n\n<li><strong>11 listopada &#8211; Narodowe \u015awi\u0119to Niepodleg\u0142o\u015bci 106 rocznica odzyskania niepodleg\u0142o\u015bci. Uroczysta Msza \u015bw. obchod\u00f3w Miejskich w ko\u015bciele \u015bw. J\u00f3zefa o godz. 9<\/strong><sup><strong>30 <\/strong><\/sup><strong>dalsza cz\u0119\u015b\u0107 uroczysto\u015bci pod pomnikiem o godz. 11<\/strong><sup><strong>00<\/strong><\/sup><strong>. Msze \u015bw. w naszej parafii o godz.: 7<\/strong><sup><strong>00<\/strong><\/sup><strong>; 9<\/strong><sup><strong>30<\/strong><\/sup><strong>; 18<\/strong><sup><strong>00<\/strong><\/sup><\/li>\n\n\n\n<li><strong>Przypominam i bardzo prosz\u0119 o udekorowanie naszych dom\u00f3w, mieszka\u0144 flagami jako wdzi\u0119czna pami\u0119\u0107 o obro\u0144cach naszej Ojczyzny.<\/strong><\/li>\n\n\n\n<li><strong>W \u015brod\u0119 o godz. 18<\/strong><sup><strong>00<\/strong><\/sup><strong> Nowenna do Matki Bo\u017cej Nieustaj\u0105cej Pomocy i \u015bw. J\u00f3zefa.<\/strong><\/li>\n\n\n\n<li><strong>Wypominki za zmar\u0142ych w dni powszednie o godz. 17<\/strong><sup>30 <\/sup><strong>w niedziel\u0119 o godz. 18<\/strong><sup>00<\/sup>. W czwartki do prowadzenia wypominek zapraszamy dzieci.<\/li>\n\n\n\n<li><strong>Kartki wspominkowe s\u0105 wy\u0142o\u017cone na stolikach<\/strong><strong> przy wyj\u015bciu z ko\u015bcio\u0142a.<\/strong><\/li>\n\n\n\n<li><strong>Wypominki ca\u0142oroczne sk\u0142adamy wy\u0142\u0105cznie w zakrystii.<\/strong><\/li>\n\n\n\n<li><strong>Dzieci klas III po Mszy \u015bw. prosimy o pozostanie w ko\u015bciele po wpisy do dzienniczk\u00f3w; dzieci klas II i m\u0142odsze zapraszamy do kaplicy po naklejki z dzisiejszej ewangelii.<\/strong><\/li>\n\n\n\n<li><strong><em>Dzi\u0119kujemy za ofiary na tac\u0119 i za przelewy na konto parafii. B\u00f3g Zap\u0142a\u0107. Numer konta bankowego parafii: 58 9673 0007 0000 0300 4864 0001<\/em><\/strong><\/li>\n\n\n\n<li><strong>Dzi\u0119kujemy 3 osobom, z <\/strong><strong>o\u015b. <\/strong><strong>Konstytucji 3 Maja blok nr 16, blok nr 18 i <\/strong><strong>2 osoby ch\u0119tne <\/strong>za sprz\u0105tanie ko\u015bcio\u0142a i ofiary na kwiaty. <strong>Msza \u015bw. za te rodziny 16.12 o godz 6<\/strong><sup><strong>30<\/strong><\/sup> .<\/li>\n\n\n\n<li><strong>W sobot\u0119 o godz. 9<\/strong><sup><strong>00<\/strong><\/sup><strong> do sprz\u0105tania ko\u015bcio\u0142a zapraszam wiernych zamieszka\u0142ych na o\u015b. <\/strong><strong>Konstytucji 3 Maja blok nr 19 i blok nr 20<\/strong><\/li>\n\n\n\n<li>Zach\u0119camy do zakupu prasy katolickiej: <strong>Niedziela, Go\u015b\u0107 Niedzielny, Ma\u0142y Go\u015b\u0107.<\/strong><\/li>\n\n\n\n<li><strong>W minionym tygodniu z naszej parafii z zmar\u0142y: <\/strong>Wioletta <strong>Korbecka<\/strong> z ul. Ferdry; Zofia <strong>Mielczarek<\/strong> z o\u015b. Konstytucji<\/li>\n\n\n\n<li><strong>Pami\u0119tajmy o naszych zmar\u0142ych polecaj\u0105c ich Bo\u017cemu Mi\u0142osierdziu.<\/strong><\/li>\n\n\n\n<li><strong>Pozdrawiamy wszystkich chorych, pami\u0119tamy o Was w modlitwie, \u017cycz\u0105c szybkiego powrotu do zdrowia.<\/strong><\/li>\n<\/ol>\n\n\n\n<p><strong>Wszystkim parafianom<\/strong><strong> i go\u015bciom \u017cyczymy dobrej niedzieli i Bo\u017cego b\u0142ogos\u0142awie\u0144stwa.<\/strong><\/p>\n\n\n\n<p class=\"has-text-align-right\">Ks. Krzysztof Kocz<br>Proboszcz<\/p>\n\n\n\n<div style=\"height:40px\" aria-hidden=\"true\" class=\"wp-block-spacer\"><\/div>\n\n\n\n<p><\/p>\n","protected":false},"excerpt":{"rendered":"","protected":false},"author":3,"featured_media":3316,"comment_status":"closed","ping_status":"closed","sticky":false,"template":"","format":"standard","meta":{"_lmt_disableupdate":"","_lmt_disable":"","footnotes":""},"categories":[19],"tags":[],"class_list":["post-8495","post","type-post","status-publish","format-standard","has-post-thumbnail","hentry","category-ogloszenia"],"_links":{"self":[{"href":"https:\/\/swiety-jozef.pl\/index.php\/wp-json\/wp\/v2\/posts\/8495","targetHints":{"allow":["GET"]}}],"collection":[{"href":"https:\/\/swiety-jozef.pl\/index.php\/wp-json\/wp\/v2\/posts"}],"about":[{"href":"https:\/\/swiety-jozef.pl\/index.php\/wp-json\/wp\/v2\/types\/post"}],"author":[{"embeddable":true,"href":"https:\/\/swiety-jozef.pl\/index.php\/wp-json\/wp\/v2\/users\/3"}],"replies":[{"embeddable":true,"href":"https:\/\/swiety-jozef.pl\/index.php\/wp-json\/wp\/v2\/comments?post=8495"}],"version-history":[{"count":2,"href":"https:\/\/swiety-jozef.pl\/index.php\/wp-json\/wp\/v2\/posts\/8495\/revisions"}],"predecessor-version":[{"id":8497,"href":"https:\/\/swiety-jozef.pl\/index.php\/wp-json\/wp\/v2\/posts\/8495\/revisions\/8497"}],"wp:featuredmedia":[{"embeddable":true,"href":"https:\/\/swiety-jozef.pl\/index.php\/wp-json\/wp\/v2\/media\/3316"}],"wp:attachment":[{"href":"https:\/\/swiety-jozef.pl\/index.php\/wp-json\/wp\/v2\/media?parent=8495"}],"wp:term":[{"taxonomy":"category","embeddable":true,"href":"https:\/\/swiety-jozef.pl\/index.php\/wp-json\/wp\/v2\/categories?post=8495"},{"taxonomy":"post_tag","embeddable":true,"href":"https:\/\/swiety-jozef.pl\/index.php\/wp-json\/wp\/v2\/tags?post=8495"}],"curies":[{"name":"wp","href":"https:\/\/api.w.org\/{rel}","templated":true}]}}