{"id":8483,"date":"2024-10-26T20:35:30","date_gmt":"2024-10-26T18:35:30","guid":{"rendered":"https:\/\/swiety-jozef.pl\/?p=8483"},"modified":"2024-10-30T15:49:14","modified_gmt":"2024-10-30T14:49:14","slug":"ogloszenia-duszpasterskie-27-10-2024-r","status":"publish","type":"post","link":"https:\/\/swiety-jozef.pl\/index.php\/2024\/10\/26\/ogloszenia-duszpasterskie-27-10-2024-r\/","title":{"rendered":"Og\u0142oszenia duszpasterskie 27.10.2024 r."},"content":{"rendered":"\n<!--more-->\n\n\n\n<p class=\"has-text-align-right\">Nowa S\u00f3l 27.10.2024<\/p>\n\n\n\n<h4 class=\"wp-block-heading has-text-align-center\">Og\u0142oszenia duszpasterskie<br>XXX Niedziela okresu zwyk\u0142ego rok B<\/h4>\n\n\n\n<div style=\"height:25px\" aria-hidden=\"true\" class=\"wp-block-spacer\"><\/div>\n\n\n\n<ol class=\"wp-block-list\">\n<li><strong>W poniedzia\u0142ek \u015aw. Aposto\u0142\u00f3w Szymona i Judy Tadeusza. Dzie\u0144 imienin Bp Tadeusza Lity\u0144skiego \u2013 pami\u0119tajmy w modlitwie.<\/strong><\/li>\n\n\n\n<li><strong>W czwartek zako\u0144czenie nabo\u017ce\u0144stw r\u00f3\u017ca\u0144cowych, dzi\u0119kuj\u0119 dzieciom, rodzicom i wiernym za ten czas modlitwy na r\u00f3\u017ca\u0144cu. Dzieci z planszami zapraszamy we wtorek o godz. 17<\/strong><sup><strong>00<\/strong><\/sup><strong>.<\/strong><\/li>\n\n\n\n<li><strong>W pi\u0105tek 1 listopada \u2013 uroczysto\u015b\u0107 Wszystkich \u015awi\u0119tych.<\/strong><strong> Jest to \u015bwi\u0119to ko\u015bcielnie obowi\u0105zuj\u0105ce, <\/strong><strong>mamy obowi\u0105zek uczestniczenia we Mszy \u015bw. Msze \u015bw. w naszym ko\u015bciele b\u0119d\u0105 odprawiane w porz\u0105dku niedzielnym \u2013 nie b\u0119dzie Mszy \u015bw. o 14 \u2013 tej.<\/strong><\/li>\n\n\n\n<li><strong>W pi\u0105tek z racji uroczysto\u015bci nie obowi\u0105zuje wstrzemi\u0119\u017aliwo\u015b\u0107 od pokarm\u00f3w mi\u0119snych.<\/strong><\/li>\n\n\n\n<li><strong>Na cmentarzach Msze \u015bw. w Uroczysto\u015b\u0107 Wszystkich \u015awi\u0119tych<\/strong> b\u0119d\u0105 odprawiane:<\/li>\n<\/ol>\n\n\n\n<div class=\"wp-block-group\"><div class=\"wp-block-group__inner-container is-layout-constrained wp-block-group-is-layout-constrained\">\n<ul class=\"wp-block-list\">\n<li><strong>a\/ <\/strong><strong>nowy cmentarz w Otyniu<\/strong><strong> \u2013 Msza \u015bw. o godz. 11<\/strong><sup><strong>00<\/strong><\/sup><\/li>\n<\/ul>\n\n\n\n<ul class=\"wp-block-list\">\n<li><strong>b\/ <\/strong><strong>cmentarz na Starym \u017babnie<\/strong><strong> \u2013 Msza \u015bw. o godz. 13<\/strong><sup><strong>00<\/strong><\/sup><\/li>\n<\/ul>\n\n\n\n<ul class=\"wp-block-list\">\n<li><strong>c\/ <\/strong><strong>stary cmentarz przy ul. Wandy<\/strong><strong> \u2013 Msza \u015bw. o godz. 14<\/strong><sup><strong>00<\/strong><\/sup><strong>.<\/strong><\/li>\n<\/ul>\n<\/div><\/div>\n\n\n\n<ol start=\"6\" class=\"wp-block-list\">\n<li><strong>W sobot\u0119 2 XI \u2013 Dzie\u0144 Zaduszny<\/strong> <strong>czyli wspomnienie wszystkich wiernych zmar\u0142ych \u2013 dzie\u0144 szczeg\u00f3lnej pomocy duszom w czy\u015b\u0107cu cierpi\u0105cym.<\/strong><\/li>\n\n\n\n<li><strong>Msze \u015bw. w Dzie\u0144 Zaduszny o godz. 7<\/strong><sup><strong>00 <\/strong><\/sup><strong>, <\/strong><strong>9<\/strong><sup><strong>00 <\/strong><\/sup><strong>i 18<\/strong><sup><strong>00<\/strong><\/sup><strong>.<\/strong><\/li>\n\n\n\n<li><strong>Wypominki za zmar\u0142ych <\/strong>\/od 1 XI\/ <strong>w dni powszednie o godz. 17<\/strong><sup><strong>30 <\/strong><\/sup><strong>w niedziel\u0119 i \u015bwi\u0119ta o godz. 18<\/strong><sup><strong>00<\/strong><\/sup><\/li>\n\n\n\n<li><strong>Kartki wspominkowe s\u0105 wy\u0142o\u017cone na stolikach<\/strong><strong> przy wyj\u015bciu z ko\u015bcio\u0142a<\/strong><strong>.<\/strong> <strong>Wypominki ca\u0142oroczne sk\u0142adamy wy\u0142\u0105cznie w zakrystii.<\/strong><\/li>\n\n\n\n<li><strong>Odpusty za zmar\u0142ych: <\/strong><strong>Osiem razy \/dla o\u015bmiu os\u00f3b\/ od 1 do 8 listopada, <\/strong><strong>mo\u017cemy <\/strong><strong>uzyska\u0107 odpust zupe\u0142ny. Do uzyskania odpustu konieczne jest: modl\u0105c za zmar\u0142ych,<\/strong><strong>nawiedzenie cmentarza, <\/strong><strong>spowied\u017a sakramentalna lub stan bez grzechu, przyj\u0119cie Komunii \u015awi\u0119tej i odm\u00f3wienie dowolnej modlitwy w intencjach Ojca \u015awi\u0119tego<\/strong><strong>.<\/strong><\/li>\n\n\n\n<li><strong>Dzieci klas III po Mszy \u015bw. prosimy o pozostanie w ko\u015bciele; dzieci klas II i m\u0142odsze zapraszamy do kaplicy po naklejki z dzisiejszej ewangelii.<\/strong><\/li>\n\n\n\n<li><strong>W przysz\u0142\u0105 niedziel\u0119 na Mszy \u015bw. o godz. 11<\/strong><sup><strong>00<\/strong><\/sup><strong> spotkanie z rodzicami dzieci klas II<\/strong><\/li>\n\n\n\n<li><strong>Halloween nie dla chrze\u015bcijan- informacja czym jest halloween.<\/strong><\/li>\n\n\n\n<li><strong>W tym tygodniu I pi\u0105tek i I sobota miesi\u0105ca.<\/strong><\/li>\n<\/ol>\n\n\n\n<ul class=\"wp-block-list\">\n<li><strong>&#8211; W pi\u0105tek o godz. 15<\/strong><sup><strong>00<\/strong><\/sup><strong> \u2013 Godzina Mi\u0142osierdzia w kaplicy.<\/strong><\/li>\n<\/ul>\n\n\n\n<ol start=\"15\" class=\"wp-block-list\">\n<li><strong>Spowied\u017a \u015bw. pierwszopi\u0105tkowa p\u00f3\u0142 godziny przed ka\u017cd\u0105 Msz\u0105 \u015bw.<\/strong><\/li>\n\n\n\n<li><strong>W sobot\u0119 zapraszamy na Nabo\u017ce\u0144stwo Pierwszych Sob\u00f3t. Rozpoczniemy wystawieniem Naj\u015bwi\u0119tszego Sakramentu o godz. 16<\/strong><sup><strong>3<\/strong><\/sup><sup><strong>0<\/strong><\/sup><strong>, o godz. 18<\/strong><sup><strong>00<\/strong><\/sup><strong> Msza \u015bw.<\/strong><\/li>\n\n\n\n<li><strong>W sobot\u0119<\/strong> o<strong>dwiedzimy chorych z pos\u0142ug\u0105 sakramentaln\u0105. Ks. Tomasz Szczepanik w sobot\u0119 9 listopada. <\/strong>Nowych chorych mo\u017cna zg\u0142asza\u0107 w zakrystii.<\/li>\n\n\n\n<li><strong>W przysz\u0142\u0105 niedziele zmiana tajemnic \u017bywego R\u00f3\u017ca\u0144ca po Mszy \u015bw. o godz. 7<\/strong><sup><strong>30<\/strong><\/sup> Zapraszamy do w\u0142\u0105czenia si\u0119 w modlitw\u0119 \u017bywego R\u00f3\u017ca\u0144ca.<\/li>\n\n\n\n<li><strong>W przysz\u0142\u0105 niedziele po Mszy \u015bw. o godz. 18<\/strong><sup><strong>30<\/strong><\/sup><strong> nauka dla rodzic\u00f3w i chrzestnych przed sakramentem chrztu \u015bw. dzieci.<\/strong><\/li>\n\n\n\n<li><strong>Par. w Otyniu organizuje wyjazd do Warszawy na Marsz Niepodleg\u0142o\u015bci. Kontakt tel. 794 22 94 34<\/strong><\/li>\n\n\n\n<li><strong><em>Dzi\u0119kujemy za ofiary na tac\u0119 i za przelewy na konto parafii. B\u00f3g Zap\u0142a\u0107. Numer konta bankowego parafii: 58 9673 0007 0000 0300 4864 0001<\/em><\/strong><\/li>\n\n\n\n<li><strong>Dzi\u0119kujemy 6 wiernym, 1 dziecku z o\u015b. Konstytucji blok nr. 14 i blok nr. 15 <\/strong><strong>i 2<\/strong><strong> osobom ch\u0119tnym za sprz\u0105tanie ko\u015bcio\u0142a i ofiary na kwiaty. Msza \u015bw. za te rodziny 3.12.2024 o godz. 6<\/strong><sup><strong>30<\/strong><\/sup><strong>.<\/strong><\/li>\n\n\n\n<li><strong>W sobot\u0119 na godz. 10<\/strong><sup><strong>00<\/strong><\/sup><strong> do sprz\u0105tania ko\u015bcio\u0142a zapraszamy wiernych zam. na O\u015b. Konstytucji blok nr. 12 i blok nr. 17.<\/strong><\/li>\n\n\n\n<li><strong>Zach\u0119camy do zakupu i lektury prasy katolickiej: Tygodnika NIEDZIELA, GO\u015a\u0106 NIEDZIELNY i Ma\u0142y Go\u015b\u0107 Niedzielny kupi\u0107 je mo\u017cna w zakrystii i u ministrant\u00f3w przy wyj\u015bciu z ko\u015bcio\u0142a.<\/strong><\/li>\n\n\n\n<li><strong>W minionym tygodniu z naszej parafii zmarli: +<\/strong>Maria <strong>Janiszewska z ul. Staszica; +<\/strong>Wanda<strong> J\u00f3\u017awiak z o\u015b. Konstytucji 3 Maja<\/strong>. <strong>Pami\u0119tajmy o zmar\u0142ych polecaj\u0105c ich Bo\u017cemu Mi\u0142osierdziu.<\/strong><\/li>\n<\/ol>\n\n\n\n<ol start=\"26\" class=\"wp-block-list\">\n<li><strong>Wszystkim parafianom<\/strong><strong> i go\u015bciom \u017cyczymy Bo\u017cego b\u0142ogos\u0142awie\u0144stwa.<\/strong><\/li>\n<\/ol>\n\n\n\n<p class=\"has-text-align-right\">Ks. Krzysztof Kocz<br>Proboszcz<\/p>\n\n\n\n<div style=\"height:40px\" aria-hidden=\"true\" class=\"wp-block-spacer\"><\/div>\n\n\n\n<p><\/p>\n","protected":false},"excerpt":{"rendered":"","protected":false},"author":3,"featured_media":3316,"comment_status":"closed","ping_status":"closed","sticky":false,"template":"","format":"standard","meta":{"_lmt_disableupdate":"","_lmt_disable":"","footnotes":""},"categories":[19],"tags":[],"class_list":["post-8483","post","type-post","status-publish","format-standard","has-post-thumbnail","hentry","category-ogloszenia"],"_links":{"self":[{"href":"https:\/\/swiety-jozef.pl\/index.php\/wp-json\/wp\/v2\/posts\/8483","targetHints":{"allow":["GET"]}}],"collection":[{"href":"https:\/\/swiety-jozef.pl\/index.php\/wp-json\/wp\/v2\/posts"}],"about":[{"href":"https:\/\/swiety-jozef.pl\/index.php\/wp-json\/wp\/v2\/types\/post"}],"author":[{"embeddable":true,"href":"https:\/\/swiety-jozef.pl\/index.php\/wp-json\/wp\/v2\/users\/3"}],"replies":[{"embeddable":true,"href":"https:\/\/swiety-jozef.pl\/index.php\/wp-json\/wp\/v2\/comments?post=8483"}],"version-history":[{"count":4,"href":"https:\/\/swiety-jozef.pl\/index.php\/wp-json\/wp\/v2\/posts\/8483\/revisions"}],"predecessor-version":[{"id":8489,"href":"https:\/\/swiety-jozef.pl\/index.php\/wp-json\/wp\/v2\/posts\/8483\/revisions\/8489"}],"wp:featuredmedia":[{"embeddable":true,"href":"https:\/\/swiety-jozef.pl\/index.php\/wp-json\/wp\/v2\/media\/3316"}],"wp:attachment":[{"href":"https:\/\/swiety-jozef.pl\/index.php\/wp-json\/wp\/v2\/media?parent=8483"}],"wp:term":[{"taxonomy":"category","embeddable":true,"href":"https:\/\/swiety-jozef.pl\/index.php\/wp-json\/wp\/v2\/categories?post=8483"},{"taxonomy":"post_tag","embeddable":true,"href":"https:\/\/swiety-jozef.pl\/index.php\/wp-json\/wp\/v2\/tags?post=8483"}],"curies":[{"name":"wp","href":"https:\/\/api.w.org\/{rel}","templated":true}]}}