{"id":8464,"date":"2024-10-12T20:58:29","date_gmt":"2024-10-12T18:58:29","guid":{"rendered":"https:\/\/swiety-jozef.pl\/?p=8464"},"modified":"2024-10-12T21:20:38","modified_gmt":"2024-10-12T19:20:38","slug":"intencje-mszalne-13-10-20-10-2024-r","status":"publish","type":"post","link":"https:\/\/swiety-jozef.pl\/index.php\/2024\/10\/12\/intencje-mszalne-13-10-20-10-2024-r\/","title":{"rendered":"Intencje mszalne 13.10 \u2013 20.10.2024 r."},"content":{"rendered":"\n<!--more-->\n\n\n\n<div style=\"height:25px\" aria-hidden=\"true\" class=\"wp-block-spacer\"><\/div>\n\n\n\n<p class=\"has-vivid-red-color has-text-color has-link-color wp-elements-dbff4e38faa64504a6f9ba74acbe59ed\"><strong>Niedziela 13.10.24r. Dzie\u0144 Papieski<\/strong><\/p>\n\n\n\n<p>7.30. 1. + rodzice Janina, Stanis\u0142aw, brat Micha\u0142<\/p>\n\n\n\n<p>2. Dz. b\u0142. z ok. urodzin i imienin Jadwigi Krupij<\/p>\n\n\n\n<p>9.30. 1. +Bronis\u0142awa \/ona\/ Wieczorek w 25 rocz. \u015bm. i zm. z rodz.<\/p>\n\n\n\n<p>2. +Maria Matejczyk greg 13<\/p>\n\n\n\n<p>11.00. 1. +Danuta i Zdzis\u0142aw, zm. z rodz. Zawierucha<\/p>\n\n\n\n<p>2. +Zofia, Czes\u0142aw Marz\u0119da<\/p>\n\n\n\n<p>12.30. 1. Za parafian<\/p>\n\n\n\n<p>2. Dz.-b. w int. Marii Czerwi\u0144skiej w 1 rocz. ur. za rodzic\u00f3w i rodze\u0144stwo<\/p>\n\n\n\n<p>chrzest: Aleksander Koz\u0142owski, Hanna Kozio\u0142, Alex Did\u0142uch, Laura Kiziok, Leonard G\u0105siorowski<\/p>\n\n\n\n<p>14.00. 1. +Wies\u0142aw \/on\/ Pieluszczak, +Aniela, Stanis\u0142aw i zm. z rodz.<\/p>\n\n\n\n<p>2. O Bo\u017ce b\u0142og. dla Jadwiga Krasowska z ok. imienin i jej rodziny int. R\u00f3\u017cy MB. Klenickiej<\/p>\n\n\n\n<p>3. +Leokadia Kot 18 r. \u015bm.<\/p>\n\n\n\n<p>18.30. 1. +Franciszka \/ona\/ Janusz 52 r. \u015bm. i zm. z rodz.<\/p>\n\n\n\n<div style=\"height:25px\" aria-hidden=\"true\" class=\"wp-block-spacer\"><\/div>\n\n\n\n<p><strong>Poniedzia\u0142ek 14.10.24r.<\/strong><\/p>\n\n\n\n<p>7.00. 1. +Maria Matejczyk greg 14<\/p>\n\n\n\n<p>2. +Danuta, Albin, Karol, Stanis\u0142awa \/ona\/, Franciszek Jastrz\u0119bski<\/p>\n\n\n\n<p>18.00. 1. +Jadwiga Siluk<\/p>\n\n\n\n<p>2. w int. si\u00f3str SJ int. od \u017bywego R\u00f3\u017ca\u0144ca<\/p>\n\n\n\n<div style=\"height:25px\" aria-hidden=\"true\" class=\"wp-block-spacer\"><\/div>\n\n\n\n<p><strong>Wtorek 15.10.24r.<\/strong><\/p>\n\n\n\n<p>7.00. 1. +Maria Matejczyk greg 15<\/p>\n\n\n\n<p>2. Dz. b\u0142agalna z ok. imienin Jadwiga Lewicka<\/p>\n\n\n\n<p>18.00. 1. +J\u00f3zefa \/ona\/, Henryk<\/p>\n\n\n\n<p>2. w int. Genowefa w 94 rocz. urodzin dz. b\u0142.<\/p>\n\n\n\n<div style=\"height:25px\" aria-hidden=\"true\" class=\"wp-block-spacer\"><\/div>\n\n\n\n<p><strong>\u015aroda 16.10.24r.<\/strong><\/p>\n\n\n\n<p>7.00. 1. +Maria Matejczyk greg 16<\/p>\n\n\n\n<p>2. w int. sprz\u0105taj\u0105cych ko\u015bci\u00f3\u0142 z os. Konstytucji 3Maja bl. Nr 1 i 2,1 os. ch\u0119tnej i ich rodzin<\/p>\n\n\n\n<p>18.00. 1. w int. Teresa Brembor, Teresa P\u0119talska, Urszula Zarzeczna z ok. im. od R\u00f3\u017cy \u015bw. Katarzyny<\/p>\n\n\n\n<p>2. w int. Teresa Szymlet, Jadwiga G\u00f3rewicz, Teresa Buszta, Irena Angielska, Urszula Zagrodna z ok. im. z R\u00f3\u017cy MB Nieustaj\u0105cej Pomocy<\/p>\n\n\n\n<p>3. w int. Jadwiga Defitowska i Irena \u015aliwa z ok. imienin dzi\u0119kczynna od R\u00f3\u017cy NMP Kr\u00f3lowej Polski<\/p>\n\n\n\n<div style=\"height:25px\" aria-hidden=\"true\" class=\"wp-block-spacer\"><\/div>\n\n\n\n<p><strong>Czwartek 17.10.24r.<\/strong><\/p>\n\n\n\n<p>7.00. 1. w int. cz\u0142onkin R\u00f3\u017cy \u015bw. Jadwigi o Bo\u017ce b\u0142og.<\/p>\n\n\n\n<p>2. +Ryszard Piotrowski i zm. z rodziny<\/p>\n\n\n\n<p>3. +ks. Ryszard Mulawa int. od rodziny z Bi\u0142goraja \/ks. Konrad\/<\/p>\n\n\n\n<p>18.00. 1. +Stanis\u0142aw Weryszko,++z rodziny<\/p>\n\n\n\n<p>2. +Maria Matejczyk greg 17<\/p>\n\n\n\n<div style=\"height:25px\" aria-hidden=\"true\" class=\"wp-block-spacer\"><\/div>\n\n\n\n<p><strong>Pi\u0105tek 18.10.24r.<\/strong><\/p>\n\n\n\n<p>7.00 1. +Maria Matejczyk greg 18<\/p>\n\n\n\n<p>2. +Janina Szermerowska w m-c pod \u015bm.<\/p>\n\n\n\n<p>3. +ks. Ryszard Mulawa int. od rodz. Kluz z Chicago i \u0141uszczak z Niemiec \/ks. Konrad\/<\/p>\n\n\n\n<p>18.00. 1. +Dusze w czy\u015b\u0107cu cierpi\u0105ce<\/p>\n\n\n\n<p>2. Dz.-b\u0142ag. Aron (on) 3 rocz. ur. z pro\u015bb\u0105 o potrzebne \u0142aski, Bo\u017ce b\u0142og. i opiek\u0119 Matki Naj\u015bwi\u0119tszej<\/p>\n\n\n\n<div style=\"height:25px\" aria-hidden=\"true\" class=\"wp-block-spacer\"><\/div>\n\n\n\n<p><strong>Sobota 19.10.24r.<\/strong><\/p>\n\n\n\n<p>7.00. 1. +Maria Matejczyk greg 19<\/p>\n\n\n\n<p>2. +ks. Ryszard Mulawa int. od Jadwigi i Tadeusza Mulawa \/ks. Konrad\/<\/p>\n\n\n\n<p>12.00. Msza \u015bw. + chrzest Wanda Prozorowska<\/p>\n\n\n\n<p>18.00. 1.+Wanda i Henryk Frybel, Lidia i Edward Maciejewscy i zm. z rodz.<\/p>\n\n\n\n<p>2. +Anna Mackiewicz(14 r. \u015bm.)<\/p>\n\n\n\n<div style=\"height:25px\" aria-hidden=\"true\" class=\"wp-block-spacer\"><\/div>\n\n\n\n<p class=\"has-vivid-red-color has-text-color has-link-color wp-elements-4b751e2f48608901f2de2c7f39e7067a\"><strong>Niedziela 20.10.24r.<\/strong><\/p>\n\n\n\n<p>7.30. 1. +Maria Matejczyk greg 20<\/p>\n\n\n\n<p>2.. +Janina \u0141ab\u0119ska 2 r. \u015bm<\/p>\n\n\n\n<p>9.30. 1. + Antoni w 37 rocz. \u015bmierci oraz Jan Towpik w 14 rocz. \u015bm. i zm. z tych rodzin<\/p>\n\n\n\n<p>2. w int. Izabela i S\u0142awomir Wasilewscy w 30 rocz. \u015blubu dzi\u0119kczynna z pro\u015bb\u0105 o b\u0142. Bo\u017ce i opiek\u0119 MB na dalsze lata \u017cycia<\/p>\n\n\n\n<p>11.00. 1 +Anastazja Reizner w 33 rocz. \u015bmierci oraz jej m\u0119\u017ca Andrzeja<\/p>\n\n\n\n<p>2. w int. Izabela w 50 rocz. urodzin \u2013 dzi\u0119kczynna z pro\u015bb\u0105 o b\u0142. Bo\u017ce potrzebne \u0142aski, opiek\u0119 Matki Naj\u015bwi\u0119tszej dla niej i jej rodziny<\/p>\n\n\n\n<p>3. Dz.-B\u0142. z ok. 15 rocz. ur. Natalia Mazurek<\/p>\n\n\n\n<p>12.30. 1. Za parafian<\/p>\n\n\n\n<p>2. Dz. b\u0142 w int. Ireny z pro\u015bb\u0105 o \u0142ask\u0119 zdrowia<\/p>\n\n\n\n<p>14.00. 1. +Paulina, Micha\u0142 Janisio<\/p>\n\n\n\n<p>2. + Helena, Konstanty Majczak, Anna<\/p>\n\n\n\n<p>18.30. 1. +Janina Pacyna 1 r. \u015bm. i zm. z rodz. Pacyna i Lisek<\/p>\n\n\n\n<div style=\"height:40px\" aria-hidden=\"true\" class=\"wp-block-spacer\"><\/div>\n","protected":false},"excerpt":{"rendered":"","protected":false},"author":3,"featured_media":4429,"comment_status":"closed","ping_status":"closed","sticky":false,"template":"","format":"standard","meta":{"_lmt_disableupdate":"","_lmt_disable":"","footnotes":""},"categories":[20],"tags":[],"class_list":["post-8464","post","type-post","status-publish","format-standard","has-post-thumbnail","hentry","category-intencje"],"_links":{"self":[{"href":"https:\/\/swiety-jozef.pl\/index.php\/wp-json\/wp\/v2\/posts\/8464","targetHints":{"allow":["GET"]}}],"collection":[{"href":"https:\/\/swiety-jozef.pl\/index.php\/wp-json\/wp\/v2\/posts"}],"about":[{"href":"https:\/\/swiety-jozef.pl\/index.php\/wp-json\/wp\/v2\/types\/post"}],"author":[{"embeddable":true,"href":"https:\/\/swiety-jozef.pl\/index.php\/wp-json\/wp\/v2\/users\/3"}],"replies":[{"embeddable":true,"href":"https:\/\/swiety-jozef.pl\/index.php\/wp-json\/wp\/v2\/comments?post=8464"}],"version-history":[{"count":1,"href":"https:\/\/swiety-jozef.pl\/index.php\/wp-json\/wp\/v2\/posts\/8464\/revisions"}],"predecessor-version":[{"id":8465,"href":"https:\/\/swiety-jozef.pl\/index.php\/wp-json\/wp\/v2\/posts\/8464\/revisions\/8465"}],"wp:featuredmedia":[{"embeddable":true,"href":"https:\/\/swiety-jozef.pl\/index.php\/wp-json\/wp\/v2\/media\/4429"}],"wp:attachment":[{"href":"https:\/\/swiety-jozef.pl\/index.php\/wp-json\/wp\/v2\/media?parent=8464"}],"wp:term":[{"taxonomy":"category","embeddable":true,"href":"https:\/\/swiety-jozef.pl\/index.php\/wp-json\/wp\/v2\/categories?post=8464"},{"taxonomy":"post_tag","embeddable":true,"href":"https:\/\/swiety-jozef.pl\/index.php\/wp-json\/wp\/v2\/tags?post=8464"}],"curies":[{"name":"wp","href":"https:\/\/api.w.org\/{rel}","templated":true}]}}