{"id":8452,"date":"2024-10-05T20:04:57","date_gmt":"2024-10-05T18:04:57","guid":{"rendered":"https:\/\/swiety-jozef.pl\/?p=8452"},"modified":"2024-10-05T20:11:31","modified_gmt":"2024-10-05T18:11:31","slug":"ogloszenia-duszpasterskie-06-10-2024-r","status":"publish","type":"post","link":"https:\/\/swiety-jozef.pl\/index.php\/2024\/10\/05\/ogloszenia-duszpasterskie-06-10-2024-r\/","title":{"rendered":"Og\u0142oszenia duszpasterskie 06.10.2024 r."},"content":{"rendered":"\n<!--more-->\n\n\n\n<p class=\"has-text-align-right\">Nowa S\u00f3l 06.10.2024<\/p>\n\n\n\n<h4 class=\"wp-block-heading has-text-align-center\">Og\u0142oszenia duszpasterskie<br>XXVII Niedziela okresu zwyk\u0142ego rok B<\/h4>\n\n\n\n<div style=\"height:25px\" aria-hidden=\"true\" class=\"wp-block-spacer\"><\/div>\n\n\n\n<ol class=\"wp-block-list\">\n<li><strong>Dzisiaj na Mszy \u015bw. o godz. 7<\/strong><sup><strong>30<\/strong><\/sup><strong> zmiana tajemnic \u017bywego R\u00f3\u017ca\u0144ca a po Mszy \u015bw. o godz. 18<\/strong><sup><strong>30 <\/strong><\/sup><strong>nauka dla rodzic\u00f3w i chrzestnych przed chrztem \u015bw. dzieci<\/strong><\/li>\n\n\n\n<li><strong>Dzisiaj na Mszy \u015bw. o godz. 11<\/strong><sup><strong>00<\/strong><\/sup><strong> po\u015bwi\u0119cenie r\u00f3\u017ca\u0144c\u00f3w dla dzieci klas III<\/strong><\/li>\n\n\n\n<li><strong>R\u00f3\u017ca\u0144ce mo\u017cna naby\u0107 w zakrystii.<\/strong><\/li>\n\n\n\n<li><strong>Dzisiaj po Mszy \u015bw. o godz. 11<\/strong><sup><strong>00<\/strong><\/sup><strong> spotkanie z rodzicami dzieci klas II w ramach przygotowania do I Komunii \u015bw.<\/strong><\/li>\n\n\n\n<li><strong>W poniedzia\u0142ek NMP R\u00f3\u017ca\u0144cowej<\/strong><\/li>\n\n\n\n<li><strong>Spotkanie m\u0142odzie\u017cy przygotowuj\u0105cej do sakramentu bierzmowania odb\u0119dzie si\u0119: <\/strong><strong>klas VIII w czwartek 10 X <\/strong><strong>a<\/strong><strong> klasy VII w pi\u0105tek 11 X<\/strong><strong>. Spotkanie rozpoczyna si\u0119 Msz\u0105 \u015bw. o godz. 18<\/strong><sup><strong>00<\/strong><\/sup><strong>.<\/strong><\/li>\n\n\n\n<li><strong>Trwa miesi\u0105c pa\u017adziernik<\/strong> \u2013 miesi\u0105c oddawania czci Matce Bo\u017cej przez nabo\u017ce\u0144stwo r\u00f3\u017ca\u0144cowe.<\/li>\n<\/ol>\n\n\n\n<ul class=\"wp-block-list\">\n<li>&#8211; <strong>Nabo\u017ce\u0144stwo r\u00f3\u017ca\u0144cowe <\/strong>dla <strong>dzieci <\/strong><strong>w dni powszednie<\/strong> od poniedzia\u0142ku do pi\u0105tku <strong>o<\/strong><strong> godz. 17<\/strong><sup><strong>00<\/strong><\/sup><strong>,<\/strong> dzieci po ka\u017cdym r\u00f3\u017ca\u0144cu otrzymuj\u0105 naklejki kolejnych tajemnic r\u00f3\u017ca\u0144ca.<\/li>\n<\/ul>\n\n\n\n<ul class=\"wp-block-list\">\n<li>&#8211; r\u00f3\u017caniec dla <strong>starszych o godz. 17<\/strong><sup><strong>30 <\/strong><\/sup>po r\u00f3\u017ca\u0144cu ok. godz. 18<sup>00<\/sup> Msza \u015aw<strong>.<\/strong><\/li>\n<\/ul>\n\n\n\n<ul class=\"wp-block-list\">\n<li><strong>&#8211; <\/strong>w niedziele r\u00f3\u017caniec o godz. 18<sup>00<\/sup><\/li>\n<\/ul>\n\n\n\n<ul class=\"wp-block-list\">\n<li><strong>&#8211;<\/strong><strong> uczni\u00f3w klas IV zapraszamy na r\u00f3\u017caniec w poniedzia\u0142ek godz. 17<\/strong><sup><strong>00<\/strong><\/sup><\/li>\n<\/ul>\n\n\n\n<ul class=\"wp-block-list\">\n<li><strong>&#8211;<\/strong><strong>uczni\u00f3w klas V zapraszamy na r\u00f3\u017caniec wtorek godz. 17<\/strong><sup><strong>00<\/strong><\/sup><\/li>\n<\/ul>\n\n\n\n<ul class=\"wp-block-list\">\n<li><strong>&#8211; uczni\u00f3w klas VI zapraszamy na r\u00f3\u017caniec w \u015brod\u0119 godz. 17<\/strong><sup><strong>00<\/strong><\/sup><\/li>\n<\/ul>\n\n\n\n<ol start=\"8\" class=\"wp-block-list\">\n<li><strong>W przysz\u0142\u0105 niedziel\u0119 13 pa\u017adziernika 46 rocznica wyboru Jana Paw\u0142a II na Stolic\u0119 Piotrow\u0105.<\/strong><strong> Prze\u017cywamy<\/strong><strong> Dzie\u0144 Papieski \u2013 zbi\u00f3rka do puszek na Dzie\u0142o Nowego Tysi\u0105clecia, czyli pomoc w dalszej nauce <\/strong><strong>szczeg\u00f3lnie uzdolnionym dzieciom i m\u0142odzie\u017cy pochodz\u0105cych z ubogich rodzin.<\/strong><\/li>\n\n\n\n<li><strong>W Dniu Papieskim m\u0142odzie\u017c z naszej parafii b\u0119dzie sprzedawa\u0142a krem\u00f3wki papieskie \u2013cena 20 z\u0142. Zebrane ofiary pomog\u0105 naszej m\u0142odzie\u017cy w zorganizowaniu wyjazdu na Festiwal M\u0142odych do Medjugorie w sierpniu.<\/strong><\/li>\n\n\n\n<li><strong>Dzieci klas III po Mszy \u015bw. prosimy o pozostanie w ko\u015bciele po wpisy do dzienniczk\u00f3w.<\/strong><\/li>\n\n\n\n<li><strong>Dzieci od 4 latk\u00f3w do klas II zapraszamy do kaplicy po plansze i naklejki z dzisiejszej ewangelii.<\/strong><\/li>\n\n\n\n<li><strong>W \u015brod\u0119 o godz. 18<\/strong><sup><strong>00 <\/strong><\/sup><strong>Nowenna<\/strong> do Matki Bo\u017cej Nieustaj\u0105cej Pomocy i \u015bw. J\u00f3zefa.<\/li>\n\n\n\n<li><strong>Zbli\u017ca si\u0119 czas szczeg\u00f3lnej modlitwy za zmar\u0142ych w ko\u015bciele. Przy wyj\u015bciu z ko\u015bcio\u0142a s\u0105 wy\u0142o\u017cone kartki wypominkowe. Ofiary sk\u0142adane przy okazji wypominek s\u0105 przeznaczone na potrzeby parafii. Wypominki ca\u0142oroczne sk\u0142adamy wy\u0142\u0105cznie w zakrystii.<\/strong><\/li>\n\n\n\n<li><strong><em>Dzi\u0119kujemy za ofiary na tac\u0119 i za przelewy na konto parafii. B\u00f3g Zap\u0142a\u0107. Numer konta bankowego parafii: 58 9673 0007 0000 0300 4864 0001<\/em><\/strong><\/li>\n\n\n\n<li><strong>Dzi\u0119kujemy 13 wiernym z o\u015b. Konstytucji blok nr. 3 i blok nr. 4 <\/strong><strong>i 2<\/strong><strong> osobom ch\u0119tnym za sprz\u0105tanie ko\u015bcio\u0142a i ofiary na kwiaty. Msza \u015bw. za te rodziny 25.10.2024 o godz. 7<\/strong><sup><strong>00<\/strong><\/sup><strong>.<\/strong><\/li>\n\n\n\n<li><strong>W sobot\u0119 na godz. 9<\/strong><sup><strong>00<\/strong><\/sup><strong> do sprz\u0105tania ko\u015bcio\u0142a zapraszamy wiernych zam. na O\u015b. Konstytucji blok nr. 8 i blok nr. 9<\/strong><\/li>\n\n\n\n<li><strong>Zach\u0119camy do zakupu i lektury prasy katolickiej: Tygodnika NIEDZIELA, GO\u015a\u0106 NIEDZIELNY i Ma\u0142y Go\u015b\u0107 Niedzielny kupi\u0107 je mo\u017cna w zakrystii i u ministrant\u00f3w przy wyj\u015bciu z ko\u015bcio\u0142a.<\/strong><\/li>\n\n\n\n<li><strong>W minionym tygodniu z naszej parafii zmarli: +Zygmunt Karpa z ul. Kossaka; + Pawe\u0142 Gosek z ul. Kossaka<\/strong> <strong>Pami\u0119tajmy o zmar\u0142ych polecaj\u0105c ich Bo\u017cemu Mi\u0142osierdziu.<\/strong><\/li>\n\n\n\n<li><strong>Pozdrawiamy wszystkich chorych i \u017cyczymy szybkiego powrotu do zdrowia.<\/strong><\/li>\n\n\n\n<li><strong>Wszystkim parafianom<\/strong><strong> i go\u015bciom \u017cyczymy Bo\u017cego b\u0142ogos\u0142awie\u0144stwa.<\/strong><\/li>\n<\/ol>\n\n\n\n<ol start=\"19\" class=\"wp-block-list\">\n<li><\/li>\n<\/ol>\n\n\n\n<p class=\"has-text-align-right\">Ks. Krzysztof Kocz<br>Proboszcz<\/p>\n\n\n\n<div style=\"height:40px\" aria-hidden=\"true\" class=\"wp-block-spacer\"><\/div>\n","protected":false},"excerpt":{"rendered":"","protected":false},"author":3,"featured_media":3316,"comment_status":"closed","ping_status":"closed","sticky":false,"template":"","format":"standard","meta":{"_lmt_disableupdate":"","_lmt_disable":"","footnotes":""},"categories":[19],"tags":[],"class_list":["post-8452","post","type-post","status-publish","format-standard","has-post-thumbnail","hentry","category-ogloszenia"],"_links":{"self":[{"href":"https:\/\/swiety-jozef.pl\/index.php\/wp-json\/wp\/v2\/posts\/8452","targetHints":{"allow":["GET"]}}],"collection":[{"href":"https:\/\/swiety-jozef.pl\/index.php\/wp-json\/wp\/v2\/posts"}],"about":[{"href":"https:\/\/swiety-jozef.pl\/index.php\/wp-json\/wp\/v2\/types\/post"}],"author":[{"embeddable":true,"href":"https:\/\/swiety-jozef.pl\/index.php\/wp-json\/wp\/v2\/users\/3"}],"replies":[{"embeddable":true,"href":"https:\/\/swiety-jozef.pl\/index.php\/wp-json\/wp\/v2\/comments?post=8452"}],"version-history":[{"count":3,"href":"https:\/\/swiety-jozef.pl\/index.php\/wp-json\/wp\/v2\/posts\/8452\/revisions"}],"predecessor-version":[{"id":8457,"href":"https:\/\/swiety-jozef.pl\/index.php\/wp-json\/wp\/v2\/posts\/8452\/revisions\/8457"}],"wp:featuredmedia":[{"embeddable":true,"href":"https:\/\/swiety-jozef.pl\/index.php\/wp-json\/wp\/v2\/media\/3316"}],"wp:attachment":[{"href":"https:\/\/swiety-jozef.pl\/index.php\/wp-json\/wp\/v2\/media?parent=8452"}],"wp:term":[{"taxonomy":"category","embeddable":true,"href":"https:\/\/swiety-jozef.pl\/index.php\/wp-json\/wp\/v2\/categories?post=8452"},{"taxonomy":"post_tag","embeddable":true,"href":"https:\/\/swiety-jozef.pl\/index.php\/wp-json\/wp\/v2\/tags?post=8452"}],"curies":[{"name":"wp","href":"https:\/\/api.w.org\/{rel}","templated":true}]}}