{"id":8436,"date":"2024-09-24T15:46:44","date_gmt":"2024-09-24T13:46:44","guid":{"rendered":"https:\/\/swiety-jozef.pl\/?p=8436"},"modified":"2024-09-24T15:46:47","modified_gmt":"2024-09-24T13:46:47","slug":"nie-zyje-ks-ryszard-mulawa","status":"publish","type":"post","link":"https:\/\/swiety-jozef.pl\/index.php\/2024\/09\/24\/nie-zyje-ks-ryszard-mulawa\/","title":{"rendered":"Nie \u017cyje ks. Ryszard Mulawa"},"content":{"rendered":"\n<!--more-->\n\n\n\n<div style=\"height:25px\" aria-hidden=\"true\" class=\"wp-block-spacer\"><\/div>\n\n\n\n<p>W poniedzia\u0142ek 23 wrze\u015bnia 2024 r. w godzinach porannych w szpitalu w Nowej Soli, w 66. roku \u017cycia i 39. roku kap\u0142a\u0144stwa, zako\u0144czy\u0142 swoj\u0105 ziemsk\u0105 pielgrzymk\u0119 \u015bp. ks. Ryszard Mulawa, emerytowany kap\u0142an diecezji zielonog\u00f3rsko-gorzowskiej, rezydent w parafii pw. \u015bw. J\u00f3zefa Rzemie\u015blnika w Nowej Soli.<\/p>\n\n\n\n<p>Uroczysto\u015bci pogrzebowe zmar\u0142ego Kap\u0142ana odb\u0119d\u0105 si\u0119 wed\u0142ug nast\u0119puj\u0105cego porz\u0105dku:<\/p>\n\n\n\n<p>Czwartek 26 wrze\u015bnia 2024 r. \u2013 ko\u015bci\u00f3\u0142 parafialny pw. \u015bw. Bart\u0142omieja Aposto\u0142a w Mi\u0142akowie<\/p>\n\n\n\n<ul class=\"wp-block-list\">\n<li>godz. 18.30 \u2013 Czuwanie modlitewne;<\/li>\n\n\n\n<li>godz. 19.30 \u2013 Msza \u015bw. \u017ca\u0142obna dla duchowie\u0144stwa Dekanatu Ko\u017cuch\u00f3w.<\/li>\n<\/ul>\n\n\n\n<p>Pi\u0105tek 27 wrze\u015bnia 2024 r. \u2013 Nowa S\u00f3l<\/p>\n\n\n\n<ul class=\"wp-block-list\">\n<li>godz. 10.00 \u2013 Czuwanie modlitewne w ko\u015bciele parafialnym pw. \u015bw. J\u00f3zefa Rzemie\u015blnika;<\/li>\n\n\n\n<li>godz. 11.00 \u2013 Msza \u015bw. pogrzebowa;<\/li>\n\n\n\n<li>Po zako\u0144czeniu mszy \u015bw. przejazd na cmentarz przy ul. Piaskowej (Nowe \u017babno), gdzie nast\u0105pi\u0105 dalsze obrz\u0119du pogrzebowe.<\/li>\n<\/ul>\n\n\n\n<p>\u015ap. ks. Ryszard Mulawa urodzi\u0142 si\u0119 6 kwietnia 1958 r. w Nowej Soli w rodzinie J\u00f3zefa i Haliny. Zosta\u0142 ochrzczony 20 kwietnia 1958 r. w ko\u015bciele pw. \u015bw. Antoniego w Nowej Soli. Na katechez\u0119 ucz\u0119szcza\u0142 do parafii pw. \u015bw. Micha\u0142a w Nowej Soli i tam r\u00f3wnie\u017c przyst\u0105pi\u0142 do I Komunii \u015bw. i przyj\u0105\u0142 sakrament bierzmowania. Uko\u0144czy\u0142 Szko\u0142\u0119 Podstawow\u0105 nr 7 w Nowej Soli, a nast\u0119pnie \u2013 r\u00f3wnie\u017c w Nowej Soli \u2013 Liceum Og\u00f3lnokszta\u0142c\u0105ce nr 3. \u015awiadectwo dojrza\u0142o\u015bci uzyska\u0142 w 1977 r. Kontynuowa\u0142 nauk\u0119 w Policealnym Studium Zawodowym w Zielonej G\u00f3rze uzyskuj\u0105c tam tytu\u0142 technika elektronika. W 1979 r. rozpocz\u0105\u0142 studia w Wy\u017cszym Seminarium Duchownym w Parady\u017cu. 26 maja 1985 r. w ko\u015bciele katedralnym w Gorzowie Wlkp. otrzyma\u0142 \u015bwi\u0119cenia kap\u0142a\u0144skie z r\u0105k s\u0142ugi Bo\u017cego bp. Wilhelma Pluty. Jako wikariusz pracowa\u0142 w \u017baganiu (par. Nawiedzenia NMP, zast\u0119pstwo wakacyjne w 1985), Gorzowie Wlkp. (par. \u015bw. Maksymiliana Kolbego, 1985-1988), Rzepinie (1988-1990), Zielonej G\u00f3rze (par. Naj\u015bw. Zbawiciela, 1990-1992), S\u0142ubicach (1992-1994), Mi\u0119dzyrzeczu (par. \u015bw. Wojciecha, 1994-1996) i Szprotawie (par. Wniebowzi\u0119cia NMP, 1994-1997). 20 sierpnia 1997 r. mianowano go rektorem samodzielnego wikariatu pw. \u015awi\u0119tej Rodziny w Wiechlicach. Po przekszta\u0142ceniu tej plac\u00f3wki w parafi\u0119 \u2013 23 kwietnia 1998 r. \u2013 zosta\u0142 jej pierwszym proboszczem. Ze wzgl\u0119du na z\u0142y stan zdrowia w 2020 r. otrzyma\u0142 zwolnienie z tego urz\u0119du i zamieszka\u0142 jako rezydent w parafii pw. \u015bw. Micha\u0142a Archanio\u0142a w \u015awiebodzinie. 1 sierpnia 2011 r. zosta\u0142 proboszczem parafii pw. \u015bw. Bart\u0142omieja Aposto\u0142a w Mi\u0142akowie. 1 sierpnia 2024 r. przeszed\u0142 na emerytur\u0119 i zamieszka\u0142 w parafii pw. \u015bw. J\u00f3zefa Rzemie\u015blnika w Nowej Soli.<\/p>\n\n\n\n<div style=\"height:40px\" aria-hidden=\"true\" class=\"wp-block-spacer\"><\/div>\n","protected":false},"excerpt":{"rendered":"","protected":false},"author":3,"featured_media":8437,"comment_status":"open","ping_status":"open","sticky":false,"template":"","format":"standard","meta":{"_lmt_disableupdate":"","_lmt_disable":"","footnotes":""},"categories":[1],"tags":[],"class_list":["post-8436","post","type-post","status-publish","format-standard","has-post-thumbnail","hentry","category-bez-kategorii"],"_links":{"self":[{"href":"https:\/\/swiety-jozef.pl\/index.php\/wp-json\/wp\/v2\/posts\/8436","targetHints":{"allow":["GET"]}}],"collection":[{"href":"https:\/\/swiety-jozef.pl\/index.php\/wp-json\/wp\/v2\/posts"}],"about":[{"href":"https:\/\/swiety-jozef.pl\/index.php\/wp-json\/wp\/v2\/types\/post"}],"author":[{"embeddable":true,"href":"https:\/\/swiety-jozef.pl\/index.php\/wp-json\/wp\/v2\/users\/3"}],"replies":[{"embeddable":true,"href":"https:\/\/swiety-jozef.pl\/index.php\/wp-json\/wp\/v2\/comments?post=8436"}],"version-history":[{"count":1,"href":"https:\/\/swiety-jozef.pl\/index.php\/wp-json\/wp\/v2\/posts\/8436\/revisions"}],"predecessor-version":[{"id":8438,"href":"https:\/\/swiety-jozef.pl\/index.php\/wp-json\/wp\/v2\/posts\/8436\/revisions\/8438"}],"wp:featuredmedia":[{"embeddable":true,"href":"https:\/\/swiety-jozef.pl\/index.php\/wp-json\/wp\/v2\/media\/8437"}],"wp:attachment":[{"href":"https:\/\/swiety-jozef.pl\/index.php\/wp-json\/wp\/v2\/media?parent=8436"}],"wp:term":[{"taxonomy":"category","embeddable":true,"href":"https:\/\/swiety-jozef.pl\/index.php\/wp-json\/wp\/v2\/categories?post=8436"},{"taxonomy":"post_tag","embeddable":true,"href":"https:\/\/swiety-jozef.pl\/index.php\/wp-json\/wp\/v2\/tags?post=8436"}],"curies":[{"name":"wp","href":"https:\/\/api.w.org\/{rel}","templated":true}]}}