{"id":8432,"date":"2024-09-21T21:01:31","date_gmt":"2024-09-21T19:01:31","guid":{"rendered":"https:\/\/swiety-jozef.pl\/?p=8432"},"modified":"2024-09-21T21:01:34","modified_gmt":"2024-09-21T19:01:34","slug":"ogloszenia-duszpasterskie-22-09-2024-r","status":"publish","type":"post","link":"https:\/\/swiety-jozef.pl\/index.php\/2024\/09\/21\/ogloszenia-duszpasterskie-22-09-2024-r\/","title":{"rendered":"Og\u0142oszenia duszpasterskie 22.09.2024 r."},"content":{"rendered":"\n<!--more-->\n\n\n\n<p class=\"has-text-align-right\">Nowa S\u00f3l 22.09.2024<\/p>\n\n\n\n<h4 class=\"wp-block-heading has-text-align-center\">Og\u0142oszenia duszpasterskie<br>XXV Niedziela okresu zwyk\u0142ego rok B<\/h4>\n\n\n\n<div style=\"height:25px\" aria-hidden=\"true\" class=\"wp-block-spacer\"><\/div>\n\n\n\n<ol class=\"wp-block-list\">\n<li><strong>Dzisiaj 25 niedziela okresu zwyk\u0142ego<\/strong><\/li>\n\n\n\n<li><strong>W dzisiejsz\u0105 niedziele Rocznica po\u015bwi\u0119cenia naszego ko\u015bcio\u0142a. Zapraszam na Msz\u0119 \u015bw. o godz. 12<\/strong><sup><strong>30<\/strong><\/sup><strong> w intencji tych kt\u00f3rzy budowali i dzisiaj troszcz\u0105 si\u0119 o nasz ko\u015bci\u00f3\u0142, prosz\u0105c o mi\u0142osierdzie dla zmar\u0142ych i Bo\u017ce b\u0142ogos\u0142awie\u0144stwo dla \u017cyj\u0105cych.<\/strong><\/li>\n\n\n\n<li><strong>Dzisiaj na mszy \u015bw. o godz. 11<\/strong><sup><strong>00<\/strong><\/sup><strong> spotkanie z rodzicami dzieci klas III<\/strong><\/li>\n\n\n\n<li><strong>W \u015brod\u0119 o godz. 18<\/strong><sup><strong>00 <\/strong><\/sup><strong>Nowenna<\/strong> do Matki Bo\u017cej Nieustaj\u0105cej Pomocy i \u015bw. J\u00f3zefa.<\/li>\n\n\n\n<li><strong>Dzieci od 4 latk\u00f3w do klas II zapraszamy do kaplicy po plansze i naklejki z dzisiejszej ewangelii.<\/strong><\/li>\n\n\n\n<li><strong>Spotkanie Oazy Dzieci Bo\u017cych i m\u0142odzie\u017cy w \u015brod\u0119 o godz. 16<\/strong><sup><strong>00<\/strong><\/sup><\/li>\n\n\n\n<li><strong>Spotkanie scholii w pi\u0105tek o godz. 16<\/strong><sup><strong>00<\/strong><\/sup><\/li>\n\n\n\n<li><strong>Zbi\u00f3rka lektor\u00f3w, ministrant\u00f3w i kandydat\u00f3w na ministrant\u00f3w w sobot\u0119 o godz. 10<\/strong><sup><strong>00<\/strong><\/sup><\/li>\n\n\n\n<li><strong>Organizujemy PIELGRZYMKA \u017bYWEGO R\u00d3\u017bA\u0143CA I APOSTOLSTWA MARGARETKA do Rokitna w sobot\u0119 5 pa\u017adziernika. <\/strong>Zapisy w zakrystii. Koszt ok. 50 z\u0142.<\/li>\n\n\n\n<li><strong>W przysz\u0142\u0105 niedziele odpust w parafii \u015aw.<\/strong><strong> Micha\u0142a, suma odpustowa o godz. 12<\/strong><sup><strong>30<\/strong><\/sup><\/li>\n\n\n\n<li><strong><em>Dzi\u0119kujemy za ofiary na tac\u0119 i za przelewy na konto parafii. B\u00f3g Zap\u0142a\u0107. Numer konta bankowego parafii: 58 9673 0007 0000 0300 4864 0001<\/em><\/strong><\/li>\n\n\n\n<li><strong>Dzisiaj zbi\u00f3rka do puszek na pomoc osobom pokrzywdzonym przez pow\u00f3d\u017a.<\/strong><\/li>\n\n\n\n<li><strong>Dzi\u0119kujemy 7 wiernym z ul. z ul. <\/strong><strong>Mickiewicza, Tetmajera, Che\u0142mo\u0144skiego i Struga i 1<\/strong><strong> osobie ch\u0119tnej za sprz\u0105tanie ko\u015bcio\u0142a i ofiary na kwiaty. Msza \u015bw. za te rodziny 23.09.2024 o godz. 7<\/strong><sup><strong>00<\/strong><\/sup><strong>.<\/strong><\/li>\n\n\n\n<li><strong>W sobot\u0119 na godz. 9<\/strong><sup><strong>00<\/strong><\/sup><strong> do sprz\u0105tania ko\u015bcio\u0142a zapraszamy wiernych zam. na O\u015b. Konstytucji blok nr. 1 i blok nr. 2:<\/strong><\/li>\n\n\n\n<li><strong>Zach\u0119camy do zakupu i lektury prasy katolickiej: Tygodnika NIEDZIELA, GO\u015a\u0106 NIEDZIELNY i Ma\u0142y Go\u015b\u0107 Niedzielny kupi\u0107 je mo\u017cna w zakrystii i u ministrant\u00f3w przy wyj\u015bciu z ko\u015bcio\u0142a.<\/strong><\/li>\n\n\n\n<li> <strong>W minionym tygodniu z naszej parafii zmarli: +<\/strong><strong>Janina Szermerowska z o\u015b. Konstytucji 3 Maja; +J\u00f3zefa Przybylska z ul. Kasprowicza.<\/strong><\/li>\n\n\n\n<li><strong>Pami\u0119tajmy o zmar\u0142ych polecaj\u0105c ich Bo\u017cemu<\/strong><strong> Mi\u0142osierdziu.<\/strong><\/li>\n\n\n\n<li><strong>Pozdrawiamy wszystkich chorych i \u017cyczymy szybkiego powrotu do zdrowia.<\/strong><\/li>\n\n\n\n<li><strong>Wszystkim parafianom<\/strong><strong> i go\u015bciom \u017cyczymy Bo\u017cego b\u0142ogos\u0142awie\u0144stwa.<\/strong><\/li>\n<\/ol>\n\n\n\n<p class=\"has-text-align-right\">Ks. Krzysztof Kocz<br>Proboszcz<\/p>\n\n\n\n<div style=\"height:40px\" aria-hidden=\"true\" class=\"wp-block-spacer\"><\/div>\n","protected":false},"excerpt":{"rendered":"","protected":false},"author":3,"featured_media":3316,"comment_status":"closed","ping_status":"closed","sticky":false,"template":"","format":"standard","meta":{"_lmt_disableupdate":"","_lmt_disable":"","footnotes":""},"categories":[19],"tags":[],"class_list":["post-8432","post","type-post","status-publish","format-standard","has-post-thumbnail","hentry","category-ogloszenia"],"_links":{"self":[{"href":"https:\/\/swiety-jozef.pl\/index.php\/wp-json\/wp\/v2\/posts\/8432","targetHints":{"allow":["GET"]}}],"collection":[{"href":"https:\/\/swiety-jozef.pl\/index.php\/wp-json\/wp\/v2\/posts"}],"about":[{"href":"https:\/\/swiety-jozef.pl\/index.php\/wp-json\/wp\/v2\/types\/post"}],"author":[{"embeddable":true,"href":"https:\/\/swiety-jozef.pl\/index.php\/wp-json\/wp\/v2\/users\/3"}],"replies":[{"embeddable":true,"href":"https:\/\/swiety-jozef.pl\/index.php\/wp-json\/wp\/v2\/comments?post=8432"}],"version-history":[{"count":1,"href":"https:\/\/swiety-jozef.pl\/index.php\/wp-json\/wp\/v2\/posts\/8432\/revisions"}],"predecessor-version":[{"id":8433,"href":"https:\/\/swiety-jozef.pl\/index.php\/wp-json\/wp\/v2\/posts\/8432\/revisions\/8433"}],"wp:featuredmedia":[{"embeddable":true,"href":"https:\/\/swiety-jozef.pl\/index.php\/wp-json\/wp\/v2\/media\/3316"}],"wp:attachment":[{"href":"https:\/\/swiety-jozef.pl\/index.php\/wp-json\/wp\/v2\/media?parent=8432"}],"wp:term":[{"taxonomy":"category","embeddable":true,"href":"https:\/\/swiety-jozef.pl\/index.php\/wp-json\/wp\/v2\/categories?post=8432"},{"taxonomy":"post_tag","embeddable":true,"href":"https:\/\/swiety-jozef.pl\/index.php\/wp-json\/wp\/v2\/tags?post=8432"}],"curies":[{"name":"wp","href":"https:\/\/api.w.org\/{rel}","templated":true}]}}