{"id":8430,"date":"2024-09-19T22:02:53","date_gmt":"2024-09-19T20:02:53","guid":{"rendered":"https:\/\/swiety-jozef.pl\/?p=8430"},"modified":"2024-09-19T22:02:55","modified_gmt":"2024-09-19T20:02:55","slug":"komunikat-biskupa-o-pomocy-dla-powodzian","status":"publish","type":"post","link":"https:\/\/swiety-jozef.pl\/index.php\/2024\/09\/19\/komunikat-biskupa-o-pomocy-dla-powodzian\/","title":{"rendered":"Komunikat Biskupa o pomocy dla powodzian"},"content":{"rendered":"\n<!--more-->\n\n\n\n<div style=\"height:25px\" aria-hidden=\"true\" class=\"wp-block-spacer\"><\/div>\n\n\n\n<h4 class=\"wp-block-heading has-text-align-center\">KOMUNIKAT O POMOCY DLA POWODZIAN<\/h4>\n\n\n\n<div style=\"height:25px\" aria-hidden=\"true\" class=\"wp-block-spacer\"><\/div>\n\n\n\n<p>W ostatnich dniach wszyscy jeste\u015bmy \u015bwiadkami ogromnego dramatu wielu mieszka\u0144c\u00f3w naszej Ojczyzny, do\u015bwiadczaj\u0105cych skutk\u00f3w katastrofalnych powodzi. Caritas Polska ju\u017c przekaza\u0142a pierwsze \u015brodki na piln\u0105 pomoc interwencyjn\u0105 dla najbardziej potrzebuj\u0105cych. Tak\u017ce Caritas naszej diecezji udzieli\u0142a dora\u017anego wsparcia poszkodowanym mieszka\u0144com Szprotawy i \u017bagania. W kontakcie z samorz\u0105dowymi sztabami kryzysowymi pozostaj\u0105 lokalne Caritas z teren\u00f3w diecezji opolskiej, \u015bwidnickiej, bielsko-\u017cywieckiej i legnickiej. Caritas naszej diecezji zabezpieczy\u0142a \u015brodki na dalsze wsparcie dla powodzian. Monitoruje r\u00f3wnie\u017c sytuacj\u0119 ju\u017c do\u015bwiadczonych przez \u017cywio\u0142 obszar\u00f3w diecezji zielonog\u00f3rsko-gorzowskiej oraz teren\u00f3w zagro\u017conych zalaniem, aby w razie potrzeby reagowa\u0107 na bie\u017c\u0105co.<\/p>\n\n\n\n<p>W pierwszej kolejno\u015bci prosz\u0119 o modlitw\u0119 w intencji w intencji poszkodowanych przez \u017cywio\u0142, zar\u00f3wno indywidualn\u0105 jak i podejmowan\u0105 we wsp\u00f3lnotach parafialnych. Dzisiaj po ka\u017cdej mszy \u015bw. od\u015bpiewajmy wsp\u00f3lnie Suplikacje. Gor\u0105co zapraszam r\u00f3wnie\u017c do udzia\u0142u w tegorocznej pielgrzymce \u017bywego R\u00f3\u017ca\u0144ca do Rokitna, 5 pa\u017adziernika br., podczas kt\u00f3rej we wsp\u00f3lnocie diecezjalnej \u2013 wraz z bp. Andrzejem Siemieniewskim z Legnicy \u2013 podejmiemy modlitw\u0119 w intencji do\u015bwiadczonych przez kataklizm.<\/p>\n\n\n\n<p>Wszyscy mamy \u015bwiadomo\u015b\u0107 rozmiar\u00f3w tragedii i wielkiej skali potrzeb, dlatego odpowiadaj\u0105c na apel abp. Tadeusza Wojdy, przewodnicz\u0105cego Konferencji Episkopatu Polski, w imi\u0119 solidarno\u015bci z cierpi\u0105cymi i w duchu mi\u0142o\u015bci ewangelicznej prosz\u0119 tak\u017ce o pomoc w postaci ofiar pieni\u0119\u017cnych, kt\u00f3re w dzisiejsz\u0105 niedziel\u0119 b\u0119d\u0105 zbierane do puszek we wszystkich ko\u015bcio\u0142ach diecezji. O pomoc w przeprowadzeniu tej zbi\u00f3rki zwracam si\u0119 do Parafialnych Zespo\u0142\u00f3w Caritas i Parafialnych Rad Duszpasterskich. Zebrane \u015brodki pos\u0142u\u017c\u0105 jako wparcie dla rodzin, kt\u00f3re ucierpia\u0142y na skutek powodzi.<\/p>\n\n\n\n<p>Ponadto Caritas Diecezji Zielonog\u00f3rsko-Gorzowskiej uruchomi\u0142a zbi\u00f3rk\u0119 dar\u00f3w rzeczowych. Potrzebna jest woda, \u015brodki czysto\u015bci i \u015brodki higieny osobistej, \u017cywno\u015b\u0107 sucha z d\u0142ugim terminem wa\u017cno\u015bci (najlepiej konserwy), a tak\u017ce sprz\u0119t: wiadra, mopy, \u0142opaty i taczki. Rzeczy te mo\u017cna dostarcza\u0107 do dw\u00f3ch magazyn\u00f3w Caritas: w Zielonej G\u00f3rze przy ul. Dworcowej 21 i w Gorzowie Wlkp. przy ul. Towarowej 6A (czynne w godz. 7.00-15.00).<\/p>\n\n\n\n<p>Za dobre serce i z\u0142o\u017cone ofiary w imieniu poszkodowanych powodzian serdecznie dzi\u0119kuj\u0119.<\/p>\n\n\n\n<p class=\"has-text-align-right\">+Tadeusz Lity\u0144ski<br>Biskup Zielonog\u00f3rsko-Gorzowski<\/p>\n\n\n\n<div style=\"height:40px\" aria-hidden=\"true\" class=\"wp-block-spacer\"><\/div>\n","protected":false},"excerpt":{"rendered":"","protected":false},"author":3,"featured_media":4338,"comment_status":"closed","ping_status":"closed","sticky":false,"template":"","format":"standard","meta":{"_lmt_disableupdate":"","_lmt_disable":"","footnotes":""},"categories":[1],"tags":[],"class_list":["post-8430","post","type-post","status-publish","format-standard","has-post-thumbnail","hentry","category-bez-kategorii"],"_links":{"self":[{"href":"https:\/\/swiety-jozef.pl\/index.php\/wp-json\/wp\/v2\/posts\/8430","targetHints":{"allow":["GET"]}}],"collection":[{"href":"https:\/\/swiety-jozef.pl\/index.php\/wp-json\/wp\/v2\/posts"}],"about":[{"href":"https:\/\/swiety-jozef.pl\/index.php\/wp-json\/wp\/v2\/types\/post"}],"author":[{"embeddable":true,"href":"https:\/\/swiety-jozef.pl\/index.php\/wp-json\/wp\/v2\/users\/3"}],"replies":[{"embeddable":true,"href":"https:\/\/swiety-jozef.pl\/index.php\/wp-json\/wp\/v2\/comments?post=8430"}],"version-history":[{"count":1,"href":"https:\/\/swiety-jozef.pl\/index.php\/wp-json\/wp\/v2\/posts\/8430\/revisions"}],"predecessor-version":[{"id":8431,"href":"https:\/\/swiety-jozef.pl\/index.php\/wp-json\/wp\/v2\/posts\/8430\/revisions\/8431"}],"wp:featuredmedia":[{"embeddable":true,"href":"https:\/\/swiety-jozef.pl\/index.php\/wp-json\/wp\/v2\/media\/4338"}],"wp:attachment":[{"href":"https:\/\/swiety-jozef.pl\/index.php\/wp-json\/wp\/v2\/media?parent=8430"}],"wp:term":[{"taxonomy":"category","embeddable":true,"href":"https:\/\/swiety-jozef.pl\/index.php\/wp-json\/wp\/v2\/categories?post=8430"},{"taxonomy":"post_tag","embeddable":true,"href":"https:\/\/swiety-jozef.pl\/index.php\/wp-json\/wp\/v2\/tags?post=8430"}],"curies":[{"name":"wp","href":"https:\/\/api.w.org\/{rel}","templated":true}]}}