{"id":8418,"date":"2024-09-07T16:46:11","date_gmt":"2024-09-07T14:46:11","guid":{"rendered":"https:\/\/swiety-jozef.pl\/?p=8418"},"modified":"2024-09-07T18:58:23","modified_gmt":"2024-09-07T16:58:23","slug":"ogloszenia-duszpasterskie-08-09-2024-r","status":"publish","type":"post","link":"https:\/\/swiety-jozef.pl\/index.php\/2024\/09\/07\/ogloszenia-duszpasterskie-08-09-2024-r\/","title":{"rendered":"Og\u0142oszenia duszpasterskie 08.09.2024 r."},"content":{"rendered":"\n<!--more-->\n\n\n\n<p class=\"has-text-align-right\">Nowa S\u00f3l 08.09.2024<\/p>\n\n\n\n<h4 class=\"wp-block-heading has-text-align-center\">Og\u0142oszenia duszpasterskie<br>XXIII Niedziela okresu zwyk\u0142ego rok B<\/h4>\n\n\n\n<div style=\"height:25px\" aria-hidden=\"true\" class=\"wp-block-spacer\"><\/div>\n\n\n\n<ol class=\"wp-block-list\">\n<li><strong>Dzisiaj na Mszy \u015bw. o godz. 11<\/strong><sup><strong>00 <\/strong><\/sup><strong>po\u015bwi\u0119cenie tornistr\u00f3w dla dzieci klas I<\/strong><\/li>\n\n\n\n<li><strong>W niedziel\u0119 22.09 na Mszy \u015bw. o godz. 11<\/strong><sup><strong>00<\/strong><\/sup><strong> spotkanie z rodzicami dzieci klas III<\/strong><\/li>\n\n\n\n<li><strong>Dzieci od 4 latk\u00f3w do klas II zapraszamy do kaplicy po plansze i naklejki z dzisiejszej ewangelii.<\/strong><\/li>\n\n\n\n<li><strong>W \u015brod\u0119 o godz. 18<\/strong><sup><strong>00 <\/strong><\/sup><strong>Nowenna<\/strong> do Matki Bo\u017cej Nieustaj\u0105cej Pomocy i \u015bw. J\u00f3zefa.<\/li>\n\n\n\n<li> <strong>W sobot\u0119 14 wrze\u015bnia \u015awi\u0119to Podwy\u017cszenia Krzy\u017ca \u015awi\u0119tego \u2013 Msza \u015bw. odpustowa w Otyniu o godz. 11<\/strong><sup><strong>00<\/strong><\/sup><strong>.<\/strong><\/li>\n\n\n\n<li>Spotkania<strong> indywidualne ksi\u0119dza z m\u0142odzie\u017c\u0105 klas VII (wszystkich szk\u00f3\u0142) wraz z rodzicami, na rozpocz\u0119cie formacji do sakr. Bierzmowania odb\u0119dzie si\u0119 w kancelarii parafialnej:<\/strong><\/li>\n<\/ol>\n\n\n\n<ul class=\"wp-block-list\">\n<li><strong>poniedzia\u0142ek (od. 18.45 \u2013 19.45) kl. VIIa, VIIb<\/strong><\/li>\n<\/ul>\n\n\n\n<ul class=\"wp-block-list\">\n<li><strong>wtorek (od. 18.45 \u2013 19.45) kl. VIIc, VIId<\/strong><\/li>\n<\/ul>\n\n\n\n<ul class=\"wp-block-list\">\n<li><strong>\u015broda (od 18.45 \u2013 19.45) kl. VIIe, katolik i pozosta\u0142e szko\u0142y + termin dodatkowy dla wcze\u015bniejszych klas<\/strong>&nbsp;<\/li>\n<\/ul>\n\n\n\n<ol class=\"wp-block-list\" start=\"7\">\n<li>Spotkanie <strong>kandydat\u00f3w do sakr. Bierzmowania z klas VIII wraz z rodzicami, w pi\u0105tek 20.09 na Mszy \u015bw. o godz. 18<\/strong><sup><strong>00<\/strong><\/sup><strong>, warunkiem rozpocz\u0119cia drugiego etapu przygotowania jest potwierdzona w indeksie spowied\u017a. Zapraszamy tak\u017ce animator\u00f3w.<\/strong><\/li>\n\n\n\n<li><strong>Spotkanie Oazy Dzieci Bo\u017cych i m\u0142odzie\u017cy w \u015brod\u0119 o godz. 16<\/strong><sup><strong>00<\/strong><\/sup><\/li>\n\n\n\n<li><strong>Spotkanie scholii w pi\u0105tek o godz. 16<\/strong><sup><strong>00<\/strong><\/sup><\/li>\n\n\n\n<li><strong>Zbi\u00f3rka lektor\u00f3w, ministrant\u00f3w i kandydat\u00f3w na ministrant\u00f3w w sobot\u0119 o godz. 10<\/strong><sup><strong>00<\/strong><\/sup><\/li>\n\n\n\n<li><strong>Organizujemy wyjazd na PIELGRZYMK\u0118 M\u0118\u017bCZYZN do Mi\u0119dzyrzecza w sobot\u0119 14 wrze\u015bnia. Zapraszamy m\u0119\u017cczyzn \u2013 zapisy w zakrystii, koszt 50 z\u0142. Wi\u0119cej informacji na folderach rozdawanych przy wyj\u015bciu z ko\u015bcio\u0142a.<\/strong><\/li>\n\n\n\n<li><strong>Organizujemy PIELGRZYMKA \u017bYWEGO R\u00d3\u017bA\u0143CA I APOSTOLSTWA MARGARETKA do Rokitna w sobot\u0119 5 pa\u017adziernika. <\/strong>Zapisy w zakrystii. Koszt ok. 50 z\u0142.<\/li>\n\n\n\n<li><strong>Ka\u017cdego 11-go dnia miesi\u0105ca w kaplicy szpitalnej w Nowej Soli b\u0119dzie <\/strong><strong>sprawowana Msza \u015bwi\u0119ta z udzieleniem sakramentu namaszczenia chorych. W <\/strong><strong>\u015brod\u0119 od godziny 15.00 adoracja Naj\u015bwi\u0119tszego Sakramentu,<\/strong><strong> o <\/strong><strong>16.30 modlitwa r\u00f3\u017ca\u0144cowa w intencji os\u00f3b chorych, o 17.00 Msza \u015bw. z <\/strong><strong>udzieleniem sakramentu namaszczenia chorych&#8221;.<\/strong><\/li>\n\n\n\n<li><strong><em>Dzi\u0119kujemy za ofiary na tac\u0119 i za przelewy na konto parafii. B\u00f3g Zap\u0142a\u0107. Numer konta bankowego parafii: 58 9673 0007 0000 0300 4864 0001<\/em><\/strong><\/li>\n\n\n\n<li><strong>Za tydzie\u0144 III niedziela miesi\u0105ca \u2013 taca przeznaczona jest na potrzeby parafii.<\/strong><\/li>\n\n\n\n<li><strong>Za tydzie\u0144 zbi\u00f3rka do puszek na KUL<\/strong><\/li>\n\n\n\n<li><strong>Dzi\u0119kujemy 8 osobom z ul. Kossaka blok nr. 5, 7, 9 i 3 osobom ch\u0119tnym za sprz\u0105tanie ko\u015bcio\u0142a i ofiary na kwiaty. Msza \u015bw. za te rodziny 9.09.2024 o godz. 7<\/strong><sup><strong>00<\/strong><\/sup><strong>.<\/strong><\/li>\n\n\n\n<li><strong>W sobot\u0119 na godz. 9<\/strong><sup><strong>00<\/strong><\/sup><strong> do sprz\u0105tania ko\u015bcio\u0142a zapraszamy wiernych zam. na ulicy: <\/strong><strong>ul. Wojska Polskiego domki numery parzyste i nie parzyste.<\/strong><\/li>\n\n\n\n<li><strong>Zach\u0119camy do zakupu i lektury prasy katolickiej: Tygodnika NIEDZIELA, GO\u015a\u0106 NIEDZIELNY i Ma\u0142y Go\u015b\u0107 Niedzielny kupi\u0107 je mo\u017cna w zakrystii i u ministrant\u00f3w przy wyj\u015bciu z ko\u015bcio\u0142a.<\/strong><\/li>\n\n\n\n<li><strong>W minionym tygodniu nikt z naszej parafii nie zmar\u0142.<\/strong><\/li>\n\n\n\n<li><strong>Pami\u0119tajmy o zmar\u0142ych polecaj\u0105c ich Bo\u017cemu<\/strong><strong> Mi\u0142osierdziu.<\/strong><\/li>\n\n\n\n<li><strong>Pozdrawiamy wszystkich chorych i \u017cyczymy szybkiego powrotu do zdrowia.<\/strong><\/li>\n\n\n\n<li><strong>Wszystkim parafianom<\/strong><strong> i go\u015bciom \u017cyczymy Bo\u017cego b\u0142ogos\u0142awie\u0144stwa.<\/strong><\/li>\n<\/ol>\n\n\n\n<p class=\"has-text-align-right\">Ks. Krzysztof Kocz<br>Proboszcz<\/p>\n\n\n\n<div style=\"height:40px\" aria-hidden=\"true\" class=\"wp-block-spacer\"><\/div>\n","protected":false},"excerpt":{"rendered":"","protected":false},"author":3,"featured_media":3316,"comment_status":"closed","ping_status":"closed","sticky":false,"template":"","format":"standard","meta":{"_lmt_disableupdate":"","_lmt_disable":"","footnotes":""},"categories":[19],"tags":[],"class_list":["post-8418","post","type-post","status-publish","format-standard","has-post-thumbnail","hentry","category-ogloszenia"],"_links":{"self":[{"href":"https:\/\/swiety-jozef.pl\/index.php\/wp-json\/wp\/v2\/posts\/8418","targetHints":{"allow":["GET"]}}],"collection":[{"href":"https:\/\/swiety-jozef.pl\/index.php\/wp-json\/wp\/v2\/posts"}],"about":[{"href":"https:\/\/swiety-jozef.pl\/index.php\/wp-json\/wp\/v2\/types\/post"}],"author":[{"embeddable":true,"href":"https:\/\/swiety-jozef.pl\/index.php\/wp-json\/wp\/v2\/users\/3"}],"replies":[{"embeddable":true,"href":"https:\/\/swiety-jozef.pl\/index.php\/wp-json\/wp\/v2\/comments?post=8418"}],"version-history":[{"count":4,"href":"https:\/\/swiety-jozef.pl\/index.php\/wp-json\/wp\/v2\/posts\/8418\/revisions"}],"predecessor-version":[{"id":8424,"href":"https:\/\/swiety-jozef.pl\/index.php\/wp-json\/wp\/v2\/posts\/8418\/revisions\/8424"}],"wp:featuredmedia":[{"embeddable":true,"href":"https:\/\/swiety-jozef.pl\/index.php\/wp-json\/wp\/v2\/media\/3316"}],"wp:attachment":[{"href":"https:\/\/swiety-jozef.pl\/index.php\/wp-json\/wp\/v2\/media?parent=8418"}],"wp:term":[{"taxonomy":"category","embeddable":true,"href":"https:\/\/swiety-jozef.pl\/index.php\/wp-json\/wp\/v2\/categories?post=8418"},{"taxonomy":"post_tag","embeddable":true,"href":"https:\/\/swiety-jozef.pl\/index.php\/wp-json\/wp\/v2\/tags?post=8418"}],"curies":[{"name":"wp","href":"https:\/\/api.w.org\/{rel}","templated":true}]}}