{"id":8414,"date":"2024-08-31T21:19:08","date_gmt":"2024-08-31T19:19:08","guid":{"rendered":"https:\/\/swiety-jozef.pl\/?p=8414"},"modified":"2024-08-31T21:19:10","modified_gmt":"2024-08-31T19:19:10","slug":"intencje-mszalne-01-09-08-09-2024-r","status":"publish","type":"post","link":"https:\/\/swiety-jozef.pl\/index.php\/2024\/08\/31\/intencje-mszalne-01-09-08-09-2024-r\/","title":{"rendered":"Intencje mszalne 01.09 \u2013 08.09.2024 r."},"content":{"rendered":"\n<!--more-->\n\n\n\n<div style=\"height:25px\" aria-hidden=\"true\" class=\"wp-block-spacer\"><\/div>\n\n\n\n<p class=\"has-vivid-red-color has-text-color has-link-color wp-elements-14bcc538e5ac54da22d568dd019f06f6\"><strong>Niedziela 1.09.24 r.<\/strong><\/p>\n\n\n\n<p>7.30. 1. W int. Rozalia Moruson i jej rodz. z ok. im. z R\u00f3\u017cy M.B. Klenickiej<\/p>\n\n\n\n<p>2. W int. Maria \u0141ucka i Regina Mrowi\u0144ska z ok. imienin z R\u00f3\u017cy Niepokalanego Serca NMP<\/p>\n\n\n\n<p>9.30. 1.+Antonia \/ona\/, J\u00f3zef, Tadeusz i zm. z rodziny Sowula, ks. Edwarda, Zofia i W\u0142adys\u0142aw<\/p>\n\n\n\n<p>2. +Weronika i J\u00f3zef \/on\/ Wr\u00f3bel (rodzice), + o spok\u00f3j duszy syna Krzysztofa<\/p>\n\n\n\n<p>11.00. 1.+Stanis\u0142awa ona Walaszek w 14 rocz. \u015bmierci i Jan Walaszek w 24 rocz. \u015bmierci<\/p>\n\n\n\n<p>2. +Krystyna Wojtkowiak 1 r. \u015bmierci<\/p>\n\n\n\n<p>12.30. 1. Za parafian<\/p>\n\n\n\n<p>14.00. 1.+Miros\u0142aw Nieczyporowski greg 1<\/p>\n\n\n\n<p>2. O Bo\u017ce b\u0142og. dla rodziny Marty i Ma\u0142gorzaty int. od mamy<\/p>\n\n\n\n<p>18.30. 1. ++ rodzic\u00f3w: Zofia, Maria Franciszek Gibowscy<\/p>\n\n\n\n<div style=\"height:25px\" aria-hidden=\"true\" class=\"wp-block-spacer\"><\/div>\n\n\n\n<p><strong>Poniedzia\u0142ek 2.09.24 r.<\/strong><\/p>\n\n\n\n<p>7.00. 1.+Miros\u0142aw Nieczyporowski greg 2<\/p>\n\n\n\n<p>2. dz. b\u0142. Mariola Kali\u0144ska \u2013 o szcz\u0119\u015bliw\u0105 podr\u00f3\u017c i b\u0142ogos\u0142awie\u0144stwo Bo\u017ce dla ca\u0142ej Rodziny<\/p>\n\n\n\n<p>18.00. 1.+zm. rodzic\u00f3w, dziadk\u00f3w, rodze\u0144stwo i krewnych<\/p>\n\n\n\n<p>2. +Jan Cis\u0142o i zm. z rodziny<\/p>\n\n\n\n<div style=\"height:25px\" aria-hidden=\"true\" class=\"wp-block-spacer\"><\/div>\n\n\n\n<p><strong>Wtorek 3.09.24 r.<\/strong><\/p>\n\n\n\n<p>7.00. 1.+Miros\u0142aw Nieczyporowski greg 3<\/p>\n\n\n\n<p>2. w int. sprz\u0105taj\u0105cych Ko\u015bci\u00f3\u0142 z ul. Korczaka i Tuwima oraz 3 os\u00f3b ch\u0119tnych i ich rodzin<\/p>\n\n\n\n<p>18.00. 1.w int. Katarzyny i Waldemara o dary Ducha \u015awi\u0119tego i opiek\u0119 M. Bo\u017cej dla nich i ich bliskich<\/p>\n\n\n\n<p>2. w int. Agnieszka i Marian w 54 rocz. \u015blubu dzi\u0119kczynna z pro\u015bb\u0105 o b\u0142. Bo\u017ce dla nich, dzieci i wnuk\u00f3w<\/p>\n\n\n\n<div style=\"height:25px\" aria-hidden=\"true\" class=\"wp-block-spacer\"><\/div>\n\n\n\n<p><strong>\u015aroda 4.09.24 r.<\/strong><\/p>\n\n\n\n<p>7.00. 1. +Miros\u0142aw Nieczyporowski greg 4<\/p>\n\n\n\n<p>18.00. 1.w int. Janina Walaszek, Izabela Wasilewska, Barbara Bratu\u015b z ok. imienin z R\u00f3\u017cy MB Nieustaj\u0105cej Pomocy<\/p>\n\n\n\n<p>2. w int. Regina Ko\u0142aska z ok. imienin dzi\u0119kczynna od R\u00f3\u017cy NMP Kr\u00f3lowej Polski<\/p>\n\n\n\n<div style=\"height:25px\" aria-hidden=\"true\" class=\"wp-block-spacer\"><\/div>\n\n\n\n<p><strong>Czwartek 5.09.24 r.<\/strong><\/p>\n\n\n\n<p>7.00. 1.+Miros\u0142aw Nieczyporowski greg 5<\/p>\n\n\n\n<p>2. +Jan (9 r. \u015bm.), +Mieczys\u0142aw (8 r. \u015bm.), ++ z Rodz. Zawali<\/p>\n\n\n\n<p>18.00. 1. w int. kap\u0142an\u00f3w od Przyjaci\u00f3\u0142 Parady\u017ca<\/p>\n\n\n\n<p>2. w int. Beata Chytrowska, Regina Buczy\u0144ska z ok. imienin od R\u00f3\u017cy \u015bw. Katarzyny<\/p>\n\n\n\n<div style=\"height:25px\" aria-hidden=\"true\" class=\"wp-block-spacer\"><\/div>\n\n\n\n<p><strong>Pi\u0105tek 6.09.24 r.<\/strong><\/p>\n\n\n\n<p>7.00. 1. +Miros\u0142aw Nieczyporowski greg 6<\/p>\n\n\n\n<p>15.00. \u015blub Szyma\u0144ski K. &#8211; Krukowski J<\/p>\n\n\n\n<p>18.00. 1. w int. Regina Nowakowska i Regina Matujzo z ok. imienin od R\u00f3\u017cy \u015bw. Katarzyny<\/p>\n\n\n\n<div style=\"height:25px\" aria-hidden=\"true\" class=\"wp-block-spacer\"><\/div>\n\n\n\n<p><strong>Sobota 7.09.24r.<\/strong><\/p>\n\n\n\n<p>7.00. 1.+Miros\u0142aw Nieczyporowski greg 7<\/p>\n\n\n\n<p>2. Dz. b\u0142. Regina Buczy\u0144ska z ok. imienin<\/p>\n\n\n\n<p>15.00. 1. \u015blub Wr\u00f3bel-Stefn\u00f3w<\/p>\n\n\n\n<p>18.00. 1.+Wojciech Marz\u0119da 20 r. \u015bm.<\/p>\n\n\n\n<p>2. +Zofia i Aleksander Tesler i zm. z rodziny<\/p>\n\n\n\n<div style=\"height:25px\" aria-hidden=\"true\" class=\"wp-block-spacer\"><\/div>\n\n\n\n<p class=\"has-vivid-red-color has-text-color has-link-color wp-elements-59b47a6a84999f50a57b6ac358e60b36\"><strong>Niedziela 8.09.24r.<\/strong><\/p>\n\n\n\n<p>7.30. 1. w int. Anna i Dariusz Kozio\u0142 w 35 rocz. \u015blubu dzi\u0119kczynna z pro\u015bb\u0105 o b\u0142. Bo\u017ce na dalsze lata \u017cycia<\/p>\n\n\n\n<p>2. +Mieczys\u0142aw \/on\/ Barylak<\/p>\n\n\n\n<p>9.30. 1. w int. Regina Matujzo i jej rodziny z ok. imienin dz. b\u0142 z R\u00f3\u017cy M.B. Klenickiej<\/p>\n\n\n\n<p>2. +Marian Ko\u0142odziej<\/p>\n\n\n\n<p>11.00. 1. 4 rocz. ur. Micha\u0142a Szyszko<\/p>\n\n\n\n<p>2. w int. Amanda w 18 rocz. urodzin dzi\u0119kczynna z prob\u0105 o b\u0142. Bo\u017ce opiek\u0119 Matki Bo\u017cej i dary Ducha \u015aw. w doros\u0142ym \u017cyciu<\/p>\n\n\n\n<p>12.30. Za parafian<\/p>\n\n\n\n<p>chrzest \u015bw. Laura Szumlewicz, Aleksander Pomorski, Zofia Schorr<\/p>\n\n\n\n<p>14.00. 1. w int. Anna Wojtasik w 3 r. ur. oraz jej braci Micha\u0142 i Marcin dz-b\u0142.<\/p>\n\n\n\n<p>18.30 1. +Miros\u0142aw Nieczyporowski greg. 8<\/p>\n\n\n\n<div style=\"height:40px\" aria-hidden=\"true\" class=\"wp-block-spacer\"><\/div>\n","protected":false},"excerpt":{"rendered":"","protected":false},"author":3,"featured_media":4429,"comment_status":"closed","ping_status":"closed","sticky":false,"template":"","format":"standard","meta":{"_lmt_disableupdate":"","_lmt_disable":"","footnotes":""},"categories":[20],"tags":[],"class_list":["post-8414","post","type-post","status-publish","format-standard","has-post-thumbnail","hentry","category-intencje"],"_links":{"self":[{"href":"https:\/\/swiety-jozef.pl\/index.php\/wp-json\/wp\/v2\/posts\/8414","targetHints":{"allow":["GET"]}}],"collection":[{"href":"https:\/\/swiety-jozef.pl\/index.php\/wp-json\/wp\/v2\/posts"}],"about":[{"href":"https:\/\/swiety-jozef.pl\/index.php\/wp-json\/wp\/v2\/types\/post"}],"author":[{"embeddable":true,"href":"https:\/\/swiety-jozef.pl\/index.php\/wp-json\/wp\/v2\/users\/3"}],"replies":[{"embeddable":true,"href":"https:\/\/swiety-jozef.pl\/index.php\/wp-json\/wp\/v2\/comments?post=8414"}],"version-history":[{"count":2,"href":"https:\/\/swiety-jozef.pl\/index.php\/wp-json\/wp\/v2\/posts\/8414\/revisions"}],"predecessor-version":[{"id":8416,"href":"https:\/\/swiety-jozef.pl\/index.php\/wp-json\/wp\/v2\/posts\/8414\/revisions\/8416"}],"wp:featuredmedia":[{"embeddable":true,"href":"https:\/\/swiety-jozef.pl\/index.php\/wp-json\/wp\/v2\/media\/4429"}],"wp:attachment":[{"href":"https:\/\/swiety-jozef.pl\/index.php\/wp-json\/wp\/v2\/media?parent=8414"}],"wp:term":[{"taxonomy":"category","embeddable":true,"href":"https:\/\/swiety-jozef.pl\/index.php\/wp-json\/wp\/v2\/categories?post=8414"},{"taxonomy":"post_tag","embeddable":true,"href":"https:\/\/swiety-jozef.pl\/index.php\/wp-json\/wp\/v2\/tags?post=8414"}],"curies":[{"name":"wp","href":"https:\/\/api.w.org\/{rel}","templated":true}]}}