{"id":8412,"date":"2024-08-31T21:15:25","date_gmt":"2024-08-31T19:15:25","guid":{"rendered":"https:\/\/swiety-jozef.pl\/?p=8412"},"modified":"2024-08-31T21:15:27","modified_gmt":"2024-08-31T19:15:27","slug":"ogloszenia-duszpasterskie-01-09-2024-r","status":"publish","type":"post","link":"https:\/\/swiety-jozef.pl\/index.php\/2024\/08\/31\/ogloszenia-duszpasterskie-01-09-2024-r\/","title":{"rendered":"Og\u0142oszenia duszpasterskie 01.09.2024 r."},"content":{"rendered":"\n<!--more-->\n\n\n\n<p class=\"has-text-align-right\">Nowa S\u00f3l 01.09.2024<\/p>\n\n\n\n<h4 class=\"wp-block-heading has-text-align-center\">Og\u0142oszenia duszpasterskie<br>XXII Niedziela okresu zwyk\u0142ego rok B<\/h4>\n\n\n\n<div style=\"height:25px\" aria-hidden=\"true\" class=\"wp-block-spacer\"><\/div>\n\n\n\n<ol class=\"wp-block-list\">\n<li><strong>Dzisiaj 22 niedziela okresu zwyk\u0142ego.<\/strong><\/li>\n\n\n\n<li><strong>Dzisiaj<\/strong> <strong>1 wrze\u015bnia<\/strong> &#8211; <strong>85 rocznica wybuchu II wojny \u015bwiatowej, pami\u0119tajmy o POLAKACH, kt\u00f3rzy z najwy\u017cszym po\u015bwi\u0119ceniem bronili Ojczyzny.<\/strong><\/li>\n\n\n\n<li><strong>Dzisiaj z<\/strong><strong>miana tajemnic \u017bywego R\u00f3\u017ca\u0144ca po Mszy \u015bw. o godz. 7<\/strong><sup><strong>30<\/strong><\/sup><strong>.<\/strong><\/li>\n\n\n\n<li><strong>Dzisiaj po Mszy \u015bw. o godz. 18<\/strong><sup><strong>30<\/strong><\/sup><strong> nauka przed sakramentem chrztu<\/strong> <strong>dla rodzic\u00f3w i chrzestnych.<\/strong><\/li>\n\n\n\n<li><strong>Msza \u015bw. na rozpocz\u0119cie Nowego Roku nauki<\/strong> dla uczni\u00f3w wszystkich szk\u00f3\u0142, odb\u0119dzie si\u0119 <strong>jutro w poniedzia\u0142ek<\/strong><strong> o godz. 8<\/strong><sup><strong>00<\/strong><\/sup><strong> rano.<\/strong><strong> Na t\u0119 Msz\u0119 \u015bw. bardzo serdecznie zapraszamy wszystkich Uczni\u00f3w, Rodzic\u00f3w i Nauczycieli.<\/strong><\/li>\n\n\n\n<li><strong>Prosimy, aby rodzice z trosk\u0105 o \u017cycie religijne dzieci dopilnowali i zach\u0119cili swoje dzieci<\/strong>, <strong>aby Nowy Rok nauki rozpoczyna\u0142y od pojednania z Bogiem i przyj\u0119cia Komunii \u015bw. Spowied\u017a codziennie p\u00f3\u0142 godz. przed ka\u017cd\u0105 Msz\u0105 \u015bw.<\/strong><\/li>\n\n\n\n<li><strong>Rodzice dzieci przedszkolnych maj\u0105 prawo aby ich dzieci mia\u0142y zaj\u0119cia z religii, od najm\u0142odszej grupy wiekowej. Rodzice powinni zbiorowo domaga\u0107 si\u0119 takich zaj\u0119\u0107.<\/strong><\/li>\n\n\n\n<li><strong>W tym roku dzieci od 4 lat\u00f3w do uczni\u00f3w klas II otrzymuj\u0105 plansze na kt\u00f3rej po ka\u017cdej niedzielnej Mszy \u015bw. b\u0119d\u0105 nakleja\u0142y obrazki ilustruj\u0105ce ewangelie z danej niedzieli.<\/strong><\/li>\n\n\n\n<li><strong>W \u015brod\u0119 o godz. 18<\/strong><sup><strong>00 <\/strong><\/sup><strong>Nowenna<\/strong> <strong>do Matki Bo\u017cej Nieustaj\u0105cej Pomocy i \u015bw. J\u00f3zefa<\/strong><\/li>\n\n\n\n<li><strong>W tym tygodniu I czwartek, <\/strong><strong>I pi\u0105tek <\/strong>miesi\u0105ca<strong> i I sobota miesi\u0105ca<\/strong><\/li>\n<\/ol>\n\n\n\n<ul class=\"wp-block-list\">\n<li>\u2013 <strong>w czwartek<\/strong> spotkanie Przyjaci\u00f3\u0142 Parady\u017ca na plebanii o godz. 16<sup>30<\/sup><\/li>\n<\/ul>\n\n\n\n<ul class=\"wp-block-list\">\n<li>&#8211; <strong>w pi\u0105tek <\/strong><em><u><strong>wyj\u0105tkowo<\/strong><\/u><\/em> <strong>od godz. 16<\/strong><sup><strong>00<\/strong><\/sup> \u2013 <strong>Godzina Mi\u0142osierdzia i Adoracja Naj\u015bwi\u0119tszego Sakramentu z<\/strong> <strong>nabo\u017ce\u0144stwem wynagradzaj\u0105cym, godz. 18<\/strong><sup><strong>00<\/strong><\/sup><strong> Msza \u015bw.<\/strong><\/li>\n<\/ul>\n\n\n\n<ul class=\"wp-block-list\">\n<li><strong>&#8211; spowied\u017a \u015bw. pierwszopi\u0105tkowa w pi\u0105tek od godz. od 16<\/strong><sup><strong>00<\/strong><\/sup><strong> do 18<\/strong><sup><strong>00<\/strong><\/sup><\/li>\n<\/ul>\n\n\n\n<ul class=\"wp-block-list\">\n<li>&#8211; <strong>w sobot\u0119<\/strong> zapraszamy na <strong>Nabo\u017ce\u0144stwo Fatimskie<\/strong>. <strong>Rozpoczniemy o godz. 17<\/strong><sup><strong>00<\/strong><\/sup><strong>,<\/strong> odm\u00f3wimy jedn\u0105 cz\u0119\u015bci r\u00f3\u017ca\u0144ca z medytacj\u0105, procesja \u015bwiat\u0142a wok\u00f3\u0142 ko\u015bcio\u0142a. <strong>O godz. 18<\/strong><sup><strong>00 <\/strong><\/sup><strong>Msza \u015bw.<\/strong><\/li>\n<\/ul>\n\n\n\n<ol class=\"wp-block-list\" start=\"11\">\n<li><strong>W sobot\u0119 z pos\u0142uga sakramentaln\u0105 odwiedzimy chorych. Nowych chorych mo\u017cna zg\u0142asza\u0107 w zakrystii.<\/strong><\/li>\n\n\n\n<li><strong>W przysz\u0142\u0105 niedziele na Mszy \u015bw. o godz. 11<\/strong><sup><strong>00<\/strong><\/sup><strong> po\u015bwi\u0119cenie przybor\u00f3w szkolnych dla uczni\u00f3w klas I<\/strong><\/li>\n\n\n\n<li><strong>Organizujemy wyjazd na PIELGRZYMK\u0118 M\u0118\u017bCZYZN do Mi\u0119dzyrzecza w sobot\u0119 14 wrze\u015bnia. Zapraszamy m\u0119\u017cczyzn \u2013 zapisy w zakrystii, koszt 50 z\u0142. Wi\u0119cej informacji na folderach rozdawanych przy wyj\u015bciu z ko\u015bcio\u0142a.<\/strong><\/li>\n\n\n\n<li><strong>Spotkanie Oazy Dzieci Bo\u017cych i m\u0142odzie\u017cy w \u015brod\u0119 o godz. 16<\/strong><sup><strong>00<\/strong><\/sup><\/li>\n\n\n\n<li><strong>Spotkanie scholii w pi\u0105tek o godz. 16<\/strong><sup><strong>00<\/strong><\/sup><\/li>\n\n\n\n<li><strong>Zbi\u00f3rka lektor\u00f3w, ministrant\u00f3w i kandydat\u00f3w na ministrant\u00f3w w sobot\u0119 o godz. 10<\/strong><sup><strong>00<\/strong><\/sup><\/li>\n\n\n\n<li><strong><em>Dzi\u0119kujemy za ofiary na tac\u0119 i za przelewy na konto parafii. B\u00f3g Zap\u0142a\u0107. Numer konta bankowego parafii:<\/em><\/strong><em> <\/em><strong><em>58 9673 0007 0000 0300 4864 0001<\/em><\/strong><\/li>\n\n\n\n<li><strong>Dzi\u0119kujemy 4 osobom z ul. Kossaka blok nr. 1 i 2 osobom ch\u0119tnym za sprz\u0105tanie ko\u015bcio\u0142a i ofiary na kwiaty. Msza \u015bw. za te rodziny 27.09 o godz. 7<\/strong><sup><strong>00<\/strong><\/sup><strong>. Z ul. Kossaka blok nr. 3 nikt nie przyszed\u0142 sprz\u0105ta\u0107 ko\u015bcio\u0142a.<\/strong><\/li>\n\n\n\n<li><strong>W sobot\u0119 na godz. 9<\/strong><sup><strong>00<\/strong><\/sup><strong> do sprz\u0105tania ko\u015bcio\u0142a zapraszamy wiernych zam. na ulicy: Kossaka blok nr. 5, blok nr. 7 i blok nr. 9<\/strong><\/li>\n\n\n\n<li><strong>Zach\u0119camy do zakupu i lektury prasy katolickiej: Tygodnika NIEDZIELA, GO\u015a\u0106 NIEDZIELNY i Ma\u0142y Go\u015b\u0107 Niedzielny kupi\u0107 je mo\u017cna w zakrystii i u ministrant\u00f3w przy wyj\u015bciu z ko\u015bcio\u0142a.<\/strong><\/li>\n\n\n\n<li><strong>W minionym tygodniu z naszej parafii zmarli:<\/strong> Jaros\u0142aw <strong>S\u0142o\u0144\u015bki <\/strong>z o\u015b. Konstytucji 3 Maja<\/li>\n\n\n\n<li><strong>Pami\u0119tajmy o zmar\u0142ych polecaj\u0105c ich Bo\u017cemu<\/strong><strong> Mi\u0142osierdziu.<\/strong><\/li>\n\n\n\n<li><strong>Pozdrawiamy wszystkich chorych i \u017cyczymy szybkiego powrotu do zdrowia.<\/strong><\/li>\n\n\n\n<li><strong>Wszystkim parafianom<\/strong><strong> i go\u015bciom \u017cyczymy Bo\u017cego b\u0142ogos\u0142awie\u0144stwa.<\/strong><\/li>\n<\/ol>\n\n\n\n<p class=\"has-text-align-right\">Ks. Krzysztof Kocz<br>Proboszcz<\/p>\n\n\n\n<div style=\"height:40px\" aria-hidden=\"true\" class=\"wp-block-spacer\"><\/div>\n","protected":false},"excerpt":{"rendered":"","protected":false},"author":3,"featured_media":3316,"comment_status":"closed","ping_status":"closed","sticky":false,"template":"","format":"standard","meta":{"_lmt_disableupdate":"","_lmt_disable":"","footnotes":""},"categories":[19],"tags":[],"class_list":["post-8412","post","type-post","status-publish","format-standard","has-post-thumbnail","hentry","category-ogloszenia"],"_links":{"self":[{"href":"https:\/\/swiety-jozef.pl\/index.php\/wp-json\/wp\/v2\/posts\/8412","targetHints":{"allow":["GET"]}}],"collection":[{"href":"https:\/\/swiety-jozef.pl\/index.php\/wp-json\/wp\/v2\/posts"}],"about":[{"href":"https:\/\/swiety-jozef.pl\/index.php\/wp-json\/wp\/v2\/types\/post"}],"author":[{"embeddable":true,"href":"https:\/\/swiety-jozef.pl\/index.php\/wp-json\/wp\/v2\/users\/3"}],"replies":[{"embeddable":true,"href":"https:\/\/swiety-jozef.pl\/index.php\/wp-json\/wp\/v2\/comments?post=8412"}],"version-history":[{"count":1,"href":"https:\/\/swiety-jozef.pl\/index.php\/wp-json\/wp\/v2\/posts\/8412\/revisions"}],"predecessor-version":[{"id":8413,"href":"https:\/\/swiety-jozef.pl\/index.php\/wp-json\/wp\/v2\/posts\/8412\/revisions\/8413"}],"wp:featuredmedia":[{"embeddable":true,"href":"https:\/\/swiety-jozef.pl\/index.php\/wp-json\/wp\/v2\/media\/3316"}],"wp:attachment":[{"href":"https:\/\/swiety-jozef.pl\/index.php\/wp-json\/wp\/v2\/media?parent=8412"}],"wp:term":[{"taxonomy":"category","embeddable":true,"href":"https:\/\/swiety-jozef.pl\/index.php\/wp-json\/wp\/v2\/categories?post=8412"},{"taxonomy":"post_tag","embeddable":true,"href":"https:\/\/swiety-jozef.pl\/index.php\/wp-json\/wp\/v2\/tags?post=8412"}],"curies":[{"name":"wp","href":"https:\/\/api.w.org\/{rel}","templated":true}]}}