{"id":8402,"date":"2024-08-24T21:44:52","date_gmt":"2024-08-24T19:44:52","guid":{"rendered":"https:\/\/swiety-jozef.pl\/?p=8402"},"modified":"2024-08-24T21:44:54","modified_gmt":"2024-08-24T19:44:54","slug":"ogloszenia-duszpasterskie-25-08-2024-r","status":"publish","type":"post","link":"https:\/\/swiety-jozef.pl\/index.php\/2024\/08\/24\/ogloszenia-duszpasterskie-25-08-2024-r\/","title":{"rendered":"Og\u0142oszenia duszpasterskie 25.08.2024 r."},"content":{"rendered":"\n<!--more-->\n\n\n\n<p class=\"has-text-align-right\">Nowa S\u00f3l 25.08.2024<\/p>\n\n\n\n<h4 class=\"wp-block-heading has-text-align-center\">Og\u0142oszenia duszpasterskie<br>XXI Niedziela okresu zwyk\u0142ego rok B<\/h4>\n\n\n\n<div style=\"height:25px\" aria-hidden=\"true\" class=\"wp-block-spacer\"><\/div>\n\n\n\n<ol class=\"wp-block-list\">\n<li><strong>Dzisiaj 21 niedziela okresu zwyk\u0142ego.<\/strong><\/li>\n\n\n\n<li><strong>Jutro Naj\u015bwi\u0119tszej MP Cz\u0119stochowskiej \u2013 uroczysto\u015b\u0107. Msze \u015bw. o godz. 7<\/strong><sup><strong>00<\/strong><\/sup><strong> i 18<\/strong><sup><strong>00<\/strong><\/sup><\/li>\n\n\n\n<li><strong>W \u015brod\u0119 o godz. 18<\/strong><sup><strong>00 <\/strong><\/sup><strong>Nowenna<\/strong> <strong>do Matki Bo\u017cej Nieustaj\u0105cej Pomocy i \u015bw. J\u00f3zefa<\/strong><\/li>\n\n\n\n<li><strong>W sobot\u0119 44 rocz. powstania NSZZ \u201eSOLIDARNO\u015a\u0106\u201d zapraszamy na Msz\u0119 \u015bw. za Ojczyzn\u0119 i NSZZ do par. \u015aw. Antoniego 31 VIII o godz. 18<\/strong><sup><strong>30<\/strong><\/sup><strong>.<\/strong><\/li>\n\n\n\n<li>W przysz\u0142\u0105 niedziele <strong>1 wrze\u015bnia<\/strong> &#8211; <strong>85 rocznica wybuchu II wojny \u015bwiatowej, pami\u0119tajmy o POLAKACH, kt\u00f3rzy z najwy\u017cszym po\u015bwi\u0119ceniem bronili Ojczyzny.<\/strong><\/li>\n\n\n\n<li><strong>W przysz\u0142\u0105 niedziel\u0119 z<\/strong><strong>miana tajemnic \u017bywego R\u00f3\u017ca\u0144ca po Mszy \u015bw. o godz. 7<\/strong><sup><strong>30<\/strong><\/sup><strong>.<\/strong><\/li>\n\n\n\n<li><strong>W przysz\u0142\u0105 niedziel\u0119 po Mszy \u015bw. o godz. 18<\/strong><sup><strong>30<\/strong><\/sup><strong> nauka przed sakr. chrztu<\/strong> <strong>dla rodzic\u00f3w i chrzestnych.<\/strong><\/li>\n\n\n\n<li><strong>W tym tygodniu ks. proboszcz z Oaz\u0105 w g\u00f3ry a ks. Konrad z ministrantami nad jezioro wyje\u017cd\u017caj\u0105 na kilkudniowy wypoczynek rekolekcyjny.<\/strong><\/li>\n\n\n\n<li> <strong>Organizujemy wyjazd na PIELGRZYMK\u0118 M\u0118\u017bCZYZN do Mi\u0119dzyrzecza w sobot\u0119 14 wrze\u015bnia. Zapraszamy m\u0119\u017cczyzn \u2013 zapisy w zakrystii, koszt 50 z\u0142. Wi\u0119cej informacji na folderach rozdawanych przy wyj\u015bciu z ko\u015bcio\u0142a.<\/strong><\/li>\n\n\n\n<li><strong>Szko\u0142a Katolicka przy naszej parafii <\/strong><strong>prowadzi\u00a0nab\u00f3r\u00a0uczni\u00f3w do kl. I\u00a0 i IV na rok szkolny 2024\/2025. Wszelkie informacji w sekretariacie szko\u0142y lub telefonicznie.<\/strong><\/li>\n\n\n\n<li><strong><em>Dzi\u0119kujemy za ofiary na tac\u0119 i za przelewy na konto parafii. B\u00f3g Zap\u0142a\u0107. Numer konta bankowego parafii:<\/em><\/strong><em> <\/em><strong><em>58 9673 0007 0000 0300 4864 0001<\/em><\/strong><\/li>\n\n\n\n<li><strong>Dzi\u0119kujemy 6 osobom z ul. Kossaka \u2013 domki, Rydla, Siemiradzkiego, Makuszy\u0144skiego, Grottgera i 2 osobom ch\u0119tnym za sprz\u0105tanie ko\u015bcio\u0142a i ofiary na kwiaty. Msza \u015bw. za te rodziny 10.09 o godz. 7<\/strong><sup><strong>00<\/strong><\/sup><strong>.<\/strong><\/li>\n\n\n\n<li><strong>W sobot\u0119 na godz. 9<\/strong><sup><strong>00<\/strong><\/sup><strong> do sprz\u0105tania ko\u015bcio\u0142a zapraszamy wiernych zam. na ulicy: Kossaka blok nr. 1 i blok nr. 3<\/strong><\/li>\n\n\n\n<li><strong>Zach\u0119camy do zakupu i lektury prasy katolickiej: Tygodnika NIEDZIELA, GO\u015a\u0106 NIEDZIELNY i Ma\u0142y Go\u015b\u0107 Niedzielny kupi\u0107 je mo\u017cna w zakrystii i u ministrant\u00f3w przy wyj\u015bciu z ko\u015bcio\u0142a.<\/strong><\/li>\n\n\n\n<li><strong>W minionym tygodniu z naszej parafii zmarli:<\/strong> +Tadeusz <strong>Szuba<\/strong> z ul. Staszica; +Kazimiera <strong>Procho\u0144<\/strong> z ul. 1 Maja; +Wojciech <strong>Smu\u015b<\/strong> z ul. Matejki<strong><em>.<\/em><\/strong><\/li>\n\n\n\n<li><strong>Pami\u0119tajmy o zmar\u0142ych polecaj\u0105c ich Bo\u017cemu<\/strong><strong> Mi\u0142osierdziu.<\/strong><\/li>\n\n\n\n<li><strong>Pozdrawiamy wszystkich chorych i \u017cyczymy szybkiego powrotu do zdrowia.<\/strong><\/li>\n\n\n\n<li><strong>Wszystkim parafianom<\/strong><strong> i go\u015bciom i wypoczywaj\u0105cym w r\u00f3\u017cnych miejscach \u015bwiata \u017cyczymy Bo\u017cego b\u0142ogos\u0142awie\u0144stwa.<\/strong><\/li>\n<\/ol>\n\n\n\n<p class=\"has-text-align-right\">Ks. Krzysztof Kocz<br>Proboszcz<\/p>\n\n\n\n<div style=\"height:40px\" aria-hidden=\"true\" class=\"wp-block-spacer\"><\/div>\n","protected":false},"excerpt":{"rendered":"","protected":false},"author":3,"featured_media":3316,"comment_status":"closed","ping_status":"closed","sticky":false,"template":"","format":"standard","meta":{"_lmt_disableupdate":"","_lmt_disable":"","footnotes":""},"categories":[19],"tags":[],"class_list":["post-8402","post","type-post","status-publish","format-standard","has-post-thumbnail","hentry","category-ogloszenia"],"_links":{"self":[{"href":"https:\/\/swiety-jozef.pl\/index.php\/wp-json\/wp\/v2\/posts\/8402","targetHints":{"allow":["GET"]}}],"collection":[{"href":"https:\/\/swiety-jozef.pl\/index.php\/wp-json\/wp\/v2\/posts"}],"about":[{"href":"https:\/\/swiety-jozef.pl\/index.php\/wp-json\/wp\/v2\/types\/post"}],"author":[{"embeddable":true,"href":"https:\/\/swiety-jozef.pl\/index.php\/wp-json\/wp\/v2\/users\/3"}],"replies":[{"embeddable":true,"href":"https:\/\/swiety-jozef.pl\/index.php\/wp-json\/wp\/v2\/comments?post=8402"}],"version-history":[{"count":1,"href":"https:\/\/swiety-jozef.pl\/index.php\/wp-json\/wp\/v2\/posts\/8402\/revisions"}],"predecessor-version":[{"id":8403,"href":"https:\/\/swiety-jozef.pl\/index.php\/wp-json\/wp\/v2\/posts\/8402\/revisions\/8403"}],"wp:featuredmedia":[{"embeddable":true,"href":"https:\/\/swiety-jozef.pl\/index.php\/wp-json\/wp\/v2\/media\/3316"}],"wp:attachment":[{"href":"https:\/\/swiety-jozef.pl\/index.php\/wp-json\/wp\/v2\/media?parent=8402"}],"wp:term":[{"taxonomy":"category","embeddable":true,"href":"https:\/\/swiety-jozef.pl\/index.php\/wp-json\/wp\/v2\/categories?post=8402"},{"taxonomy":"post_tag","embeddable":true,"href":"https:\/\/swiety-jozef.pl\/index.php\/wp-json\/wp\/v2\/tags?post=8402"}],"curies":[{"name":"wp","href":"https:\/\/api.w.org\/{rel}","templated":true}]}}