{"id":8391,"date":"2024-08-14T20:31:44","date_gmt":"2024-08-14T18:31:44","guid":{"rendered":"https:\/\/swiety-jozef.pl\/?p=8391"},"modified":"2024-08-14T21:38:58","modified_gmt":"2024-08-14T19:38:58","slug":"standardy-ochrony-maloletnich","status":"publish","type":"post","link":"https:\/\/swiety-jozef.pl\/index.php\/2024\/08\/14\/standardy-ochrony-maloletnich\/","title":{"rendered":"Standardy Ochrony Ma\u0142oletnich"},"content":{"rendered":"\n<!--more-->\n\n\n\n<div style=\"height:25px\" aria-hidden=\"true\" class=\"wp-block-spacer\"><\/div>\n\n\n\n<p style=\"font-size:17px\">Informujemy, \u017ce w naszej parafii w dniu 15.08.2024r zosta\u0142 wprowadzony dokument \u201eStandardy Ochrony Ma\u0142oletnich\u201d, w kt\u00f3rym zawarta jest polityka ochrony ma\u0142oletnich, jak i os\u00f3b doros\u0142ych przebywaj\u0105cych na terenie parafii.<\/p>\n\n\n\n<div style=\"height:25px\" aria-hidden=\"true\" class=\"wp-block-spacer\"><\/div>\n\n\n\n<p style=\"font-size:17px\">Wi\u0119cej informacji znajdziesz w zak\u0142adce Informacje lub klikaj\u0105c na link: <a href=\"https:\/\/swiety-jozef.pl\/index.php\/ochrona-maloletnich\/\">https:\/\/swiety-jozef.pl\/index.php\/ochrona-maloletnich\/<\/a><\/p>\n\n\n\n<p class=\"has-text-align-right\" style=\"font-size:17px\">Ks. Krzysztof Kocz<br>Proboszcz<\/p>\n\n\n\n<div style=\"height:40px\" aria-hidden=\"true\" class=\"wp-block-spacer\"><\/div>\n","protected":false},"excerpt":{"rendered":"","protected":false},"author":3,"featured_media":8382,"comment_status":"closed","ping_status":"closed","sticky":false,"template":"","format":"standard","meta":{"_lmt_disableupdate":"","_lmt_disable":"","footnotes":""},"categories":[1],"tags":[],"class_list":["post-8391","post","type-post","status-publish","format-standard","has-post-thumbnail","hentry","category-bez-kategorii"],"_links":{"self":[{"href":"https:\/\/swiety-jozef.pl\/index.php\/wp-json\/wp\/v2\/posts\/8391","targetHints":{"allow":["GET"]}}],"collection":[{"href":"https:\/\/swiety-jozef.pl\/index.php\/wp-json\/wp\/v2\/posts"}],"about":[{"href":"https:\/\/swiety-jozef.pl\/index.php\/wp-json\/wp\/v2\/types\/post"}],"author":[{"embeddable":true,"href":"https:\/\/swiety-jozef.pl\/index.php\/wp-json\/wp\/v2\/users\/3"}],"replies":[{"embeddable":true,"href":"https:\/\/swiety-jozef.pl\/index.php\/wp-json\/wp\/v2\/comments?post=8391"}],"version-history":[{"count":3,"href":"https:\/\/swiety-jozef.pl\/index.php\/wp-json\/wp\/v2\/posts\/8391\/revisions"}],"predecessor-version":[{"id":8395,"href":"https:\/\/swiety-jozef.pl\/index.php\/wp-json\/wp\/v2\/posts\/8391\/revisions\/8395"}],"wp:featuredmedia":[{"embeddable":true,"href":"https:\/\/swiety-jozef.pl\/index.php\/wp-json\/wp\/v2\/media\/8382"}],"wp:attachment":[{"href":"https:\/\/swiety-jozef.pl\/index.php\/wp-json\/wp\/v2\/media?parent=8391"}],"wp:term":[{"taxonomy":"category","embeddable":true,"href":"https:\/\/swiety-jozef.pl\/index.php\/wp-json\/wp\/v2\/categories?post=8391"},{"taxonomy":"post_tag","embeddable":true,"href":"https:\/\/swiety-jozef.pl\/index.php\/wp-json\/wp\/v2\/tags?post=8391"}],"curies":[{"name":"wp","href":"https:\/\/api.w.org\/{rel}","templated":true}]}}