{"id":8375,"date":"2024-08-10T14:18:57","date_gmt":"2024-08-10T12:18:57","guid":{"rendered":"https:\/\/swiety-jozef.pl\/?p=8375"},"modified":"2024-08-10T14:18:59","modified_gmt":"2024-08-10T12:18:59","slug":"ogloszenia-duszpasterskie-11-08-2024-r","status":"publish","type":"post","link":"https:\/\/swiety-jozef.pl\/index.php\/2024\/08\/10\/ogloszenia-duszpasterskie-11-08-2024-r\/","title":{"rendered":"Og\u0142oszenia duszpasterskie 11.08.2024 r."},"content":{"rendered":"\n<!--more-->\n\n\n\n<p class=\"has-text-align-right\">Nowa S\u00f3l 11.08.2024<\/p>\n\n\n\n<h4 class=\"wp-block-heading has-text-align-center\">Og\u0142oszenia duszpasterskie<br>XIX Niedziela okresu zwyk\u0142ego rok B<\/h4>\n\n\n\n<div style=\"height:25px\" aria-hidden=\"true\" class=\"wp-block-spacer\"><\/div>\n\n\n\n<ol class=\"wp-block-list\">\n<li><strong>Dzisiaj XIX niedziela okresu zwyk\u0142ego.<\/strong><\/li>\n\n\n\n<li><strong>W poniedzia\u0142ek na Jasn\u0105 G\u00f3ra wchodzi piesza Pielgrzymka naszej diecezji. Dzi\u0119kujemy Bogu za pielgrzym\u00f3w, kt\u00f3rzy pielgrzymowali, za kap\u0142an\u00f3w, za Duchowych Pielgrzym\u00f3w i tych kt\u00f3rzy ich wspierali.<\/strong><\/li>\n\n\n\n<li><strong>Trwa miesi\u0105c sierpie\u0144 \u2013 miesi\u0105c trze\u017awo\u015bci \u2013 modlimy si\u0119 o trze\u017awo\u015b\u0107 dla Polski. Przy chrzcielnicy wy\u0142o\u017cona jest ksi\u0119ga trze\u017awo\u015bci, mo\u017cna wpisywa\u0107 czas swojej abstynencji a w tych intencjach zostanie odprawiana Msza \u015bw. w \u015brod\u0119 28 sierpnia.<\/strong><\/li>\n\n\n\n<li><strong>W \u015brod\u0119 o godz 18<\/strong><strong><sup>00<\/sup><\/strong><strong> Nowenna do MB Nieustaj\u0105cej Pomocy i \u015bw. J\u00f3zefa.<\/strong><\/li>\n\n\n\n<li>W czwartek 15 sierpnia <strong>Uroczysto\u015b\u0107 Wniebowzi\u0119cia NMP<\/strong> \u2013 do\u017cynki diecezjalne w Rokitnie. Taca przeznaczona jest na ubogie parafie w naszej diecezji. Msze \u015bw. wed\u0142ug porz\u0105dku niedzielnego.<\/li>\n\n\n\n<li><strong>Czas wakacji<\/strong> &#8211; <strong>bardzo prosz\u0119 rodzic\u00f3w<\/strong>, \u017ceby zapewnili swoim dzieciom u organizator\u00f3w oboz\u00f3w i kolonii, <strong>aby dzieci mog\u0142y uczestniczy\u0107 w niedzielnej Mszy \u015bw<\/strong>.\u00a0<strong>\u00a0<\/strong>Przypominam o nale\u017cytym stroju na Mszach \u015bw. i przy zwiedzaniu ko\u015bcio\u0142\u00f3w.<\/li>\n\n\n\n<li><strong><em>Dzi\u0119kujemy za ofiary na tac\u0119 i za przelewy na konto parafii. B\u00f3g Zap\u0142a\u0107. Numer konta bankowego parafii:<\/em><\/strong><em> <\/em><strong><em>58 9673 0007 0000 0300 4864 0001<\/em><\/strong><\/li>\n\n\n\n<li><strong>Dzisiaj taca przeznaczona jest na KUL i Instytut Filozoficzno \u2013 Teologiczny w Zielonej G\u00f3rze.<\/strong><\/li>\n\n\n\n<li><strong>Sakrament pokuty w naszym ko\u015bciele, codziennie p\u00f3\u0142 godz. przed ka\u017cd\u0105 Msz\u0105 \u015bw.<\/strong><\/li>\n\n\n\n<li><strong>Codziennie w kaplicy o godz. 15<\/strong><strong><sup>00 <\/sup><\/strong><strong>Koronka do Bo\u017cego Mi\u0142osierdzia.<\/strong><\/li>\n\n\n\n<li><strong>Dzi\u0119kujemy 6 osobom ul. Kochanowskiego i Kaczkowskiego i 2 osobom ch\u0119tnym za sprz\u0105tanie ko\u015bcio\u0142a i ofiary na kwiaty. Msza \u015bw. za te rodziny 20.08.2024r o godz. 7<\/strong><sup><strong>00<\/strong><\/sup><strong>.<\/strong> <strong>Z ul. Szafera i Konopnickiej nie by\u0142o nikogo.<\/strong><\/li>\n\n\n\n<li><strong>W sobot\u0119 na godz. 9<\/strong><sup><strong>00<\/strong><\/sup><strong> do sprz\u0105tania ko\u015bcio\u0142a zapraszamy wiernych zam. na ulicy: Makuszy\u0144skiego, Tuwima, Brzechwy, Korczaka, S\u0142owackiego, Saper\u00f3w<\/strong><\/li>\n\n\n\n<li><strong>Zach\u0119camy do zakupu i lektury prasy katolickiej: Tygodnika NIEDZIELA, GO\u015a\u0106 NIEDZIELNY i Ma\u0142y Go\u015b\u0107 Niedzielny kupi\u0107 je mo\u017cna w zakrystii i u ministrant\u00f3w przy wyj\u015bciu z ko\u015bcio\u0142a.<\/strong><\/li>\n\n\n\n<li><strong>W minionym tygodniu z naszej parafii nikt nie zmar\u0142.<\/strong><\/li>\n\n\n\n<li><strong>Pami\u0119tajmy o zmar\u0142ych polecaj\u0105c ich Bo\u017cemu<\/strong><strong> Mi\u0142osierdziu.<\/strong><\/li>\n\n\n\n<li><strong>Pozdrawiamy wszystkich chorych i \u017cyczymy szybkiego powrotu do zdrowia.<\/strong><\/li>\n\n\n\n<li><strong>Wszystkim parafianom<\/strong><strong> i go\u015bciom i wypoczywaj\u0105cym w r\u00f3\u017cnych miejscach \u015bwiata \u017cyczymy Bo\u017cego b\u0142ogos\u0142awie\u0144stwa.<\/strong><\/li>\n<\/ol>\n\n\n\n<p class=\"has-text-align-right\">Ks. Krzysztof Kocz<br>Proboszcz<\/p>\n\n\n\n<div style=\"height:40px\" aria-hidden=\"true\" class=\"wp-block-spacer\"><\/div>\n","protected":false},"excerpt":{"rendered":"","protected":false},"author":3,"featured_media":3316,"comment_status":"closed","ping_status":"closed","sticky":false,"template":"","format":"standard","meta":{"_lmt_disableupdate":"","_lmt_disable":"","footnotes":""},"categories":[19],"tags":[],"class_list":["post-8375","post","type-post","status-publish","format-standard","has-post-thumbnail","hentry","category-ogloszenia"],"_links":{"self":[{"href":"https:\/\/swiety-jozef.pl\/index.php\/wp-json\/wp\/v2\/posts\/8375","targetHints":{"allow":["GET"]}}],"collection":[{"href":"https:\/\/swiety-jozef.pl\/index.php\/wp-json\/wp\/v2\/posts"}],"about":[{"href":"https:\/\/swiety-jozef.pl\/index.php\/wp-json\/wp\/v2\/types\/post"}],"author":[{"embeddable":true,"href":"https:\/\/swiety-jozef.pl\/index.php\/wp-json\/wp\/v2\/users\/3"}],"replies":[{"embeddable":true,"href":"https:\/\/swiety-jozef.pl\/index.php\/wp-json\/wp\/v2\/comments?post=8375"}],"version-history":[{"count":1,"href":"https:\/\/swiety-jozef.pl\/index.php\/wp-json\/wp\/v2\/posts\/8375\/revisions"}],"predecessor-version":[{"id":8376,"href":"https:\/\/swiety-jozef.pl\/index.php\/wp-json\/wp\/v2\/posts\/8375\/revisions\/8376"}],"wp:featuredmedia":[{"embeddable":true,"href":"https:\/\/swiety-jozef.pl\/index.php\/wp-json\/wp\/v2\/media\/3316"}],"wp:attachment":[{"href":"https:\/\/swiety-jozef.pl\/index.php\/wp-json\/wp\/v2\/media?parent=8375"}],"wp:term":[{"taxonomy":"category","embeddable":true,"href":"https:\/\/swiety-jozef.pl\/index.php\/wp-json\/wp\/v2\/categories?post=8375"},{"taxonomy":"post_tag","embeddable":true,"href":"https:\/\/swiety-jozef.pl\/index.php\/wp-json\/wp\/v2\/tags?post=8375"}],"curies":[{"name":"wp","href":"https:\/\/api.w.org\/{rel}","templated":true}]}}