{"id":8369,"date":"2024-08-03T13:35:25","date_gmt":"2024-08-03T11:35:25","guid":{"rendered":"https:\/\/swiety-jozef.pl\/?p=8369"},"modified":"2024-08-03T13:35:26","modified_gmt":"2024-08-03T11:35:26","slug":"ogloszenia-duszpasterskie-04-08-2024-r","status":"publish","type":"post","link":"https:\/\/swiety-jozef.pl\/index.php\/2024\/08\/03\/ogloszenia-duszpasterskie-04-08-2024-r\/","title":{"rendered":"Og\u0142oszenia duszpasterskie 04.08.2024 r."},"content":{"rendered":"\n<!--more-->\n\n\n\n<p class=\"has-text-align-right\">Nowa S\u00f3l 04.08.2024<\/p>\n\n\n\n<h4 class=\"wp-block-heading has-text-align-center\">Og\u0142oszenia duszpasterskie<br>XVIII Niedziela okresu zwyk\u0142ego rok B<\/h4>\n\n\n\n<div style=\"height:25px\" aria-hidden=\"true\" class=\"wp-block-spacer\"><\/div>\n\n\n\n<ol class=\"wp-block-list\">\n<li><strong>Dzisiaj XVIII niedziela okresu zwyk\u0142ego.<\/strong><\/li>\n\n\n\n<li><strong>Dekretem ks. bp. Tadeusza Lity\u0144skiego z dniem 1 sierpnia 2024r. pos\u0142ug\u0119 kap\u0142a\u0144sk\u0105 w charakterze emeryta, rezydenta rozpocz\u0105\u0142 ks. Ryszard Mulawa. Ks. Ryszarda bardzo serdecznie witamy a parafian prosimy o serdeczne przyj\u0119cie.<\/strong><\/li>\n\n\n\n<li><strong>Dzisiaj w naszej parafii go\u015bcimy siostr\u0119 Iwon\u0119 Szatkowsk\u0105 z Misyjnego Zgromadzenia S\u0142u\u017cebnic Ducha \u015awi\u0119tego, kt\u00f3ra od 12 lat pos\u0142uguje w Bostwanie, siostra pochodzi z naszej parafii. Pod koniec Mszy \u015bw. siostra podzieli si\u0119 swoim do\u015bwiadczenie pracy misyjne. Po zako\u0144czeniu Mszy \u015bw. przy wyj\u015bciu g\u0142\u00f3wnym mo\u017cna b\u0119dzie z\u0142o\u017cy\u0107 ofiary na rzecz misji.<\/strong><\/li>\n\n\n\n<li>Dzisiaj po Mszy \u015bw<strong>. o godz. 7<\/strong><sup><strong>30<\/strong><\/sup><strong> zmiana tajemnic \u017bywego R\u00f3\u017ca\u0144ca a po Mszy \u015bw. o godz. 18<\/strong><sup><strong>30<\/strong><\/sup><strong> nauka dla rodzic\u00f3w i chrzestnych przed sakr. Chrztu dzieci.<\/strong><\/li>\n\n\n\n<li><strong>Trwa miesi\u0105c sierpie\u0144 \u2013 miesi\u0105c trze\u017awo\u015bci \u2013 modlimy si\u0119 o trze\u017awo\u015b\u0107 dla Polski. Przy chrzcielnicy wy\u0142o\u017cona jest ksi\u0119ga trze\u017awo\u015bci, mo\u017cna wpisywa\u0107 czas swojej abstynencji a w tych intencjach zostanie odprawiana Msza \u015bw. w \u015brod\u0119 31 sierpnia.<\/strong><\/li>\n\n\n\n<li><strong>We wtorek Przemienienie Pa\u0144skie \u2013 \u015bwi\u0119to<\/strong><\/li>\n\n\n\n<li><strong>W \u015brod\u0119 o godz 18<\/strong><strong><sup>00<\/sup><\/strong><strong> Nowenna do MB Nieustaj\u0105cej Pomocy i \u015bw. J\u00f3zefa.<\/strong><\/li>\n\n\n\n<li><strong>S\u0105 jeszcze wolne miejsca pielgrzymki autobusem na Jasn\u0105 G\u00f3r\u0119. Wyjazd 11 VIII o godz 23<\/strong><sup><strong>00<\/strong><\/sup><strong> z pod plebanii, mo\u017cna do\u0142\u0105czy\u0107 do pieszych pielgrzym\u00f3w w K\u0142obucku lub jecha\u0107 dalej na Jasn\u0105 G\u00f3r\u0105- koszt 140 z\u0142<\/strong> <strong>&#8211; wi\u0119cej informacji: w zakrystii lub na <a href=\"http:\/\/www.pielgrzymka.zgora.pl\/\" target=\"_blank\" rel=\"noreferrer noopener\">www.pielgrzymka.zgora.pl<\/a><\/strong><\/li>\n\n\n\n<li><strong>Czas wakacji<\/strong> &#8211; <strong>bardzo prosz\u0119 rodzic\u00f3w<\/strong>, \u017ceby zapewnili swoim dzieciom u organizator\u00f3w oboz\u00f3w i kolonii, <strong>aby dzieci mog\u0142y uczestniczy\u0107 w niedzielnej Mszy \u015bw<\/strong>.\u00a0<strong>\u00a0<\/strong>Przypominam o nale\u017cytym stroju na Mszach \u015bw. i przy zwiedzaniu ko\u015bcio\u0142\u00f3w.<\/li>\n\n\n\n<li><strong>W przysz\u0142\u0105 niedziele taca przeznaczona jest na KUL i Instytut Filozoficzno \u2013 Teologiczny w Zielonej G\u00f3rze.<\/strong><\/li>\n\n\n\n<li><strong>Sakrament pokuty w naszym ko\u015bciele, codziennie p\u00f3\u0142 godz. przed ka\u017cd\u0105 Msz\u0105 \u015bw.<\/strong><\/li>\n\n\n\n<li><strong>Codziennie w kaplicy o godz. 15<\/strong><strong><sup>00 <\/sup><\/strong><strong>Koronka do Bo\u017cego Mi\u0142osierdzia.<\/strong><\/li>\n\n\n\n<li><strong><em>Dzi\u0119kujemy za ofiary na tac\u0119 i za przelewy na konto parafii. B\u00f3g Zap\u0142a\u0107. Numer konta bankowego parafii: 58 9673 0007 0000 0300 4864 0001<\/em><\/strong><\/li>\n\n\n\n<li> <strong>Dzi\u0119kujemy 9 osobom ul. Wo\u0142odyjowskiego, Stasia i Nel, Zag\u0142oby, Kmicica, Po\u0142anieckich, Jagienki, Juranda i 3 osobom ch\u0119tnym za sprz\u0105tanie ko\u015bcio\u0142a i ofiary na kwiaty. Msza \u015bw. za te rodziny 19-08-2024r o godz. 7<\/strong><sup><strong>00<\/strong><\/sup><strong>.<\/strong><\/li>\n\n\n\n<li><strong>W sobot\u0119 na godz. 9<\/strong><sup><strong>00<\/strong><\/sup><strong> do sprz\u0105tania ko\u015bcio\u0142a zapraszamy wiernych zam. na ulicy: Konopnickiej, Kochanowskiego, Kaczkowskiego i Szafera<\/strong><\/li>\n\n\n\n<li><strong>Zach\u0119camy do zakupu i lektury prasy katolickiej: Tygodnika NIEDZIELA, GO\u015a\u0106 NIEDZIELNY i Ma\u0142y Go\u015b\u0107 Niedzielny kupi\u0107 je mo\u017cna w zakrystii i u ministrant\u00f3w przy wyj\u015bciu z ko\u015bcio\u0142a.<\/strong><\/li>\n\n\n\n<li><strong>W minionym tygodniu z naszej parafii zmarli:<\/strong> <strong>: \u0141ucja Ha\u0144czyk z o\u015b. Konstytucji 3 Maja,<\/strong> <strong>Marta Bukowska z ul. Cha\u0142ubi\u0144skiego i Mieczys\u0142aw Stachowiak z ul. D\u0142ugiej.<\/strong><\/li>\n<\/ol>\n\n\n\n<ol class=\"wp-block-list\" start=\"19\">\n<li><strong>Pami\u0119tajmy o zmar\u0142ych polecaj\u0105c ich Bo\u017cemu<\/strong><strong> Mi\u0142osierdziu.<\/strong><\/li>\n\n\n\n<li><strong>Pozdrawiamy wszystkich chorych i \u017cyczymy szybkiego powrotu do zdrowia.<\/strong><\/li>\n\n\n\n<li><strong>Wszystkim parafianom<\/strong><strong> i go\u015bciom i wypoczywaj\u0105cym w r\u00f3\u017cnych miejscach \u015bwiata \u017cyczymy Bo\u017cego b\u0142ogos\u0142awie\u0144stwa.<\/strong><\/li>\n<\/ol>\n\n\n\n<p class=\"has-text-align-right\">Ks. Krzysztof Kocz<br>Proboszcz<\/p>\n\n\n\n<div style=\"height:40px\" aria-hidden=\"true\" class=\"wp-block-spacer\"><\/div>\n","protected":false},"excerpt":{"rendered":"","protected":false},"author":3,"featured_media":3316,"comment_status":"closed","ping_status":"closed","sticky":false,"template":"","format":"standard","meta":{"_lmt_disableupdate":"","_lmt_disable":"","footnotes":""},"categories":[19],"tags":[],"class_list":["post-8369","post","type-post","status-publish","format-standard","has-post-thumbnail","hentry","category-ogloszenia"],"_links":{"self":[{"href":"https:\/\/swiety-jozef.pl\/index.php\/wp-json\/wp\/v2\/posts\/8369","targetHints":{"allow":["GET"]}}],"collection":[{"href":"https:\/\/swiety-jozef.pl\/index.php\/wp-json\/wp\/v2\/posts"}],"about":[{"href":"https:\/\/swiety-jozef.pl\/index.php\/wp-json\/wp\/v2\/types\/post"}],"author":[{"embeddable":true,"href":"https:\/\/swiety-jozef.pl\/index.php\/wp-json\/wp\/v2\/users\/3"}],"replies":[{"embeddable":true,"href":"https:\/\/swiety-jozef.pl\/index.php\/wp-json\/wp\/v2\/comments?post=8369"}],"version-history":[{"count":2,"href":"https:\/\/swiety-jozef.pl\/index.php\/wp-json\/wp\/v2\/posts\/8369\/revisions"}],"predecessor-version":[{"id":8371,"href":"https:\/\/swiety-jozef.pl\/index.php\/wp-json\/wp\/v2\/posts\/8369\/revisions\/8371"}],"wp:featuredmedia":[{"embeddable":true,"href":"https:\/\/swiety-jozef.pl\/index.php\/wp-json\/wp\/v2\/media\/3316"}],"wp:attachment":[{"href":"https:\/\/swiety-jozef.pl\/index.php\/wp-json\/wp\/v2\/media?parent=8369"}],"wp:term":[{"taxonomy":"category","embeddable":true,"href":"https:\/\/swiety-jozef.pl\/index.php\/wp-json\/wp\/v2\/categories?post=8369"},{"taxonomy":"post_tag","embeddable":true,"href":"https:\/\/swiety-jozef.pl\/index.php\/wp-json\/wp\/v2\/tags?post=8369"}],"curies":[{"name":"wp","href":"https:\/\/api.w.org\/{rel}","templated":true}]}}