{"id":8341,"date":"2024-07-20T17:10:51","date_gmt":"2024-07-20T15:10:51","guid":{"rendered":"https:\/\/swiety-jozef.pl\/?p=8341"},"modified":"2024-07-21T11:32:11","modified_gmt":"2024-07-21T09:32:11","slug":"ogloszenia-duszpasterskie-21-07-2024-r","status":"publish","type":"post","link":"https:\/\/swiety-jozef.pl\/index.php\/2024\/07\/20\/ogloszenia-duszpasterskie-21-07-2024-r\/","title":{"rendered":"Og\u0142oszenia duszpasterskie 21.07.2024 r."},"content":{"rendered":"\n<!--more-->\n\n\n\n<p class=\"has-text-align-right\">Nowa S\u00f3l 21.07.2024<\/p>\n\n\n\n<h4 class=\"wp-block-heading has-text-align-center\">Og\u0142oszenia duszpasterskie<br>XVI Niedziela okresu zwyk\u0142ego rok B<\/h4>\n\n\n\n<div style=\"height:25px\" aria-hidden=\"true\" class=\"wp-block-spacer\"><\/div>\n\n\n\n<ol class=\"wp-block-list\">\n<li>Dzisiaj XVI niedziela okresu zwyk\u0142ego.<strong> Dzisiaj trzecia niedziela miesi\u0105ca \u2013 taca przeznaczona na potrzeby parafii. B\u00f3g zap\u0142a\u0107 za pomoc i \u017cyczliwo\u015b\u0107.<\/strong><\/li>\n\n\n\n<li><strong>We wtorek \u015bwi\u0119to \u015bw. Marii Magdaleny.<\/strong><\/li>\n\n\n\n<li>W \u015brod\u0119 o godz 18<sup>00<\/sup> <strong>Nowenna do MB Nieustaj\u0105cej Pomocy i \u015bw. J\u00f3zefa.<\/strong><\/li>\n\n\n\n<li><strong>W czwartek \u015bwi\u0119to \u015bw. Jakuba Aposto\u0142a.<\/strong><\/li>\n\n\n\n<li><strong>W czwartek wspomnienie \u015bw. Krzysztofa<\/strong>. P<strong>o\u015bwi\u0119cenie pojazd\u00f3w w przysz\u0142\u0105 niedziel\u0119 <\/strong><strong>po ka\u017cdej Mszy \u015bw.<\/strong>Po\u015bwi\u0119cenie odb\u0119dzie przy wyje\u017adzie z placu na wysoko\u015bci plebanii. Przy po\u015bwi\u0119ceniu kierowcy otrzymaj\u0105 breloki ze \u015bw. Krzysztofem i modlitw\u0105 kierowcy, kt\u00f3r\u0105 powinno si\u0119 odmawia\u0107 na rozpocz\u0119cie podr\u00f3\u017cy.<\/li>\n\n\n\n<li><strong>W pi\u0105tek wspomnienie Joachima i Anny rodzic\u00f3w NMP<\/strong><\/li>\n\n\n\n<li><strong>W sobot\u0119 27 VII imieniny siostry Natalii \u2013organistki, Msza \u015bw. dzi\u0119kczynna za pos\u0142ug\u0119 siostry w naszej parafii o godz. 18<\/strong><sup><strong>00<\/strong><\/sup><strong> &#8211; zapraszamy<\/strong><\/li>\n\n\n\n<li><strong>Spowied\u017a codziennie p\u00f3\u0142 godziny przed Msz\u0105 \u015bw.<\/strong><\/li>\n\n\n\n<li><strong>Czas wakacji<\/strong> &#8211; <strong>bardzo prosz\u0119 Rodzic\u00f3w<\/strong>, \u017ceby zapewnili swoim dzieciom u organizator\u00f3w oboz\u00f3w i kolonii, <strong>aby dzieci mog\u0142y uczestniczy\u0107 w niedzielnej Mszy \u015bw<\/strong>.&nbsp;<strong>&nbsp;<\/strong>Przypominam o nale\u017cytym stroju na Mszach \u015bw. i przy zwiedzaniu ko\u015bcio\u0142\u00f3w.<\/li>\n\n\n\n<li><strong>W dniach od 2 do 12 sierpnia z naszego miasta wyrusza Piesza Pielgrzymka na Jasna G\u00f3r\u0119<\/strong>.<\/li>\n<\/ol>\n\n\n\n<ul class=\"wp-block-list\">\n<li><strong>Zapisy w zakrystii. Wszystkich zainteresowanych bardzo serdecznie zapraszamy.<\/strong><\/li>\n\n\n\n<li><strong>Spotkanie przedpielgrzymkowe dzisiaj 28.07.2024 po mszy \u015bw. o godz. 14<\/strong><sup><u><strong>00<\/strong><\/u><\/sup><\/li>\n<\/ul>\n\n\n\n<ul class=\"wp-block-list\">\n<li><strong>Istnieje mo\u017cliwo\u015b\u0107 zapisania si\u0119 na list\u0119 duchowych pielgrzym\u00f3w \u2013 po ka\u017cdej Mszy \u015bw. w zakrystii<\/strong><\/li>\n\n\n\n<li><strong>Organizujemy dojazd autobusem na ostatni etap pielgrzymki i na Jasn\u0105 G\u00f3r\u0119. Wyjazd 11 VIII godz. 23<\/strong><sup><strong>00<\/strong><\/sup><strong> ; koszt 140 z\u0142<\/strong><\/li>\n\n\n\n<li><strong>Wi\u0119cej informacji na stronie <\/strong><a href=\"http:\/\/www.pielgrzymka.zgora.pl\/\" target=\"_blank\" rel=\"noreferrer noopener\"><strong>www.pielgrzymka.zgora.pl<\/strong><\/a><strong> lub u ks. Krzysztofa Kocz.<\/strong><\/li>\n<\/ul>\n\n\n\n<ul class=\"wp-block-list\">\n<li><strong>Potrzebujemy du\u017c\u0105 lod\u00f3wk\u0119 na potrzeby kuchni pieszej pielgrzymki.<\/strong><\/li>\n<\/ul>\n\n\n\n<ol class=\"wp-block-list\" start=\"11\">\n<li><strong>Szko\u0142a Katolicka przy naszej parafii <\/strong><strong>prowadzi&nbsp;nab\u00f3r&nbsp;uczni\u00f3w do kl. I i kl. IV&nbsp; na rok szkolny 2024\/2025. Wszelkie informacji w sekretariacie szko\u0142y.<\/strong><\/li>\n\n\n\n<li><strong><em>Dzi\u0119kujemy za ofiary na tac\u0119 i za przelewy na konto parafii. B\u00f3g Zap\u0142a\u0107. Numer konta bankowego parafii: 58 9673 0007 0000 0300 4864 0001<\/em><\/strong><\/li>\n\n\n\n<li><strong>Dzi\u0119kujemy 4 osobom ch\u0119tnym za sprz\u0105tanie ko\u015bcio\u0142a i ofiary na kwiaty. Msza \u015bw. za te rodziny 26.09 o godz. 7<\/strong><sup><strong>00<\/strong><\/sup><strong>. Z na ul. Matejki blok 26 i ul. Wojska Polskiego blok 58A nikt nie przyszed\u0142 sprz\u0105ta\u0107 ko\u015bcio\u0142a<\/strong><\/li>\n\n\n\n<li><strong>W sobot\u0119 na godz. 9<\/strong><sup><strong>00<\/strong><\/sup><strong> do sprz\u0105tania ko\u015bcio\u0142a zapraszamy wiernych zam. na ulicy Wojska Polskiego blok 58B i blok 58C<\/strong><\/li>\n\n\n\n<li><strong>Zach\u0119camy do zakupu i lektury prasy katolickiej: Tygodnika NIEDZIELA, GO\u015a\u0106 NIEDZIELNY i Ma\u0142y Go\u015b\u0107 Niedzielny kupi\u0107 je mo\u017cna w zakrystii i u ministrant\u00f3w przy wyj\u015bciu z ko\u015bcio\u0142a.<\/strong><\/li>\n\n\n\n<li><strong>W minionym tygodniu z naszej parafii zmar\u0142:<\/strong> + Ryszard <strong>Piotrowski<\/strong> zam. o\u015b. Konst. 3 Maja, Marian Ko\u0142odziej zam. O\u015b. Konst. 3 Maja, Stanis\u0142aw  Bandurowski ul. Sk\u0142odowskiej<strong><em>. <\/em>Pami\u0119tajmy o zmar\u0142ych polecaj\u0105c ich Bo\u017cemu Mi\u0142osierdziu.<\/strong><\/li>\n\n\n\n<li><strong>Pozdrawiamy wszystkich chorych i \u017cyczymy szybkiego powrotu do zdrowia.<\/strong><\/li>\n\n\n\n<li><strong>Wszystkim parafianom<\/strong><strong> i go\u015bciom i wypoczywaj\u0105cym w r\u00f3\u017cnych miejscach \u015bwiata \u017cyczymy Bo\u017cego b\u0142ogos\u0142awie\u0144stwa.<\/strong><\/li>\n<\/ol>\n\n\n\n<ol class=\"wp-block-list\" start=\"13\">\n<li><\/li>\n<\/ol>\n\n\n\n<p class=\"has-text-align-right\">Ks. Krzysztof Kocz<br>Proboszcz<\/p>\n\n\n\n<div style=\"height:25px\" aria-hidden=\"true\" class=\"wp-block-spacer\"><\/div>\n","protected":false},"excerpt":{"rendered":"","protected":false},"author":3,"featured_media":3316,"comment_status":"closed","ping_status":"closed","sticky":false,"template":"","format":"standard","meta":{"_lmt_disableupdate":"","_lmt_disable":"","footnotes":""},"categories":[19],"tags":[],"class_list":["post-8341","post","type-post","status-publish","format-standard","has-post-thumbnail","hentry","category-ogloszenia"],"_links":{"self":[{"href":"https:\/\/swiety-jozef.pl\/index.php\/wp-json\/wp\/v2\/posts\/8341","targetHints":{"allow":["GET"]}}],"collection":[{"href":"https:\/\/swiety-jozef.pl\/index.php\/wp-json\/wp\/v2\/posts"}],"about":[{"href":"https:\/\/swiety-jozef.pl\/index.php\/wp-json\/wp\/v2\/types\/post"}],"author":[{"embeddable":true,"href":"https:\/\/swiety-jozef.pl\/index.php\/wp-json\/wp\/v2\/users\/3"}],"replies":[{"embeddable":true,"href":"https:\/\/swiety-jozef.pl\/index.php\/wp-json\/wp\/v2\/comments?post=8341"}],"version-history":[{"count":5,"href":"https:\/\/swiety-jozef.pl\/index.php\/wp-json\/wp\/v2\/posts\/8341\/revisions"}],"predecessor-version":[{"id":8353,"href":"https:\/\/swiety-jozef.pl\/index.php\/wp-json\/wp\/v2\/posts\/8341\/revisions\/8353"}],"wp:featuredmedia":[{"embeddable":true,"href":"https:\/\/swiety-jozef.pl\/index.php\/wp-json\/wp\/v2\/media\/3316"}],"wp:attachment":[{"href":"https:\/\/swiety-jozef.pl\/index.php\/wp-json\/wp\/v2\/media?parent=8341"}],"wp:term":[{"taxonomy":"category","embeddable":true,"href":"https:\/\/swiety-jozef.pl\/index.php\/wp-json\/wp\/v2\/categories?post=8341"},{"taxonomy":"post_tag","embeddable":true,"href":"https:\/\/swiety-jozef.pl\/index.php\/wp-json\/wp\/v2\/tags?post=8341"}],"curies":[{"name":"wp","href":"https:\/\/api.w.org\/{rel}","templated":true}]}}