{"id":8332,"date":"2024-07-13T15:52:23","date_gmt":"2024-07-13T13:52:23","guid":{"rendered":"https:\/\/swiety-jozef.pl\/?p=8332"},"modified":"2024-07-13T20:58:50","modified_gmt":"2024-07-13T18:58:50","slug":"ogloszenia-duszpasterskie-14-07-2024-r","status":"publish","type":"post","link":"https:\/\/swiety-jozef.pl\/index.php\/2024\/07\/13\/ogloszenia-duszpasterskie-14-07-2024-r\/","title":{"rendered":"Og\u0142oszenia duszpasterskie 14.07.2024 r."},"content":{"rendered":"\n<!--more-->\n\n\n\n<p class=\"has-text-align-right\">Nowa S\u00f3l 14.07.2024<\/p>\n\n\n\n<h4 class=\"wp-block-heading has-text-align-center\">Og\u0142oszenia duszpasterskie<br>XV Niedziela okresu zwyk\u0142ego rok B<\/h4>\n\n\n\n<div style=\"height:25px\" aria-hidden=\"true\" class=\"wp-block-spacer\"><\/div>\n\n\n\n<ol class=\"wp-block-list\">\n<li>Dzisiaj XV niedziela okresu zwyk\u0142ego.<\/li>\n\n\n\n<li><strong>Dzisiaj 14 lipca, w Domostawie w woj. podkarpackim odb\u0119dzie si\u0119 oficjalne ods\u0142oni\u0119cie pomnika &#8222;Rze\u017a Wo\u0142y\u0144ska&#8221;. 14-metrowy, odlany z br\u0105zu pomnik upami\u0119tniaj\u0105cy Polak\u00f3w pomordowanych przez ukrai\u0144skich nacjonalist\u00f3w na Wo\u0142yniu i w Ma\u0142opolsce Wschodniej.<\/strong> Przeczytaj wi\u0119cej: <a href=\"https:\/\/www.pap.pl\/aktualnosci\/w-najblizsza-niedziele-odsloniecie-pomnika-rzez-wolynska\" data-type=\"link\" data-id=\"https:\/\/www.pap.pl\/aktualnosci\/w-najblizsza-niedziele-odsloniecie-pomnika-rzez-wolynska\" target=\"_blank\" rel=\"noreferrer noopener\"><strong>Kliknij<\/strong><\/a><\/li>\n\n\n\n<li><strong>We wtorek NMP z G\u00f3ry Karmel &#8211; wspomnienie<\/strong><\/li>\n\n\n\n<li>W \u015brod\u0119 o godz 18<sup>00<\/sup> <strong>Nowenna do MB Nieustaj\u0105cej Pomocy i \u015bw. J\u00f3zefa.<\/strong><\/li>\n\n\n\n<li><strong>Spowied\u017a codziennie p\u00f3\u0142 godziny przed Msz\u0105 \u015bw.<\/strong><\/li>\n\n\n\n<li><strong>W kaplicy naszego ko\u015bcio\u0142a trwa ca\u0142odniowa Adoracja Naj\u015bwi\u0119tszego Sakramentu, od poniedzia\u0142ku do soboty w godzinach od 7<\/strong><sup><strong>30<\/strong><\/sup><strong> do Mszy \u015bw. wieczornej<\/strong>. <strong>Codziennie o godz. 15<\/strong><sup><strong>00 <\/strong><\/sup><strong>Koronka do Bo\u017cego Mi\u0142osierdzia.<\/strong><\/li>\n\n\n\n<li><strong>Czas wakacji<\/strong> &#8211; <strong>bardzo prosz\u0119 Rodzic\u00f3w<\/strong>, \u017ceby zapewnili swoim dzieciom u organizator\u00f3w oboz\u00f3w i kolonii, <strong>aby dzieci mog\u0142y uczestniczy\u0107 w niedzielnej Mszy \u015bw<\/strong>.&nbsp;<strong>&nbsp;<\/strong>Przypominam o nale\u017cytym stroju na Mszach \u015bw. i przy zwiedzaniu ko\u015bcio\u0142\u00f3w.<\/li>\n\n\n\n<li><strong>W dniach od 2 do 12 sierpnia z naszego miasta wyrusza Piesza Pielgrzymka na Jasna G\u00f3r\u0119<\/strong>.<\/li>\n<\/ol>\n\n\n\n<ul class=\"wp-block-list\">\n<li><strong>Zapisy w zakrystii. Wszystkich zainteresowanych bardzo serdecznie zapraszamy.<\/strong><\/li>\n\n\n\n<li><strong>Koszt 350 z\u0142 + 120 z\u0142 powr\u00f3t autokarem.<\/strong><\/li>\n\n\n\n<li><strong>Spotkanie przedpielgrzymkowe dzisiaj 28.07.2024 po mszy \u015bw. o godz. 14<\/strong><sup><u><strong>00<\/strong><\/u><\/sup><\/li>\n<\/ul>\n\n\n\n<ul class=\"wp-block-list\">\n<li><strong>Istnieje mo\u017cliwo\u015b\u0107 zapisania si\u0119 na list\u0119 duchowych pielgrzym\u00f3w \u2013 po ka\u017cdej Mszy \u015bw. w zakrystii<\/strong><\/li>\n\n\n\n<li><strong>Organizujemy dojazd autobusem na ostatni etap pielgrzymki i na Jasn\u0105 G\u00f3r\u0119. Wyjazd 11 VIII godz. 23<\/strong><sup><strong>00<\/strong><\/sup><strong> ; koszt 140 z\u0142<\/strong><\/li>\n<\/ul>\n\n\n\n<ul class=\"wp-block-list\">\n<li><strong>Wi\u0119cej informacji na stronie <a href=\"http:\/\/www.pielgrzymka.zgora.pl\/\" target=\"_blank\" rel=\"noreferrer noopener\">www.pielgrzymka.zgora.pl<\/a> lub u ks. Krzysztofa Kocz.<\/strong><\/li>\n<\/ul>\n\n\n\n<ol class=\"wp-block-list\" start=\"9\">\n<li><strong>Szko\u0142a Katolicka przy naszej parafii <\/strong><strong>prowadzi&nbsp;nab\u00f3r&nbsp;uczni\u00f3w do kl. I i kl. IV&nbsp; na rok szkolny 2024\/2025. Wszelkie informacji w sekretariacie szko\u0142y.<\/strong><\/li>\n\n\n\n<li><strong><em>Dzi\u0119kujemy za ofiary na tac\u0119 i za przelewy na konto parafii. B\u00f3g Zap\u0142a\u0107. Numer konta bankowego parafii: 58 9673 0007 0000 0300 4864 0001<\/em><\/strong> <strong>Za tydzie\u0144 trzecia niedziela miesi\u0105ca \u2013 taca przeznaczona na potrzeby parafii. B\u00f3g zap\u0142a\u0107 za pomoc i \u017cyczliwo\u015b\u0107.<\/strong><\/li>\n\n\n\n<li><strong>Dzi\u0119kujemy 3 osobom mieszkaj\u0105cym na ul. Matejki blok 22 i blok 24 i 1 osobie ch\u0119tnej za sprz\u0105tanie ko\u015bcio\u0142a i ofiary na kwiaty. Msza \u015bw. za te rodziny 22.08 o godz. 7<\/strong><sup><strong>00<\/strong><\/sup><strong>.<\/strong><\/li>\n\n\n\n<li><strong>W sobot\u0119 na godz. 9<\/strong><sup><strong>00<\/strong><\/sup><strong> do sprz\u0105tania ko\u015bcio\u0142a zapraszamy wiernych zam. na ulicy Matejki blok 26 i ul. Wojska Polskiego blok 58A<\/strong><\/li>\n\n\n\n<li><strong>Zach\u0119camy do zakupu i lektury prasy katolickiej: Tygodnika NIEDZIELA, GO\u015a\u0106 NIEDZIELNY i Ma\u0142y Go\u015b\u0107 Niedzielny kupi\u0107 je mo\u017cna w zakrystii i u ministrant\u00f3w przy wyj\u015bciu z ko\u015bcio\u0142a.<\/strong><\/li>\n\n\n\n<li><strong>W minionym tygodniu z naszej parafii zmarli:<\/strong> +Henryk <strong>Walczak<\/strong> zam. ul Jagiello\u0144ska; +Ireneusz <strong>Siuzdak<\/strong> zam. ul. Wojska Polskiego. <strong>Pami\u0119tajmy o zmar\u0142ych polecaj\u0105c ich Bo\u017cemu Mi\u0142osierdziu.<\/strong><\/li>\n<\/ol>\n\n\n\n<p><strong>Pozdrawiamy wszystkich chorych i \u017cyczymy szybkiego powrotu do zdrowia.<\/strong><\/p>\n\n\n\n<p><strong>Wszystkim parafianom<\/strong><strong> i go\u015bciom i wypoczywaj\u0105cym w r\u00f3\u017cnych miejscach \u015bwiata \u017cyczymy Bo\u017cego b\u0142ogos\u0142awie\u0144stwa.<\/strong><\/p>\n\n\n\n<p class=\"has-text-align-right\">Ks. Krzysztof Kocz<br>Proboszcz<\/p>\n\n\n\n<div style=\"height:40px\" aria-hidden=\"true\" class=\"wp-block-spacer\"><\/div>\n","protected":false},"excerpt":{"rendered":"","protected":false},"author":3,"featured_media":3316,"comment_status":"closed","ping_status":"closed","sticky":false,"template":"","format":"standard","meta":{"_lmt_disableupdate":"","_lmt_disable":"","footnotes":""},"categories":[19],"tags":[],"class_list":["post-8332","post","type-post","status-publish","format-standard","has-post-thumbnail","hentry","category-ogloszenia"],"_links":{"self":[{"href":"https:\/\/swiety-jozef.pl\/index.php\/wp-json\/wp\/v2\/posts\/8332","targetHints":{"allow":["GET"]}}],"collection":[{"href":"https:\/\/swiety-jozef.pl\/index.php\/wp-json\/wp\/v2\/posts"}],"about":[{"href":"https:\/\/swiety-jozef.pl\/index.php\/wp-json\/wp\/v2\/types\/post"}],"author":[{"embeddable":true,"href":"https:\/\/swiety-jozef.pl\/index.php\/wp-json\/wp\/v2\/users\/3"}],"replies":[{"embeddable":true,"href":"https:\/\/swiety-jozef.pl\/index.php\/wp-json\/wp\/v2\/comments?post=8332"}],"version-history":[{"count":4,"href":"https:\/\/swiety-jozef.pl\/index.php\/wp-json\/wp\/v2\/posts\/8332\/revisions"}],"predecessor-version":[{"id":8339,"href":"https:\/\/swiety-jozef.pl\/index.php\/wp-json\/wp\/v2\/posts\/8332\/revisions\/8339"}],"wp:featuredmedia":[{"embeddable":true,"href":"https:\/\/swiety-jozef.pl\/index.php\/wp-json\/wp\/v2\/media\/3316"}],"wp:attachment":[{"href":"https:\/\/swiety-jozef.pl\/index.php\/wp-json\/wp\/v2\/media?parent=8332"}],"wp:term":[{"taxonomy":"category","embeddable":true,"href":"https:\/\/swiety-jozef.pl\/index.php\/wp-json\/wp\/v2\/categories?post=8332"},{"taxonomy":"post_tag","embeddable":true,"href":"https:\/\/swiety-jozef.pl\/index.php\/wp-json\/wp\/v2\/tags?post=8332"}],"curies":[{"name":"wp","href":"https:\/\/api.w.org\/{rel}","templated":true}]}}