{"id":8326,"date":"2024-07-06T19:26:45","date_gmt":"2024-07-06T17:26:45","guid":{"rendered":"https:\/\/swiety-jozef.pl\/?p=8326"},"modified":"2024-07-08T17:28:21","modified_gmt":"2024-07-08T15:28:21","slug":"ogloszenia-duszpasterskie-07-07-2024-r","status":"publish","type":"post","link":"https:\/\/swiety-jozef.pl\/index.php\/2024\/07\/06\/ogloszenia-duszpasterskie-07-07-2024-r\/","title":{"rendered":"Og\u0142oszenia duszpasterskie 07.07.2024 r."},"content":{"rendered":"\n<!--more-->\n\n\n\n<p class=\"has-text-align-right\">Nowa S\u00f3l 07.07.2024<\/p>\n\n\n\n<h4 class=\"wp-block-heading has-text-align-center\">Og\u0142oszenia duszpasterskie<br>XIV Niedziela okresu zwyk\u0142ego rok B<\/h4>\n\n\n\n<div style=\"height:25px\" aria-hidden=\"true\" class=\"wp-block-spacer\"><\/div>\n\n\n\n<ol class=\"wp-block-list\">\n<li>Dzisiaj XIV niedziela okresu zwyk\u0142ego.<\/li>\n\n\n\n<li><strong>Dzisiaj zmiana tajemnic \u017cywego r\u00f3\u017ca\u0144ca na Mszy \u015bw. o godz. 7<\/strong><sup><strong>30<\/strong><\/sup><strong> a po Mszy \u015bw. o godz. 18<\/strong><sup><strong>30<\/strong><\/sup><strong> nauka dla rodzic\u00f3w i rodzic\u00f3w chrzestnych przed chrztem \u015bw. dzieci.<\/strong><\/li>\n\n\n\n<li><strong>Dzisiaj I niedziela miesi\u0105ca PZ Caritas po mszach \u015bw. zbiera do puszek dla najbardziej potrzebuj\u0105cych z naszej parafii. Za zrozumienie i pomoc &#8211; B\u00f3g zap\u0142a\u0107.<\/strong><\/li>\n\n\n\n<li>W \u015brod\u0119 o godz 18<sup>00<\/sup> <strong>Nowenna do MB Nieustaj\u0105cej Pomocy i \u015bw. J\u00f3zefa.<\/strong><\/li>\n\n\n\n<li><strong>Spowied\u017a codziennie p\u00f3\u0142 godziny przed Msz\u0105 \u015bw.<\/strong><\/li>\n\n\n\n<li><strong>W kaplicy naszego ko\u015bcio\u0142a trwa ca\u0142odniowa Adoracja Naj\u015bwi\u0119tszego Sakramentu, od poniedzia\u0142ku do soboty w godzinach od 7<\/strong><sup><strong>30<\/strong><\/sup><strong> do Mszy \u015bw. wieczornej<\/strong>. <strong>Codziennie o godz. 15<\/strong><sup><strong>00 <\/strong><\/sup><strong>Koronka do Bo\u017cego Mi\u0142osierdzia.<\/strong><\/li>\n\n\n\n<li><strong>Czas wakacji<\/strong> &#8211; <strong>bardzo prosz\u0119 Rodzic\u00f3w<\/strong>, \u017ceby zapewnili swoim dzieciom u organizator\u00f3w oboz\u00f3w i kolonii, <strong>aby dzieci mog\u0142y uczestniczy\u0107 w niedzielnej Mszy \u015bw<\/strong>.&nbsp;<strong>&nbsp;<\/strong>Przypominam o nale\u017cytym stroju na Mszach \u015bw. i przy zwiedzaniu ko\u015bcio\u0142\u00f3w.<\/li>\n\n\n\n<li><strong>W dniach od 2 do 12 sierpnia z naszego miasta wyrusza Piesza Pielgrzymka na Jasna G\u00f3r\u0119<\/strong>.<\/li>\n<\/ol>\n\n\n\n<ul class=\"wp-block-list\">\n<li><strong>Zapisy w zakrystii. Wszystkich zainteresowanych bardzo serdecznie zapraszamy.<\/strong><\/li>\n\n\n\n<li><strong>Koszt 350 z\u0142 + 120 z\u0142 powr\u00f3t autokarem.<\/strong><\/li>\n\n\n\n<li><strong>Spotkanie przedpielgrzymkowe dzisiaj 23.06.2024 i 38.07.2024 po mszy \u015bw. o godz. 14<\/strong><sup><u><strong>00<\/strong><\/u><\/sup><\/li>\n<\/ul>\n\n\n\n<ul class=\"wp-block-list\">\n<li><strong>Istnieje mo\u017cliwo\u015b\u0107 zapisania si\u0119 na list\u0119 duchowych pielgrzym\u00f3w \u2013 po ka\u017cdej Mszy \u015bw. w zakrystii<\/strong><\/li>\n\n\n\n<li><strong>Organizujemy dojazd autobusem na ostatni etap pielgrzymki i na Jasn\u0105 G\u00f3r\u0119. Wyjazd 11 VIII godz. 23<\/strong><sup><strong>00<\/strong><\/sup><strong> ; koszt 140 z\u0142<\/strong><\/li>\n<\/ul>\n\n\n\n<ul class=\"wp-block-list\">\n<li><strong>Wi\u0119cej informacji na stronie <\/strong><a href=\"https:\/\/www.pielgrzymka.zgora.pl\/\" target=\"_blank\" rel=\"noreferrer noopener\"><strong>www.pielgrzymka.zgora.pl<\/strong><\/a><strong> lub u ks. Krzysztofa Kocz.<\/strong><\/li>\n<\/ul>\n\n\n\n<ol class=\"wp-block-list\" start=\"9\">\n<li><strong><em>Dzi\u0119kujemy za ofiary na tac\u0119 i za przelewy na konto parafii. B\u00f3g Zap\u0142a\u0107. Numer konta bankowego parafii: 58 9673 0007 0000 0300 4864 0001<\/em><\/strong><\/li>\n\n\n\n<li><strong>Dzi\u0119kujemy 11 osobom mieszkaj\u0105cym na ul. Matejki blok 18 i blok 20 i 2 osobom ch\u0119tnym za sprz\u0105tanie ko\u015bcio\u0142a i ofiary na kwiaty. Msza \u015bw. za te rodziny 06-08-2024r o godz. 7<\/strong><sup><strong>00<\/strong><\/sup><strong>.<\/strong><\/li>\n\n\n\n<li><strong>W sobot\u0119 na godz. 9<\/strong><sup><strong>00<\/strong><\/sup><strong> do sprz\u0105tania ko\u015bcio\u0142a zapraszamy wiernych zam. na ulicy Matejki blok 22 i blok 24<\/strong><\/li>\n\n\n\n<li><strong>Zach\u0119camy do zakupu i lektury prasy katolickiej: Tygodnika NIEDZIELA, GO\u015a\u0106 NIEDZIELNY i Ma\u0142y Go\u015b\u0107 Niedzielny <\/strong><strong>oraz nasze pismo parafialne \u201eG\u0142os \u015bw. J\u00f3zefa\u201d, <\/strong><strong>kupi\u0107 je mo\u017cna w zakrystii i u ministrant\u00f3w przy wyj\u015bciu z ko\u015bcio\u0142a.<\/strong><\/li>\n\n\n\n<li><strong>W minionym tygodniu z naszej parafii zmarli: Robert Walkowiak z ul. Staszica, Ryszard \u0141upina z ul. Matejki, Jadwiga Krajewska z ul. Wojska Polskiego, Halina Sobolewska z ul. Matejki, Halina Wojew\u00f3dzka z Lubieszowa, Marzanna Bodnarowska-Kwiecie\u0144 z ul. Jagienki.<\/strong> <strong>Pami\u0119tajmy o zmar\u0142ych polecaj\u0105c ich Bo\u017cemu Mi\u0142osierdziu.<\/strong><\/li>\n<\/ol>\n\n\n\n<p><strong>Pozdrawiamy wszystkich chorych i \u017cyczymy szybkiego powrotu do zdrowia.<\/strong><\/p>\n\n\n\n<p><strong>Wszystkim parafianom<\/strong><strong> i go\u015bciom i wypoczywaj\u0105cym w r\u00f3\u017cnych miejscach \u015bwiata \u017cyczymy Bo\u017cego b\u0142ogos\u0142awie\u0144stwa.<\/strong><\/p>\n\n\n\n<p class=\"has-text-align-right\">Ks. Krzysztof Kocz<br>Proboszcz<\/p>\n\n\n\n<div style=\"height:40px\" aria-hidden=\"true\" class=\"wp-block-spacer\"><\/div>\n","protected":false},"excerpt":{"rendered":"","protected":false},"author":3,"featured_media":3316,"comment_status":"closed","ping_status":"closed","sticky":false,"template":"","format":"standard","meta":{"_lmt_disableupdate":"","_lmt_disable":"","footnotes":""},"categories":[19],"tags":[],"class_list":["post-8326","post","type-post","status-publish","format-standard","has-post-thumbnail","hentry","category-ogloszenia"],"_links":{"self":[{"href":"https:\/\/swiety-jozef.pl\/index.php\/wp-json\/wp\/v2\/posts\/8326","targetHints":{"allow":["GET"]}}],"collection":[{"href":"https:\/\/swiety-jozef.pl\/index.php\/wp-json\/wp\/v2\/posts"}],"about":[{"href":"https:\/\/swiety-jozef.pl\/index.php\/wp-json\/wp\/v2\/types\/post"}],"author":[{"embeddable":true,"href":"https:\/\/swiety-jozef.pl\/index.php\/wp-json\/wp\/v2\/users\/3"}],"replies":[{"embeddable":true,"href":"https:\/\/swiety-jozef.pl\/index.php\/wp-json\/wp\/v2\/comments?post=8326"}],"version-history":[{"count":2,"href":"https:\/\/swiety-jozef.pl\/index.php\/wp-json\/wp\/v2\/posts\/8326\/revisions"}],"predecessor-version":[{"id":8331,"href":"https:\/\/swiety-jozef.pl\/index.php\/wp-json\/wp\/v2\/posts\/8326\/revisions\/8331"}],"wp:featuredmedia":[{"embeddable":true,"href":"https:\/\/swiety-jozef.pl\/index.php\/wp-json\/wp\/v2\/media\/3316"}],"wp:attachment":[{"href":"https:\/\/swiety-jozef.pl\/index.php\/wp-json\/wp\/v2\/media?parent=8326"}],"wp:term":[{"taxonomy":"category","embeddable":true,"href":"https:\/\/swiety-jozef.pl\/index.php\/wp-json\/wp\/v2\/categories?post=8326"},{"taxonomy":"post_tag","embeddable":true,"href":"https:\/\/swiety-jozef.pl\/index.php\/wp-json\/wp\/v2\/tags?post=8326"}],"curies":[{"name":"wp","href":"https:\/\/api.w.org\/{rel}","templated":true}]}}