{"id":8257,"date":"2024-05-04T21:26:42","date_gmt":"2024-05-04T19:26:42","guid":{"rendered":"https:\/\/swiety-jozef.pl\/?p=8257"},"modified":"2024-05-04T21:26:44","modified_gmt":"2024-05-04T19:26:44","slug":"komunikat-w-sprawie-swiecen-diakonatu-i-prezbiteratu-2","status":"publish","type":"post","link":"https:\/\/swiety-jozef.pl\/index.php\/2024\/05\/04\/komunikat-w-sprawie-swiecen-diakonatu-i-prezbiteratu-2\/","title":{"rendered":"Komunikat w sprawie \u015bwi\u0119ce\u0144 diakonatu i prezbiteratu"},"content":{"rendered":"\n<!--more-->\n\n\n\n<div style=\"height:25px\" aria-hidden=\"true\" class=\"wp-block-spacer\"><\/div>\n\n\n\n<p class=\"has-text-align-center\"><strong>Komunikat w sprawie \u015bwi\u0119ce\u0144 diakonatu i prezbiteratu<\/strong><\/p>\n\n\n\n<p>Drodzy Diecezjanie, Siostry i Bracia,<\/p>\n\n\n\n<p>wspominaj\u0105c w tym roku 900-lecie powstania Diecezji Lubuskiej wracamy my\u015bl\u0105 do pocz\u0105tk\u00f3w wiary na naszych ziemiach. Mo\u017ce to sta\u0107 si\u0119 dla nas impulsem do przywo\u0142ania pocz\u0105tk\u00f3w wiary w ka\u017cdym z nas. Widzimy, \u017ce wiara jest zawsze wiar\u0105 wcielon\u0105. Dlatego z wdzi\u0119czno\u015bci\u0105 my\u015blimy o tych, dzi\u0119ki kt\u00f3rym wiara sta\u0142a si\u0119 dla nas osobistym i wsp\u00f3lnotowym do\u015bwiadczeniem. Prosimy Boga, by i w nas wiara coraz bardziej nabiera\u0142a kszta\u0142tu; prosimy, by coraz bardziej stawa\u0142a si\u0119 wiar\u0105 dojrza\u0142\u0105. Tylko w taki spos\u00f3b z pokor\u0105, ale i z rado\u015bci\u0105 mo\u017cemy j\u0105 przekazywa\u0107 tym, kt\u00f3rzy przyjd\u0105 po nas, jako wiar\u0119 wcielon\u0105, jako \u017cyw\u0105 wi\u0119\u017a w powo\u0142aniach, kt\u00f3re rozpoznajemy i kt\u00f3re sta\u0142y si\u0119 drog\u0105 naszego \u017cycia.<\/p>\n\n\n\n<p>Dla cz\u0119\u015bci spo\u015br\u00f3d nas tym kszta\u0142tem wiary, tym jej wcieleniem jest powo\u0142anie do kap\u0142a\u0144stwa, do bycia pasterzami w naszych wsp\u00f3lnotach, do pos\u0142ugiwania nam w sakramentach i przepowiadaniu S\u0142owa, do troski o nas, kt\u00f3rzy we wsp\u00f3lnocie Ko\u015bcio\u0142a odnale\u017ali\u015bmy swoje miejsce, ale i do szukania tych, kt\u00f3rzy z r\u00f3\u017cnych powod\u00f3w tego miejsca nie odnale\u017ali.<\/p>\n\n\n\n<p>Chcia\u0142bym z rado\u015bci\u0105 poinformowa\u0107 Was, \u017ce w sobot\u0119, 18 maja, o godz. 11.00 w ko\u015bciele konkatedralnym pw. \u015bw. Jadwigi \u015al\u0105skiej w Zielonej G\u00f3rze \u015bwi\u0119cenia diakonatu z r\u0105k bpa Adriana Puta przyjmie dw\u00f3ch alumn\u00f3w naszego seminarium: Jakub B\u0142a\u017cy\u0144ski z Parafii pw. Podwy\u017cszenia Krzy\u017ca \u015awi\u0119tego w Otyniu oraz Jakub Cieplak z Parafii pw. \u015bw. Henryka w Sul\u0119cinie.<\/p>\n\n\n\n<p>Natomiast w sobot\u0119, 25 maja, tak\u017ce o godz. 11.00 w ko\u015bciele katedralnym pw. Wniebowzi\u0119cia Naj\u015bwi\u0119tszej Maryi Panny w Gorzowie Wlkp. udziel\u0119 \u015bwi\u0119ce\u0144 prezbiteratu diakonowi Micha\u0142owi Kowalewskiemu pochodz\u0105cemu z Parafii pw. \u015bw. Jana Chrzciciela w Mi\u0119dzyrzeczu.<\/p>\n\n\n\n<p>Wydarzenie \u015bwi\u0119ce\u0144 jest zawsze dla diecezji wielk\u0105 rado\u015bci\u0105, chcia\u0142bym Was zatem serdecznie na nie zaprosi\u0107, zar\u00f3wno do Zielonej G\u00f3ry jak i do Gorzowa Wlkp. Dzi\u0119kuj\u0105c za trosk\u0119 o dzie\u0142o powo\u0142a\u0144 i codzienne zaanga\u017cowanie w \u017cycie naszego diecezjalnego Ko\u015bcio\u0142a, polecam kandydat\u00f3w do \u015bwi\u0119ce\u0144 Waszej modlitwie.<\/p>\n\n\n\n<p class=\"has-text-align-right\">Tadeusz Lity\u0144ski<br>Biskup Zielonog\u00f3rsko-Gorzowski<\/p>\n\n\n\n<div style=\"height:40px\" aria-hidden=\"true\" class=\"wp-block-spacer\"><\/div>\n","protected":false},"excerpt":{"rendered":"","protected":false},"author":3,"featured_media":4338,"comment_status":"closed","ping_status":"closed","sticky":false,"template":"","format":"standard","meta":{"_lmt_disableupdate":"","_lmt_disable":"","footnotes":""},"categories":[1],"tags":[],"class_list":["post-8257","post","type-post","status-publish","format-standard","has-post-thumbnail","hentry","category-bez-kategorii"],"_links":{"self":[{"href":"https:\/\/swiety-jozef.pl\/index.php\/wp-json\/wp\/v2\/posts\/8257","targetHints":{"allow":["GET"]}}],"collection":[{"href":"https:\/\/swiety-jozef.pl\/index.php\/wp-json\/wp\/v2\/posts"}],"about":[{"href":"https:\/\/swiety-jozef.pl\/index.php\/wp-json\/wp\/v2\/types\/post"}],"author":[{"embeddable":true,"href":"https:\/\/swiety-jozef.pl\/index.php\/wp-json\/wp\/v2\/users\/3"}],"replies":[{"embeddable":true,"href":"https:\/\/swiety-jozef.pl\/index.php\/wp-json\/wp\/v2\/comments?post=8257"}],"version-history":[{"count":1,"href":"https:\/\/swiety-jozef.pl\/index.php\/wp-json\/wp\/v2\/posts\/8257\/revisions"}],"predecessor-version":[{"id":8258,"href":"https:\/\/swiety-jozef.pl\/index.php\/wp-json\/wp\/v2\/posts\/8257\/revisions\/8258"}],"wp:featuredmedia":[{"embeddable":true,"href":"https:\/\/swiety-jozef.pl\/index.php\/wp-json\/wp\/v2\/media\/4338"}],"wp:attachment":[{"href":"https:\/\/swiety-jozef.pl\/index.php\/wp-json\/wp\/v2\/media?parent=8257"}],"wp:term":[{"taxonomy":"category","embeddable":true,"href":"https:\/\/swiety-jozef.pl\/index.php\/wp-json\/wp\/v2\/categories?post=8257"},{"taxonomy":"post_tag","embeddable":true,"href":"https:\/\/swiety-jozef.pl\/index.php\/wp-json\/wp\/v2\/tags?post=8257"}],"curies":[{"name":"wp","href":"https:\/\/api.w.org\/{rel}","templated":true}]}}