{"id":8251,"date":"2024-05-04T21:15:00","date_gmt":"2024-05-04T19:15:00","guid":{"rendered":"https:\/\/swiety-jozef.pl\/?p=8251"},"modified":"2024-05-05T07:48:23","modified_gmt":"2024-05-05T05:48:23","slug":"list-pasterski-biskupa-zielonogorsko-gorzowskiego-z-okazji-900-lecia-ustanowienia-biskupstwa-lubuskiego","status":"publish","type":"post","link":"https:\/\/swiety-jozef.pl\/index.php\/2024\/05\/04\/list-pasterski-biskupa-zielonogorsko-gorzowskiego-z-okazji-900-lecia-ustanowienia-biskupstwa-lubuskiego\/","title":{"rendered":"List pasterski Biskupa Zielonog\u00f3rsko-Gorzowskiego z okazji 900-lecia ustanowienia biskupstwa lubuskiego"},"content":{"rendered":"\n<!--more-->\n\n\n\n<div style=\"height:25px\" aria-hidden=\"true\" class=\"wp-block-spacer\"><\/div>\n\n\n\n<h4 class=\"wp-block-heading has-text-align-center\">List pasterski Biskupa Zielonog\u00f3rsko-Gorzowskiego z okazji 900-lecia ustanowienia biskupstwa lubuskiego<\/h4>\n\n\n\n<div style=\"height:25px\" aria-hidden=\"true\" class=\"wp-block-spacer\"><\/div>\n\n\n\n<p>Drodzy Diecezjanie, Bracia i Siostry,<\/p>\n\n\n\n<p>Ko\u015bci\u00f3\u0142 na \u015arodkowym Nadodrzu ma swoj\u0105 d\u0142ug\u0105, bo wielowiekow\u0105 histori\u0119. Na ko\u015bcielne dzieje tych ziem sk\u0142adaj\u0105 si\u0119 nie tylko wydarzenia po 1945 roku, tworz\u0105ce histori\u0119 wsp\u00f3\u0142czesnej diecezji zielonog\u00f3rsko-gorzowskiej. Do skarbca dziej\u00f3w zalicza si\u0119 tak\u017ce pierwsze misje chrze\u015bcija\u0144skie w pocz\u0105tkach polskiej pa\u0144stwowo\u015bci, \u015bwiadectwo wiary M\u0119czennik\u00f3w Mi\u0119dzyrzeckich oraz pierwsza w\u0142asna organizacja diecezjalna. Wszystko to sta\u0142o si\u0119 mo\u017cliwe dzi\u0119ki temu, \u017ce nasi przodkowie zdecydowali si\u0119 budowa\u0107 swoj\u0105 wiar\u0119 czerpi\u0105c z sok\u00f3w samego Zbawiciela.<\/p>\n\n\n\n<p><strong>Przes\u0142anie Ewangelii<\/strong><\/p>\n\n\n\n<p>W Ewangelii us\u0142yszeli\u015bmy s\u0142owa wypowiedziane przez Pana Jezusa podczas Ostatniej Wieczerzy. Por\u00f3wnuje on siebie do winnego krzewu. Dostrzegamy te\u017c liczne ga\u0142\u0105zki, kt\u00f3re s\u0105 w niego wszczepione. W tym plastycznym obrazie odnajdujemy r\u00f3wnie\u017c Boga Ojca przedstawionego jako ogrodnika, kt\u00f3ry przycina i oczyszcza krzew. Czerpiemy z tego obrazu wa\u017cn\u0105 nauk\u0119: ka\u017cdy z nas jest jak ta ma\u0142a ga\u0142\u0105zka latoro\u015bli, kt\u00f3ra \u017cyje tylko i wy\u0142\u0105cznie poprzez trwanie w krzewie, a przycinanie i&nbsp;oczyszczenie dokonuje si\u0119 zawsze przez s\u0142owa Jezusa. Dzi\u0119ki niemu mo\u017cemy przynosi\u0107 owoc obfitszy.<\/p>\n\n\n\n<p>Obraz winnego krzewu by\u0142 znany ju\u017c w Starym Testamencie. W\u00f3wczas pos\u0142ugiwano si\u0119 nim, by odda\u0107 relacj\u0119 Boga do narodu wybranego. S\u0142owa Ewangelii zach\u0119caj\u0105 dzisiaj ka\u017cdego z nas, by\u015bmy trwali w Jezusie. Trwa\u0107 za\u015b w Nim oznacza \u017cy\u0107 Jego s\u0142owem i zachowywa\u0107 je. Trwa\u0107 znaczy tak\u017ce \u017cy\u0107 w mi\u0142o\u015bci Ojca objawionej w Jego S\u0142owie. W praktyce oznacza to przede wszystkim zachowywanie przykaza\u0144, z kt\u00f3rych pierwsze poleca nam mi\u0142owa\u0107 Boga i siebie wzajemnie. Przyj\u0119cie tej mi\u0142o\u015bci i&nbsp;trwanie w niej dopiero tworzy dla ka\u017cdego z nas w\u0142a\u015bciwe \u015brodowisko \u017cycia. Dzi\u0119ki Jego s\u0142owu mo\u017cemy \u017cy\u0107 i w Jego s\u0142owie mo\u017cemy si\u0119 nieustannie rozwija\u0107.<\/p>\n\n\n\n<p>Winny krzew cho\u0107 jeden, to owocuje w r\u00f3\u017cnych miejscach i w r\u00f3\u017cnych latach. Tak by\u0142o i jest w przypadku ziem naszej diecezji. Od czasu, gdy g\u0142oszono Ewangeli\u0119 nad \u015brodkow\u0105 Odr\u0105 po raz pierwszy, winne latoro\u015ble tworz\u0105 wsp\u00f3lnot\u0119 wierz\u0105cych. Wsp\u00f3\u0142cze\u015bnie nazywa si\u0119 ona diecezj\u0105 zielonog\u00f3rsko-gorzowsk\u0105, ale w \u015bredniowieczu na tym terenie istnia\u0142 ju\u017c Ko\u015bci\u00f3\u0142 lokalny, czyli diecezja lubuska.<\/p>\n\n\n\n<p><strong>Z dziej\u00f3w biskupstwa lubuskiego<\/strong><\/p>\n\n\n\n<p>Pocz\u0105tki w\u0142asnej organizacji diecezjalnej na Ziemi Lubuskiej si\u0119gaj\u0105 trzeciej dekady XII wieku. W&nbsp;roku 1124 z&nbsp;inicjatywy ksi\u0119cia Boles\u0142awa Krzywoustego utworzono diecezj\u0119 w&nbsp;nadodrza\u0144skim Lubuszu. Biskupstwo wzi\u0119\u0142o sw\u0105 nazw\u0119 od warownego grodu Lubusz. Dzi\u015b jest to miasto w Niemczech, oddalone ok. 12 km na p\u00f3\u0142noc od Frankfurtu nad Odr\u0105. Nowa diecezja mia\u0142a obejmowa\u0107 Ziemi\u0119 Lubusk\u0105 po obu brzegach Odry, a jej zachodnia granica mog\u0142a obejmowa\u0107 tereny, na kt\u00f3rych dzisiaj le\u017cy miasto Berlin.<\/p>\n\n\n\n<p>W&nbsp;swych dziejach diecezja lubuska kilka razy zmienia\u0142a stolic\u0119. Pocz\u0105tkowo by\u0142 ni\u0105 Lubusz, za\u015b w&nbsp;1276 roku siedzib\u0119 biskupi\u0105 przeniesiono do nadodrza\u0144skiej G\u00f3rzycy. Z t\u0105 miejscowo\u015bci\u0105, poza katedr\u0105 i centralnymi instytucjami diecezji lubuskiej, zwi\u0105zane s\u0105 dzieje bardzo starego sanktuarium maryjnego. W pobliskim Pami\u0119cinie, wsi oddalonej o kilka kilometr\u00f3w od G\u00f3rzycy, istnia\u0142 otaczany szacunkiem wizerunek Matki Bo\u017cej, kt\u00f3ry m\u00f3g\u0142 pochodzi\u0107 nawet z XII wieku. \u015awi\u0119ty wizerunek zosta\u0142 przeniesiony do G\u00f3rzycy i umieszczony w kaplicy maryjnej nad Odr\u0105 przy katedrze. Do Matki Bo\u017cej w G\u00f3rzycy przybywali p\u0105tnicy z Pomorza, \u015al\u0105ska, \u0141u\u017cyc, Wielkopolski i Brandenburgii. Wspaniale rozwijaj\u0105ce si\u0119 sanktuarium nie przetrwa\u0142o jednak czasu reformacji. Margrabia kostrzy\u0144ski poleci\u0142 w\u00f3jtowi z Torzymia zniszczenie kaplicy. Opisa\u0142 to wydarzenie jeden z historyk\u00f3w: ten\u017ce w\u00f3jt \u201eruszy\u0142 noc\u0105 z 14 na 15 czerwca 1551 roku z gromad\u0105 ludzi przez O\u015bno do G\u00f3rzycy. (\u2026) Zbudzili precentora i za\u017c\u0105dali od niego klucza do otwarcia bramy kaplicznej. Otwarto ko\u015bci\u00f3\u0142ek i ludzie, kt\u00f3rzy jeszcze niedawno \u015bpieszyli do niego i miejsce to mieli w szczeg\u00f3lnej czci, teraz z w\u015bciek\u0142o\u015bci\u0105 rzucili si\u0119 na s\u0142yn\u0105cy \u0142askami wizerunek Matki Boskiej. (\u2026) Jedni z t\u0142umu zrywali przykrycia o\u0142tarzowe, obrusy i antepedia, inni niszczyli szaty liturgiczne i darli bielizn\u0119 ko\u015bcieln\u0105. Ten sam los spotka\u0142 rze\u017aby o\u0142tarza, stalle i sedilia. Barbarzy\u0144cy zrywali wisz\u0105ce na \u015bcianach obrazy, rozrywali brackie chor\u0105gwie i niszczyli wszystko co im w r\u0119ce popad\u0142o\u201d. Z czasem po dawnej kaplicy nie pozosta\u0142 nawet \u015blad.<\/p>\n\n\n\n<p>W roku 1385 ostatni polski biskup lubuski Jan Kietlicz przeni\u00f3s\u0142 siedzib\u0119 biskupstwa lubuskiego oraz kapitu\u0142y katedralnej do F\u00fcrstenwalde.<\/p>\n\n\n\n<p>Diecezja lubuska znana by\u0142a tak\u017ce z licznych zakon\u00f3w rycerskich, kt\u00f3re na tym nadgranicznym terenie g\u0142osi\u0142y Ewangeli\u0119, dawa\u0142y schronienie i przynosi\u0142y nowe rozwi\u0105zania cywilizacyjne. Najwcze\u015bniej na Ziemi Lubuskiej osiedlili si\u0119 templariusze. Gdy ich zakon uleg\u0142 rozwi\u0105zaniu opuszczone miejsca zaj\u0119li joannici. Siedzib\u0105 mistrza joannit\u00f3w baliwatu brandenburskiego zosta\u0142 S\u0142o\u0144sk. Dzia\u0142ali na tych ziemiach tak\u017ce krzy\u017cacy, a w najwi\u0119kszym mie\u015bcie diecezji czyli we Frankfurcie by\u0142 klasztor franciszka\u0144ski oraz klasztor Kartuz\u00f3w pod wezwaniem Mi\u0142osierdzia Bo\u017cego.<\/p>\n\n\n\n<p>Gdy po 1517 roku mieszka\u0144cy ziem le\u017c\u0105cych nad \u015brodkow\u0105 Odr\u0105 zacz\u0119li przyjmowa\u0107 nauk\u0119 Marcina Lutra, sytuacja biskupstwa lubuskiego zaczyna\u0142a si\u0119 coraz bardziej komplikowa\u0107. Duchowie\u0144stwo lubuskie podejmowa\u0142o pr\u00f3by zatrzymania zmian wyznaniowych. Jednym z g\u0142\u00f3wnych obro\u0144c\u00f3w katolicyzmu by\u0142 bp Jerzy Blumenthal. Gorliwie broni\u0142 sanktuarium w G\u00f3rzycy, praw uniwersytetu we Frankfurcie z w\u0142asnym Wydzia\u0142em Teologicznym oraz wolno\u015bci Ko\u015bcio\u0142a. Jego nast\u0119pc\u0105 wybrano bp. Jana Horneburga, kt\u00f3rego pontyfikat trwa\u0142 tylko kilka lat, gdy\u017c umar\u0142 w 1555 roku. W tym samym roku zosta\u0142 zawarty pok\u00f3j w Augsburgu. Dawa\u0142 on w\u0142adcom szerokie prawa w sferze religijnej. Jednym z najistotniejszych by\u0142a zasada \u201eCuius regio, eius religio\u201d \u2013 czyja w\u0142adza, tego religia. Po \u015bmierci bp. Horneburga wbrew kapitule lubuskiej przeprowadzono wyb\u00f3r na biskupa ma\u0142oletniego Joachima Fryderyka Hohenzollerna, zdecydowanego ewangelika. To wraz z tym wyborem przyszed\u0142 kres na katolick\u0105 diecezj\u0119. Warto podkre\u015bli\u0107, \u017ce biskupstwo lubuskie nale\u017ca\u0142o zawsze do metropolii gnie\u017anie\u0144skiej. Cho\u0107 by\u0142y okresy znacznego rozlu\u017anienia wi\u0119zi z polsk\u0105 prowincj\u0105 ko\u015bcieln\u0105 to jednak ostatni katolicki biskup lubuski uzyska\u0142 sakr\u0119 biskupi\u0105 z r\u0105k prymasa Polski abp. Miko\u0142aja Dzierzgowskiego.<\/p>\n\n\n\n<p><a><\/a> <strong>Zaproszenie na rocznicowe obchody<\/strong><\/p>\n\n\n\n<p>Trwanie w winnym krzewie powinno by\u0107 dla nas zach\u0119t\u0105 do poznawania dziej\u00f3w tych, kt\u00f3rzy poprzedzili nas na drogach wiary. To historia naznaczona przycinaniem i\u00a0rozwojem, \u015bwi\u0119to\u015bci\u0105 i upadkiem. Warto by\u015bmy z tego dziedzictwa czerpali m\u0105dro\u015b\u0107 i rad\u0119 na przysz\u0142o\u015b\u0107 naszej diecezjalnej wsp\u00f3lnoty. Temu s\u0142u\u017c\u0105 jubileusze i rocznice ko\u015bcielne. Dlatego ju\u017c dzisiaj zapraszam was Drodzy Diecezjanie na uroczysto\u015bci 900. rocznicy utworzenia diecezji lubuskiej, kt\u00f3re odb\u0119d\u0105 si\u0119 w O\u015bnie Lubuskim w sobot\u0119 11 maja. Rozpoczniemy o godz. 9.30. Centralnym punktem jubileuszowej uroczysto\u015bci b\u0119dzie Eucharystia celebrowana pod przewodnictwem abp. Wojciecha Polaka, prymasa Polski, oraz w koncelebrze biskup\u00f3w z Polski i Niemiec, a tak\u017ce kap\u0142an\u00f3w naszej diecezji. Ca\u0142o\u015b\u0107 dope\u0142ni Jarmark Lubuski z wieloma atrakcjami dla ca\u0142ych rodzin.<\/p>\n\n\n\n<p class=\"has-text-align-right\">Na czas jubileuszowego \u015bwi\u0119towania z serca b\u0142ogos\u0142awi\u0119,<\/p>\n\n\n\n<p class=\"has-text-align-right\"><em>+ Tadeusz Lity\u0144ski<\/em><\/p>\n\n\n\n<p class=\"has-text-align-right\">Biskup Zielonog\u00f3rsko-Gorzowski<\/p>\n\n\n\n<div style=\"height:40px\" aria-hidden=\"true\" class=\"wp-block-spacer\"><\/div>\n","protected":false},"excerpt":{"rendered":"","protected":false},"author":3,"featured_media":4338,"comment_status":"closed","ping_status":"closed","sticky":false,"template":"","format":"standard","meta":{"_lmt_disableupdate":"","_lmt_disable":"","footnotes":""},"categories":[1],"tags":[],"class_list":["post-8251","post","type-post","status-publish","format-standard","has-post-thumbnail","hentry","category-bez-kategorii"],"_links":{"self":[{"href":"https:\/\/swiety-jozef.pl\/index.php\/wp-json\/wp\/v2\/posts\/8251","targetHints":{"allow":["GET"]}}],"collection":[{"href":"https:\/\/swiety-jozef.pl\/index.php\/wp-json\/wp\/v2\/posts"}],"about":[{"href":"https:\/\/swiety-jozef.pl\/index.php\/wp-json\/wp\/v2\/types\/post"}],"author":[{"embeddable":true,"href":"https:\/\/swiety-jozef.pl\/index.php\/wp-json\/wp\/v2\/users\/3"}],"replies":[{"embeddable":true,"href":"https:\/\/swiety-jozef.pl\/index.php\/wp-json\/wp\/v2\/comments?post=8251"}],"version-history":[{"count":1,"href":"https:\/\/swiety-jozef.pl\/index.php\/wp-json\/wp\/v2\/posts\/8251\/revisions"}],"predecessor-version":[{"id":8252,"href":"https:\/\/swiety-jozef.pl\/index.php\/wp-json\/wp\/v2\/posts\/8251\/revisions\/8252"}],"wp:featuredmedia":[{"embeddable":true,"href":"https:\/\/swiety-jozef.pl\/index.php\/wp-json\/wp\/v2\/media\/4338"}],"wp:attachment":[{"href":"https:\/\/swiety-jozef.pl\/index.php\/wp-json\/wp\/v2\/media?parent=8251"}],"wp:term":[{"taxonomy":"category","embeddable":true,"href":"https:\/\/swiety-jozef.pl\/index.php\/wp-json\/wp\/v2\/categories?post=8251"},{"taxonomy":"post_tag","embeddable":true,"href":"https:\/\/swiety-jozef.pl\/index.php\/wp-json\/wp\/v2\/tags?post=8251"}],"curies":[{"name":"wp","href":"https:\/\/api.w.org\/{rel}","templated":true}]}}