{"id":8235,"date":"2024-04-13T21:02:08","date_gmt":"2024-04-13T19:02:08","guid":{"rendered":"https:\/\/swiety-jozef.pl\/?p=8235"},"modified":"2024-04-13T21:02:09","modified_gmt":"2024-04-13T19:02:09","slug":"przewodniczacy-kep-prosi-by-najblizsza-niedziela-byla-dniem-modlitwy-w-obronie-zycia-poczetego","status":"publish","type":"post","link":"https:\/\/swiety-jozef.pl\/index.php\/2024\/04\/13\/przewodniczacy-kep-prosi-by-najblizsza-niedziela-byla-dniem-modlitwy-w-obronie-zycia-poczetego\/","title":{"rendered":"Przewodnicz\u0105cy KEP prosi, by najbli\u017csza niedziela by\u0142a dniem modlitwy w obronie \u017cycia pocz\u0119tego"},"content":{"rendered":"\n<!--more-->\n\n\n\n<div style=\"height:25px\" aria-hidden=\"true\" class=\"wp-block-spacer\"><\/div>\n\n\n\n<h4 class=\"wp-block-heading has-text-align-center\">APEL<br>PRZEWODNICZ\u0104CEGO KONFERENCJI EPISKOPATU POLSKI<br>O MODLITW\u0118 W INTENCJI OCHRONY \u017bYCIA OS\u00d3B NIENARODZONYCH<\/h4>\n\n\n\n<div style=\"height:25px\" aria-hidden=\"true\" class=\"wp-block-spacer\"><\/div>\n\n\n\n<p><a><\/a> \u017bycie jest darem Bo\u017cym i jako takie jest niezbywalnym prawem ka\u017cdego cz\u0142owieka, dlatego trzeba je chroni\u0107 i wspiera\u0107 na ka\u017cdym etapie jego rozwoju. Szacunek wobec \u017cycia, kt\u00f3re nale\u017cy do najwa\u017cniejszych warto\u015bci, jest jedn\u0105 z podstawowych powinno\u015bci ka\u017cdego cz\u0142owieka.<\/p>\n\n\n\n<p>Miliony os\u00f3b na ca\u0142ym \u015bwiecie podejmuj\u0105 nieustannie starania, aby chroni\u0107 ludzkie \u017cycie, zw\u0142aszcza to najbardziej bezbronne, pocz\u0119te i jeszcze nienarodzone oraz ukazywa\u0107 wszystkim jego pi\u0119kno i warto\u015b\u0107. R\u00f3wnie\u017c w naszej ojczy\u017anie podejmowane s\u0105 liczne inicjatywy w jego obronie, jak cho\u0107by zaplanowany na najbli\u017csz\u0105 niedziel\u0119 Narodowy Marsz \u017bycia. B\u0119dzie on manifestacj\u0105 szacunku wobec \u017cycia pocz\u0119tego, przyj\u0119cia tego \u017cycia w mi\u0142o\u015bci oraz wyrazem uznania wobec trudu rodzicielstwa, zapewniaj\u0105cego dzieciom mo\u017cliwo\u015b\u0107 wzrostu i rozwoju.<\/p>\n\n\n\n<p>W nawi\u0105zaniu do opublikowanego wczoraj Stanowiska ws. poszanowania \u017cycia ludzkiego w fazie prenatalnej i w zwi\u0105zku z tocz\u0105c\u0105 si\u0119 debat\u0105 nad polskim ustawodawstwem, ograniczaj\u0105cym prawo do \u017cycia dzieciom nienarodzonym,&nbsp;zach\u0119cam gor\u0105co, aby najbli\u017csz\u0105 niedziel\u0119 uczyni\u0107 dniem szczeg\u00f3lnej modlitwy w obronie \u017cycia pocz\u0119tego. Prosz\u0119, aby we wszystkich ko\u015bcio\u0142ach w Polsce, na ka\u017cdej Mszy \u015awi\u0119tej, modli\u0107 si\u0119 w tej intencji.<\/p>\n\n\n\n<p><strong>Ufam, \u017ce starania milion\u00f3w ludzi dobrej woli zaowocuj\u0105 jeszcze wi\u0119ksz\u0105 ochron\u0105 \u017cycia os\u00f3b nienarodzonych.<\/strong><\/p>\n\n\n\n<div style=\"height:24px\" aria-hidden=\"true\" class=\"wp-block-spacer\"><\/div>\n\n\n\n<p><strong>\u2720&nbsp;<\/strong><strong>Tadeusz Wojda SAC<\/strong><br><em>Arcybiskup Metropolita Gda\u0144ski<\/em><br><em>Przewodnicz\u0105cy Konferencji Episkopatu Polski<\/em><\/p>\n\n\n\n<p>Gda\u0144sk, 12 kwietnia 2024 roku<\/p>\n\n\n\n<div style=\"height:40px\" aria-hidden=\"true\" class=\"wp-block-spacer\"><\/div>\n","protected":false},"excerpt":{"rendered":"","protected":false},"author":3,"featured_media":8236,"comment_status":"closed","ping_status":"closed","sticky":false,"template":"","format":"standard","meta":{"_lmt_disableupdate":"","_lmt_disable":"","footnotes":""},"categories":[1],"tags":[],"class_list":["post-8235","post","type-post","status-publish","format-standard","has-post-thumbnail","hentry","category-bez-kategorii"],"_links":{"self":[{"href":"https:\/\/swiety-jozef.pl\/index.php\/wp-json\/wp\/v2\/posts\/8235","targetHints":{"allow":["GET"]}}],"collection":[{"href":"https:\/\/swiety-jozef.pl\/index.php\/wp-json\/wp\/v2\/posts"}],"about":[{"href":"https:\/\/swiety-jozef.pl\/index.php\/wp-json\/wp\/v2\/types\/post"}],"author":[{"embeddable":true,"href":"https:\/\/swiety-jozef.pl\/index.php\/wp-json\/wp\/v2\/users\/3"}],"replies":[{"embeddable":true,"href":"https:\/\/swiety-jozef.pl\/index.php\/wp-json\/wp\/v2\/comments?post=8235"}],"version-history":[{"count":2,"href":"https:\/\/swiety-jozef.pl\/index.php\/wp-json\/wp\/v2\/posts\/8235\/revisions"}],"predecessor-version":[{"id":8238,"href":"https:\/\/swiety-jozef.pl\/index.php\/wp-json\/wp\/v2\/posts\/8235\/revisions\/8238"}],"wp:featuredmedia":[{"embeddable":true,"href":"https:\/\/swiety-jozef.pl\/index.php\/wp-json\/wp\/v2\/media\/8236"}],"wp:attachment":[{"href":"https:\/\/swiety-jozef.pl\/index.php\/wp-json\/wp\/v2\/media?parent=8235"}],"wp:term":[{"taxonomy":"category","embeddable":true,"href":"https:\/\/swiety-jozef.pl\/index.php\/wp-json\/wp\/v2\/categories?post=8235"},{"taxonomy":"post_tag","embeddable":true,"href":"https:\/\/swiety-jozef.pl\/index.php\/wp-json\/wp\/v2\/tags?post=8235"}],"curies":[{"name":"wp","href":"https:\/\/api.w.org\/{rel}","templated":true}]}}