{"id":8208,"date":"2024-03-24T06:18:07","date_gmt":"2024-03-24T05:18:07","guid":{"rendered":"https:\/\/swiety-jozef.pl\/?p=8208"},"modified":"2024-03-24T06:18:11","modified_gmt":"2024-03-24T05:18:11","slug":"triduum-paschalne-2024-rok","status":"publish","type":"post","link":"https:\/\/swiety-jozef.pl\/index.php\/2024\/03\/24\/triduum-paschalne-2024-rok\/","title":{"rendered":"TRIDUUM PASCHALNE 2024 Rok"},"content":{"rendered":"\n<!--more-->\n\n\n\n<div style=\"height:25px\" aria-hidden=\"true\" class=\"wp-block-spacer\"><\/div>\n\n\n\n<h3 class=\"wp-block-heading has-text-align-center has-vivid-red-color has-text-color has-link-color wp-elements-43d63e5b1d5f176ca5981d82df2cc678\"><strong>OBRZ\u0118DY LITURGICZNE WIELKIEGO TYGODNIA<\/strong><\/h3>\n\n\n\n<div style=\"height:31px\" aria-hidden=\"true\" class=\"wp-block-spacer\"><\/div>\n\n\n\n<ol class=\"wp-block-list\">\n<li><strong>Wielki Czwartek \u2013<\/strong> <strong>Pami\u0105tka ustanowienia sakramentu Eucharystii i<\/strong> <strong>Kap\u0142a\u0144stwa<\/strong><\/li>\n<\/ol>\n\n\n\n<p><strong>Godz. 19.00<\/strong> \u2013 Msza \u015bw. Wieczerzy Pa\u0144skiej. Po Mszy \u015bw. przeniesienie<\/p>\n\n\n\n<p>Pana Jezusa do Ciemnicy i adoracja do godz. <strong>22.00<\/strong><\/p>\n\n\n\n<ol class=\"wp-block-list\" start=\"2\">\n<li><strong>Wielki Pi\u0105tek<\/strong><strong> \u2013 <\/strong><strong>Pami\u0105tka M\u0119ki i \u015amierci P. Jezusa na Krzy\u017cu<\/strong><\/li>\n<\/ol>\n\n\n\n<p><strong>Godz. 6.30<\/strong> \u2013 rozpocz\u0119cie adoracji P. Jezusa w Ciemnicy.<\/p>\n\n\n\n<p><strong>7.00<\/strong> \u2013 modlitwa Ko\u015bcio\u0142a \u2013 <strong>Jutrznia.<\/strong><\/p>\n\n\n\n<p><strong>Godz.15.00<\/strong> \u2013 wsp\u00f3lna dla wszystkich <strong>Droga Krzy\u017cowa i Koronka do Bo\u017cego Mi\u0142osierdzia,<\/strong> <strong>wynagradzaj\u0105ca za grzechy aborcji.<\/strong><\/p>\n\n\n\n<p><strong>Godz. 19.00<\/strong> \u2013 Liturgia S\u0142owa Bo\u017cego, Adoracja Krzy\u017ca i Komunia \u015bw. Po Komunii \u015bw. przeniesienie Pana Jezusa do Grobu i adoracja do godz. <strong>23.00.<\/strong><\/p>\n\n\n\n<ol class=\"wp-block-list\" start=\"3\">\n<li><strong>Wielka Sobota<\/strong>\u2013 <strong>Wigilia Paschalna<\/strong><\/li>\n<\/ol>\n\n\n\n<p><strong>Godz. 6.30<\/strong> \u2013 rozpocz\u0119cie adoracji P. Jezusa w Grobie.<\/p>\n\n\n\n<p><strong>7.00 <\/strong>\u2013 modlitwa Ko\u015bcio\u0142a \u2013 <strong>Jutrznia<\/strong>.<\/p>\n\n\n\n<p><strong>Godz. 9.00 \u2013 15.00<\/strong> (co godzin\u0119) Po\u015bwi\u0119cenie pokarm\u00f3w.<\/p>\n\n\n\n<p><strong>Godz. 20.00<\/strong> \u2013 Pocz\u0105tek liturgii Wigilii Paschalnej z po\u015bwi\u0119ceniem ognia, wody chrzcielnej, odnowieniem przyrzecze\u0144 chrzcielnych i Msz\u0105 \u015bw.<\/p>\n\n\n\n<p>Po liturgii adoracja do godz. <strong>23.00<\/strong><\/p>\n\n\n\n<p><strong>Na liturgi\u0119 wieczorn\u0105 przychodzimy do ko\u015bcio\u0142a ze \u015bwiecami.<\/strong><\/p>\n\n\n\n<ol class=\"wp-block-list\" start=\"4\">\n<li><strong>Wielka Niedziela<\/strong><strong>\u2013 <\/strong><strong>Zmartwychwstanie Pa\u0144skie<\/strong><\/li>\n<\/ol>\n\n\n\n<p><strong>Godz. 5.00 <\/strong>\u2013 rozpocz\u0119cie adoracji Naj\u015bwi\u0119tszego Sakramentu.<\/p>\n\n\n\n<p><strong>Godz.<\/strong><strong>6.00<\/strong> \u2013 Procesja wok\u00f3\u0142 ko\u015bcio\u0142a i uroczysta Msza \u015bw. Rezurekcyjna.<\/p>\n\n\n\n<p><strong>Nast\u0119pne Msze \u015bw. o godz. 9<\/strong><sup><strong>30<\/strong><\/sup><strong>, 11<\/strong><sup><strong>00<\/strong><\/sup><strong>, 12<\/strong><sup><strong>30<\/strong><\/sup><strong>, 14<\/strong><sup><strong>00<\/strong><\/sup><strong>, 18<\/strong><sup><strong>30<\/strong><\/sup><\/p>\n\n\n\n<p><strong>Zach\u0119camy i zapraszamy wszystkich do uczestniczenia w Liturgii Triduum Paschalnego oraz trwaj\u0105cej przez ca\u0142y Wielki Pi\u0105tek i Wielk\u0105 Sobot\u0119 adoracji Naj\u015bwi\u0119tszego Sakramentu.<\/strong><\/p>\n\n\n\n<div style=\"height:40px\" aria-hidden=\"true\" class=\"wp-block-spacer\"><\/div>\n","protected":false},"excerpt":{"rendered":"","protected":false},"author":3,"featured_media":5257,"comment_status":"closed","ping_status":"closed","sticky":false,"template":"","format":"standard","meta":{"_lmt_disableupdate":"","_lmt_disable":"","footnotes":""},"categories":[1],"tags":[],"class_list":["post-8208","post","type-post","status-publish","format-standard","has-post-thumbnail","hentry","category-bez-kategorii"],"_links":{"self":[{"href":"https:\/\/swiety-jozef.pl\/index.php\/wp-json\/wp\/v2\/posts\/8208","targetHints":{"allow":["GET"]}}],"collection":[{"href":"https:\/\/swiety-jozef.pl\/index.php\/wp-json\/wp\/v2\/posts"}],"about":[{"href":"https:\/\/swiety-jozef.pl\/index.php\/wp-json\/wp\/v2\/types\/post"}],"author":[{"embeddable":true,"href":"https:\/\/swiety-jozef.pl\/index.php\/wp-json\/wp\/v2\/users\/3"}],"replies":[{"embeddable":true,"href":"https:\/\/swiety-jozef.pl\/index.php\/wp-json\/wp\/v2\/comments?post=8208"}],"version-history":[{"count":2,"href":"https:\/\/swiety-jozef.pl\/index.php\/wp-json\/wp\/v2\/posts\/8208\/revisions"}],"predecessor-version":[{"id":8210,"href":"https:\/\/swiety-jozef.pl\/index.php\/wp-json\/wp\/v2\/posts\/8208\/revisions\/8210"}],"wp:featuredmedia":[{"embeddable":true,"href":"https:\/\/swiety-jozef.pl\/index.php\/wp-json\/wp\/v2\/media\/5257"}],"wp:attachment":[{"href":"https:\/\/swiety-jozef.pl\/index.php\/wp-json\/wp\/v2\/media?parent=8208"}],"wp:term":[{"taxonomy":"category","embeddable":true,"href":"https:\/\/swiety-jozef.pl\/index.php\/wp-json\/wp\/v2\/categories?post=8208"},{"taxonomy":"post_tag","embeddable":true,"href":"https:\/\/swiety-jozef.pl\/index.php\/wp-json\/wp\/v2\/tags?post=8208"}],"curies":[{"name":"wp","href":"https:\/\/api.w.org\/{rel}","templated":true}]}}