{"id":8193,"date":"2024-03-16T21:22:32","date_gmt":"2024-03-16T20:22:32","guid":{"rendered":"https:\/\/swiety-jozef.pl\/?p=8193"},"modified":"2024-03-16T21:22:36","modified_gmt":"2024-03-16T20:22:36","slug":"intencje-mszalne-17-03-24-03-2024-r","status":"publish","type":"post","link":"https:\/\/swiety-jozef.pl\/index.php\/2024\/03\/16\/intencje-mszalne-17-03-24-03-2024-r\/","title":{"rendered":"Intencje mszalne 17.03 \u2013 24.03.2024 r."},"content":{"rendered":"\n<!--more-->\n\n\n\n<div style=\"height:25px\" aria-hidden=\"true\" class=\"wp-block-spacer\"><\/div>\n\n\n\n<p class=\"has-vivid-red-color has-text-color has-link-color wp-elements-f8e7d2f6f54afbd7a75e2e0ddff6d040\"><strong>V Niedziela Wielkiego Postu 17.03.24r.<\/strong><\/p>\n\n\n\n<p>7.30. 1. +Jausz Libner 9r. \u015bm. za zm. z rodz. Libner Wydysz<\/p>\n\n\n\n<p>2. + Tadeusz Pels m-c po \u015bm., S\u0142awomir, Zofia i zm. z rodz.<\/p>\n\n\n\n<p>9.30. 1. + Aniela w 34 rocz. \u015bmierci, J\u00f3zef w 5 rocz. \u015bmierci Adamczak oraz J\u00f3zef i Maria Adamczak i Jan i Kazimierz Dubelt\u00f3wka<\/p>\n\n\n\n<p>11.00. 1. +Zenon, Stanis\u0142aw, Marianna Kwiatkowscy oraz Aniela Cisowska i Ignacy Olech<\/p>\n\n\n\n<p>2. +Urszula i Cezary Ciesielscy<\/p>\n\n\n\n<p>12.30. 1. Za Parafian<\/p>\n\n\n\n<p>chrzest \u015bw. Sza\u0142yno<\/p>\n\n\n\n<p>14.00. 1. +Antoni greg 20<\/p>\n\n\n\n<p>18.30. 1. + Magdalena Kr\u00f3l w 1 rocz. \u015bmierci<\/p>\n\n\n\n<div style=\"height:25px\" aria-hidden=\"true\" class=\"wp-block-spacer\"><\/div>\n\n\n\n<p><strong>Poniedzia\u0142ek 18.03.24 r.<\/strong><\/p>\n\n\n\n<p>7.00. 1. +Antoni greg 21<\/p>\n\n\n\n<p>2. w int. sprz\u0105taj\u0105cych Ko\u015bci\u00f3\u0142 z ul. Fredry bl. nr 5 i 6, 2 os\u00f3b ch\u0119tnych i ich rodzin<\/p>\n\n\n\n<p>18.00. 1.Dz.-B.: z ok. 87 r. ur J\u00f3zefy Czwarty\u0144skiej i Bo\u017ce b\u0142og. dla J\u00f3zefa Kawalec<\/p>\n\n\n\n<p>2. +Helena w 9 rocz. \u015bmierci<\/p>\n\n\n\n<div style=\"height:25px\" aria-hidden=\"true\" class=\"wp-block-spacer\"><\/div>\n\n\n\n<p><strong>Wtorek 19.03.24 r. \u015bw. J\u00f3zefa<\/strong><\/p>\n\n\n\n<p>7.00. 1.+Antoni greg 22<\/p>\n\n\n\n<p>18.00. 1. Dz.-B.: J\u00f3zef (on) \u0141ucki \u2013 z ok. imienin \u2013 int. od \u017cony, c\u00f3rek i wnucz\u0105t<\/p>\n\n\n\n<p>2. +J\u00f3zef w 10 rocz. \u015bmierci oraz Stefania w 8 rocz.\u015bmierci i zm z rodziny Niemyckich<\/p>\n\n\n\n<div style=\"height:25px\" aria-hidden=\"true\" class=\"wp-block-spacer\"><\/div>\n\n\n\n<p><strong>\u015aroda 20.03.24 r.<\/strong><\/p>\n\n\n\n<p>7.00. 1.+Antoni greg 23<\/p>\n\n\n\n<p>2. +Marianna Dziuba w 30 dzie\u0144 po \u015bm. &#8211; int. od rodz. \u0141uckich, Grockich i Giweckich<\/p>\n\n\n\n<p>18.00. 1. +Kazimierz Jasku\u0142a i zm. z rodz.<\/p>\n\n\n\n<p>2. +Emilia w 20 rocz. \u015bmierci oraz zm. z rodz. Karpi\u0144skich i Sznajder<\/p>\n\n\n\n<div style=\"height:25px\" aria-hidden=\"true\" class=\"wp-block-spacer\"><\/div>\n\n\n\n<p><strong>Czwartek 21.03.24 r.<\/strong><\/p>\n\n\n\n<p>7.00. 1.+Antoni greg 24<\/p>\n\n\n\n<p>2. + Emil Kosowski i ++ z rodziny<\/p>\n\n\n\n<p>18.00. 1. +Adrian Kain, Patryk Tyrlik oraz zm. z rodziny<\/p>\n\n\n\n<p>2. + Adela Jastrubczak w 41 rocz.\u015bmierci oraz Bazyli Jastrubczak<\/p>\n\n\n\n<div style=\"height:25px\" aria-hidden=\"true\" class=\"wp-block-spacer\"><\/div>\n\n\n\n<p><strong>Pi\u0105tek 22.03.24 r.<\/strong><\/p>\n\n\n\n<p>7.00. 1. +Antoni greg 25<\/p>\n\n\n\n<p>2. + Marianna, +Kazimierz i o \u0142ask\u0119 zdrowia dla Heleny<\/p>\n\n\n\n<p>18.00. 1. O mi\u0142osierdzie Bo\u017ce i \u0142ask\u0119 nieba + Olga Grechowicz i ++ z Rodziny \u2013 int. od Rodzic\u00f3w i Rodze\u0144stwa<\/p>\n\n\n\n<div style=\"height:25px\" aria-hidden=\"true\" class=\"wp-block-spacer\"><\/div>\n\n\n\n<p><strong>Sobota 23.03.24 r.<\/strong><\/p>\n\n\n\n<p>7.00. 1. + zm. z rodz. Barczyszyn i Burzy\u0144skich<\/p>\n\n\n\n<p>2. + Antoni greg 26<\/p>\n\n\n\n<p>18.00. 1. + Alicja (2 r.\u015bm.), ++ Zbigniew, J\u00f3zefa (ona), Ludwik, ++ Jakubczyk<\/p>\n\n\n\n<p>2. +Ryszard Skrzypczak w 5 rocz. \u015bmierci<\/p>\n\n\n\n<div style=\"height:25px\" aria-hidden=\"true\" class=\"wp-block-spacer\"><\/div>\n\n\n\n<p class=\"has-vivid-red-color has-text-color has-link-color wp-elements-7799d98f2abb9c66576e03e641b93977\"><strong>Niedziela Palmowa 24.03.24 r.<\/strong><\/p>\n\n\n\n<p>7.30. 1.+Maria G\u0119dek w 7 rocz. \u015bmierci<\/p>\n\n\n\n<p>9.30. 1. +Antoni greg 27<\/p>\n\n\n\n<p>2. +Tadeusz Jo\u0144ski<\/p>\n\n\n\n<p>11.00. 1. + Franciszka Hass w 1 rocz. \u015bmierci<\/p>\n\n\n\n<p>2. +zm. z rodz. Nowak i Jakubowczak<\/p>\n\n\n\n<p>12.30 1. Za Parafian<\/p>\n\n\n\n<p>14.00. 1. +Bronis\u0142awa (ona) Stefaniak 10 r.\u015bm. + Boles\u0142aw (on) i zm. z rodz. Stefaniak<\/p>\n\n\n\n<p>18.30. 1. +Kazimiera Jasi\u0144ska<\/p>\n\n\n\n<div style=\"height:40px\" aria-hidden=\"true\" class=\"wp-block-spacer\"><\/div>\n","protected":false},"excerpt":{"rendered":"","protected":false},"author":3,"featured_media":4429,"comment_status":"closed","ping_status":"closed","sticky":false,"template":"","format":"standard","meta":{"_lmt_disableupdate":"","_lmt_disable":"","footnotes":""},"categories":[20],"tags":[],"class_list":["post-8193","post","type-post","status-publish","format-standard","has-post-thumbnail","hentry","category-intencje"],"_links":{"self":[{"href":"https:\/\/swiety-jozef.pl\/index.php\/wp-json\/wp\/v2\/posts\/8193","targetHints":{"allow":["GET"]}}],"collection":[{"href":"https:\/\/swiety-jozef.pl\/index.php\/wp-json\/wp\/v2\/posts"}],"about":[{"href":"https:\/\/swiety-jozef.pl\/index.php\/wp-json\/wp\/v2\/types\/post"}],"author":[{"embeddable":true,"href":"https:\/\/swiety-jozef.pl\/index.php\/wp-json\/wp\/v2\/users\/3"}],"replies":[{"embeddable":true,"href":"https:\/\/swiety-jozef.pl\/index.php\/wp-json\/wp\/v2\/comments?post=8193"}],"version-history":[{"count":1,"href":"https:\/\/swiety-jozef.pl\/index.php\/wp-json\/wp\/v2\/posts\/8193\/revisions"}],"predecessor-version":[{"id":8194,"href":"https:\/\/swiety-jozef.pl\/index.php\/wp-json\/wp\/v2\/posts\/8193\/revisions\/8194"}],"wp:featuredmedia":[{"embeddable":true,"href":"https:\/\/swiety-jozef.pl\/index.php\/wp-json\/wp\/v2\/media\/4429"}],"wp:attachment":[{"href":"https:\/\/swiety-jozef.pl\/index.php\/wp-json\/wp\/v2\/media?parent=8193"}],"wp:term":[{"taxonomy":"category","embeddable":true,"href":"https:\/\/swiety-jozef.pl\/index.php\/wp-json\/wp\/v2\/categories?post=8193"},{"taxonomy":"post_tag","embeddable":true,"href":"https:\/\/swiety-jozef.pl\/index.php\/wp-json\/wp\/v2\/tags?post=8193"}],"curies":[{"name":"wp","href":"https:\/\/api.w.org\/{rel}","templated":true}]}}