{"id":7851,"date":"2023-12-23T21:32:22","date_gmt":"2023-12-23T20:32:22","guid":{"rendered":"https:\/\/swiety-jozef.pl\/?p=7851"},"modified":"2023-12-24T21:17:16","modified_gmt":"2023-12-24T20:17:16","slug":"intencje-mszalne-24-12-31-12-2023-r","status":"publish","type":"post","link":"https:\/\/swiety-jozef.pl\/index.php\/2023\/12\/23\/intencje-mszalne-24-12-31-12-2023-r\/","title":{"rendered":"Intencje mszalne 24.12 \u2013 31.12.2023 r."},"content":{"rendered":"\n<!--more-->\n\n\n\n<div style=\"height:25px\" aria-hidden=\"true\" class=\"wp-block-spacer\"><\/div>\n\n\n\n<p class=\"has-vivid-red-color has-text-color has-link-color wp-elements-42f723e7ed61a7a04f761b466ac69f14\"><strong>Niedziela 24.12.23 r.<\/strong><\/p>\n\n\n\n<p>7.30. 1. W intencji zmar\u0142ych z rodziny Jasi\u0144skich i Jankiewicz<\/p>\n\n\n\n<p>2. O zdrowie i ulg\u0119 w cierpieniu dla Zofii i El\u017cbiety<\/p>\n\n\n\n<p><strong>9.30. <\/strong>+ Halina Zakrzewska w 1 m-c po \u015bmierci<\/p>\n\n\n\n<p>11.00 + Iwona Kawa w 9 rocz. \u015bmierci<\/p>\n\n\n\n<p>12.30. 1. Za Parafian<\/p>\n\n\n\n<p>22.00. 1. Za Parafian<\/p>\n\n\n\n<p>2. + Maria, Jan Berenda<\/p>\n\n\n\n<p>3. ++ Krystyna w 2 rocz. \u015bm, Stanis\u0142aw Dudziak w 20 rocz. \u015bm.<\/p>\n\n\n\n<p>4. ++ Lolenz Zenon 2 rocz. \u015bm, Leokadia Kostrzon 30 dzie\u0144 po \u015bm. \u2013 int. od Rafa\u0142a z \u017con\u0105<\/p>\n\n\n\n<p>24.00. 1. + Marek Dolny \u2013 szafarz<\/p>\n\n\n\n<p>2. ++ Czes\u0142aw Hajdukiweicz \u2013 9 mies. po \u015bmierci, Zofia Hajdukiewicz \u2013 13 rocz. \u015bm.<\/p>\n\n\n\n<p>3. + Olimpia Kowalik 12 rocz. \u015bm., Antoni Kowalik \u2013 37 rocz. \u015bm.<\/p>\n\n\n\n<div style=\"height:25px\" aria-hidden=\"true\" class=\"wp-block-spacer\"><\/div>\n\n\n\n<p><strong>Poniedzia\u0142ek 25.12.23 r. Bo\u017ce Narodzenie<\/strong><\/p>\n\n\n\n<p>7:30 Intencja wolna<\/p>\n\n\n\n<p>9.30. 1. ++Zofia, Cezary \u0141ukasiewicz, Bianka Gandolfo, D\u017cowani Mari<\/p>\n\n\n\n<p>2. + Marianna Babij<\/p>\n\n\n\n<p>11.00. 1. + Janina, Mieczys\u0142aw Malinowscy<\/p>\n\n\n\n<p>2. + Wilk Natalia, Henryk, ++ z rodziny<\/p>\n\n\n\n<p>12.30. 1. Dz.-B.: z okazji urodzin Ewy Firuta<\/p>\n\n\n\n<p>2. W int. Ewy Skoniecznej z okazji imienin o potrzebne \u0142aski, opiek\u0119 Matki Bo\u017cej \u2013 od R\u00f3\u017cy Matki Bo\u017cej Klenickiej<\/p>\n\n\n\n<p>Chrzest: Antonina Niemycka<\/p>\n\n\n\n<p>14.00. + Anna Ho\u0142tyn<\/p>\n\n\n\n<p>18.30. + +Jan (21 rocz. \u015bm.), Anna, Kazimierz Matejczyk, Maria<\/p>\n\n\n\n<div style=\"height:25px\" aria-hidden=\"true\" class=\"wp-block-spacer\"><\/div>\n\n\n\n<p><strong>Wtorek 26.12.23 r. \u015aw. Rodziny<\/strong><\/p>\n\n\n\n<p>7.30. w int. Ewy Kope\u0107 w 70 rocz. urodzin, z pro\u015bb\u0105 o Bo\u017ce b\u0142ogos\u0142awie\u0144stwo i potrzebne \u0142aski<\/p>\n\n\n\n<p>9.30. w int. Czes\u0142awy \/ona \/, Edmunda Rompalskich z okazji 55 rocznicy \u015blubu<\/p>\n\n\n\n<p>11.00. 1. + Wac\u0142aw Salamon w 3 rocznic\u0119 \u015bmierci<\/p>\n\n\n\n<p>2. Dz.-B.: za Mateusza w 18 urodziny, o pomy\u015blne zdanie matury i o Bo\u017ce b\u0142ogos\u0142awie\u0144stwo dla jego rodzic\u00f3w i brata<\/p>\n\n\n\n<p>3. ++Janina Mi\u015bk\u00f3w w 11 rocz. \u015bm., Micha\u0142 Mi\u015bk\u00f3w w 18 rocz. \u015bm.<\/p>\n\n\n\n<p>12.30. 1. + Micha\u0142 Roma\u0144ski 22 r. \u015bm.<\/p>\n\n\n\n<p>2. Mieczys\u0142aw Dom\u017calski 16 r. \u015am<\/p>\n\n\n\n<p>14.00. 1. W int. Laury w 9 r. urodzin, z pro\u015bb\u0105 o b\u0142ogos\u0142awie\u0144\u015btwo Bo\u017ce i potrzebne \u0142aski zdrowia<\/p>\n\n\n\n<p>18.30. ++ Leszek Konigsberg w 4 rocz. \u015bm., Wies\u0142awa \/ona \/ Konigsberg i Stanis\u0142aw Krajewski<\/p>\n\n\n\n<div style=\"height:25px\" aria-hidden=\"true\" class=\"wp-block-spacer\"><\/div>\n\n\n\n<p><strong>\u015aroda 27.12.23 r.<\/strong><\/p>\n\n\n\n<p>7.00. 1. w pewnej intencji<\/p>\n\n\n\n<p>2. w int. sprz\u0105taj\u0105cych ko\u015bci\u00f3\u0142 z ul. Przysz\u0142o\u015bci \u2013 domki, 3 os\u00f3b ch\u0119tnych i ich rodzin<\/p>\n\n\n\n<p>18.00. 1. w int. Zofii Nowek w 95 rocz. urodzin, z pro\u015bb\u0105 o \u0142aski zdrowia i Bo\u017ce b\u0142ogos\u0142awie\u0144\u015btwo na dalsze lata \u017cycia int. od dzieci, wnuk\u00f3w i prawnuk\u00f3w<\/p>\n\n\n\n<p>2. + Czes\u0142aw Drozdek 1 r. \u015bm.<\/p>\n\n\n\n<div style=\"height:25px\" aria-hidden=\"true\" class=\"wp-block-spacer\"><\/div>\n\n\n\n<p><strong>Czwartek 28.12.23 r.<\/strong><\/p>\n\n\n\n<p>7.00 Dz.B.: za otrzymane \u0142aski i dalsz\u0105 opiek\u0119, Bo\u017ce b\u0142ogos\u0142awie\u0144stwo dla Urszulii i Andrzeja, dzieci i wnuk\u00f3w<\/p>\n\n\n\n<p>7. 30. + Mieczys\u0142aw Barylak (Oty\u0144 godz. 14.00)<\/p>\n\n\n\n<p>8.00. + Marino Mari (ul. Wandy godz. 12.00)<\/p>\n\n\n\n<p>18.00. 1. + Halina Malinowska \u2013 Rewers<\/p>\n\n\n\n<p>2. + Teresa 2 rocz. \u015bm.<\/p>\n\n\n\n<div style=\"height:25px\" aria-hidden=\"true\" class=\"wp-block-spacer\"><\/div>\n\n\n\n<p><strong>Pi\u0105tek 29.12.23 r.<\/strong><\/p>\n\n\n\n<p>7.00 1.+ Walerian Kodzis \u2013 int.od El\u017cbiety z rodzin\u0105<\/p>\n\n\n\n<p>2. <em><strong>Intencja wolna<\/strong><\/em><\/p>\n\n\n\n<p>18.00. + Aniela, W\u0142adys\u0142aw Turniak<\/p>\n\n\n\n<div style=\"height:25px\" aria-hidden=\"true\" class=\"wp-block-spacer\"><\/div>\n\n\n\n<p><strong>Sobota 30.12.23 r.<\/strong><\/p>\n\n\n\n<p>7.00 1. <em><strong>Intencja wolna<\/strong><\/em><\/p>\n\n\n\n<p><em><strong>2. Intencja wolna<\/strong><\/em><\/p>\n\n\n\n<p>18.00. Dz &#8211; b\u0142.: 10 ur.Bartosza<\/p>\n\n\n\n<div style=\"height:25px\" aria-hidden=\"true\" class=\"wp-block-spacer\"><\/div>\n\n\n\n<p class=\"has-vivid-red-color has-text-color has-link-color wp-elements-ab91c391d51d1aea0d64abd214989ef2\"><strong>Niedziela 31.12.23 r.<\/strong><\/p>\n\n\n\n<p>7.30. <em><strong>Intencja wolna<\/strong><\/em><\/p>\n\n\n\n<p>9.30. <em><strong>Intencja wolna<\/strong><\/em><\/p>\n\n\n\n<p>11.00. Dz.B.: w int.wnuczek: Lena, Oliwia, Emilia, Maja, Adam, Maja o m\u0105dro\u015b\u0107 i Bo\u017ce b\u0142ogos\u0142awie\u0144\u015btwo.<\/p>\n\n\n\n<p>12.30. <em><strong>Intencja wolna<\/strong><\/em><\/p>\n\n\n\n<p>14.00. <em><strong>Intencja wolna<\/strong><\/em><\/p>\n\n\n\n<div style=\"height:40px\" aria-hidden=\"true\" class=\"wp-block-spacer\"><\/div>\n","protected":false},"excerpt":{"rendered":"","protected":false},"author":3,"featured_media":4429,"comment_status":"closed","ping_status":"closed","sticky":false,"template":"","format":"standard","meta":{"_lmt_disableupdate":"","_lmt_disable":"","footnotes":""},"categories":[20],"tags":[],"class_list":["post-7851","post","type-post","status-publish","format-standard","has-post-thumbnail","hentry","category-intencje"],"_links":{"self":[{"href":"https:\/\/swiety-jozef.pl\/index.php\/wp-json\/wp\/v2\/posts\/7851","targetHints":{"allow":["GET"]}}],"collection":[{"href":"https:\/\/swiety-jozef.pl\/index.php\/wp-json\/wp\/v2\/posts"}],"about":[{"href":"https:\/\/swiety-jozef.pl\/index.php\/wp-json\/wp\/v2\/types\/post"}],"author":[{"embeddable":true,"href":"https:\/\/swiety-jozef.pl\/index.php\/wp-json\/wp\/v2\/users\/3"}],"replies":[{"embeddable":true,"href":"https:\/\/swiety-jozef.pl\/index.php\/wp-json\/wp\/v2\/comments?post=7851"}],"version-history":[{"count":2,"href":"https:\/\/swiety-jozef.pl\/index.php\/wp-json\/wp\/v2\/posts\/7851\/revisions"}],"predecessor-version":[{"id":7863,"href":"https:\/\/swiety-jozef.pl\/index.php\/wp-json\/wp\/v2\/posts\/7851\/revisions\/7863"}],"wp:featuredmedia":[{"embeddable":true,"href":"https:\/\/swiety-jozef.pl\/index.php\/wp-json\/wp\/v2\/media\/4429"}],"wp:attachment":[{"href":"https:\/\/swiety-jozef.pl\/index.php\/wp-json\/wp\/v2\/media?parent=7851"}],"wp:term":[{"taxonomy":"category","embeddable":true,"href":"https:\/\/swiety-jozef.pl\/index.php\/wp-json\/wp\/v2\/categories?post=7851"},{"taxonomy":"post_tag","embeddable":true,"href":"https:\/\/swiety-jozef.pl\/index.php\/wp-json\/wp\/v2\/tags?post=7851"}],"curies":[{"name":"wp","href":"https:\/\/api.w.org\/{rel}","templated":true}]}}