{"id":7830,"date":"2023-12-09T21:55:55","date_gmt":"2023-12-09T20:55:55","guid":{"rendered":"https:\/\/swiety-jozef.pl\/?p=7830"},"modified":"2023-12-09T21:56:00","modified_gmt":"2023-12-09T20:56:00","slug":"intencje-mszalne-10-12-17-12-2023-r","status":"publish","type":"post","link":"https:\/\/swiety-jozef.pl\/index.php\/2023\/12\/09\/intencje-mszalne-10-12-17-12-2023-r\/","title":{"rendered":"Intencje mszalne 10.12 \u2013 17.12.2023 r."},"content":{"rendered":"\n<!--more-->\n\n\n\n<div style=\"height:25px\" aria-hidden=\"true\" class=\"wp-block-spacer\"><\/div>\n\n\n\n<p class=\"has-vivid-red-color has-text-color has-link-color wp-elements-46004b60814e3776925482cb57f432b2\"><strong>Niedziela 10.12.23 r. II Niedziela Adwentu<\/strong><\/p>\n\n\n\n<p>7.30. 1. w int. Barbary Redzi\u0144skiej, Bogus\u0142awy Kochajewskiej \u2013 z okazji imienin, od R\u00f3\u017cy Wychowawczyni Powo\u0142a\u0144 Kap\u0142a\u0144skich<\/p>\n\n\n\n<p>9.30. 1. ++ Helena i Czes\u0142aw Lipiak 3 rocz. \u015bm.<\/p>\n\n\n\n<p>2. ++ Stefan, Otolia D\u0105browa<\/p>\n\n\n\n<p>11.00. 1. Dz \u2013 b\u0142ag. 5 rocz. ur. Wojtusia Szyszko<\/p>\n\n\n\n<p>2. ++ Stanis\u0142awa \/ona \/, W\u0142adys\u0142aw, Boles\u0142aw, Kazimierz, Maria<\/p>\n\n\n\n<p>12.30. 1. + Mariola Urba\u0144czyk w 9 rocz. \u015bm.<\/p>\n\n\n\n<p>2. + Mieczys\u0142aw Czerwi\u0144\u015bki 33 rocz. \u015bm.<\/p>\n\n\n\n<p>14.00. 1. Dz.-B.: w int. Andrzej \u015aliski w 73 rocz. ur.; oraz + Aleksandra \/ona\/ \u015aliska<\/p>\n\n\n\n<p>2. Dz.-B.: w int. Halina Bal w 70 rocz. urodzin z pro\u015bb\u0105 o b\u0142 Bo\u017ce.<\/p>\n\n\n\n<p>18.30. 1. + Zofia Piosik 7 rocz. \u015bm.<\/p>\n\n\n\n<p>2. + Jan Nakonieczny greg 22<\/p>\n\n\n\n<div style=\"height:25px\" aria-hidden=\"true\" class=\"wp-block-spacer\"><\/div>\n\n\n\n<p><strong>Poniedzia\u0142ek 11.12.23 r.<\/strong><\/p>\n\n\n\n<p><strong>6.30<\/strong> 1. + Jan Nakonieczny greg. 23<\/p>\n\n\n\n<p>2. w inten. sprz\u0105taj\u0105cych ko\u015bci\u00f3\u0142 o os. Konstytucji 3 Maja, bl.nr 22 i 23, 2 os\u00f3b ch\u0119tnych i ich rodzin<\/p>\n\n\n\n<p>9.00 1. + Stanis\u0142aw Zaj\u0105c 1 m-c po \u015bm.<\/p>\n\n\n\n<p>17.00. 1. Dz. z okazji 18 ur. Wojciecha Bielicz<\/p>\n\n\n\n<p>18.00. 1. ++ Miros\u0142awa Kasza w 5 rocz.\u015bm., Arkadiusz, Maria, Stefan, ++ z rodziny Kasza<\/p>\n\n\n\n<p>2. + Boles\u0142aw Oparski 1 rocz.\u015bm.<\/p>\n\n\n\n<div style=\"height:25px\" aria-hidden=\"true\" class=\"wp-block-spacer\"><\/div>\n\n\n\n<p><strong>Wtorek 12.12.23 r.<\/strong><\/p>\n\n\n\n<p>6.30. 1. + Zofia Ka\u0142uska int.od m\u0119\u017ca i dzieci<\/p>\n\n\n\n<p>2. ++ Stanis\u0142aw Truszkiewicz, ++ z rodz. Truszkiewicz Mirowicz<\/p>\n\n\n\n<p>9.00 1. <em><u><strong>intencja wolna<\/strong><\/u><\/em><\/p>\n\n\n\n<p>2. W int. sprz\u0105taj\u0105cych k-\u0142 z ul. Armii Krajowej blok 5; 6; 7<\/p>\n\n\n\n<p>17.00. 1. + Jan Nakonieczny greg 24<\/p>\n\n\n\n<p>18.00. 1. + Stanis\u0142aw \u2013 13 rocz. \u015bm., ++ z rodziny<\/p>\n\n\n\n<p>2. + Miros\u0142aw Nieczyporowski int. od R\u00f3\u017cy \u015bw. Krzysztofa<\/p>\n\n\n\n<div style=\"height:25px\" aria-hidden=\"true\" class=\"wp-block-spacer\"><\/div>\n\n\n\n<p><strong>\u015aroda 13.12.23 r.<\/strong><\/p>\n\n\n\n<p>6.30. 1 w int. sprz\u0105taj\u0105cych ko\u015bci\u00f3\u0142 z os. Konstytucji 3 Maja bl.nr 24 i 25, 1 osoby ch\u0119tnej i ich rodzin<\/p>\n\n\n\n<p>6.30. 1. + Bogus\u0142awa \/ona \/ Kujbida w 3 rocz. \u015bm., +Janina, Stanis\u0142aw \/on \/, Bronis\u0142aw \/on \/<\/p>\n\n\n\n<p>17.00. 1. + Jan Nakonieczny greg 25<\/p>\n\n\n\n<p>18.00. 1. Dz. &#8211; B.: 18 r. ur. Krystiana<\/p>\n\n\n\n<div style=\"height:25px\" aria-hidden=\"true\" class=\"wp-block-spacer\"><\/div>\n\n\n\n<p><strong>Czwartek 14.12.23 r.<\/strong><\/p>\n\n\n\n<p>6.30. 1. + Jan Nakonieczny greg 26<\/p>\n\n\n\n<p>2. w int. sprz\u0105taj\u0105cych ko\u015bci\u00f3\u0142 z ul. Armii Krajowej 3 i 4 oraz 1 osoby ch\u0119tnej<\/p>\n\n\n\n<p>17.00. 1. + Czes\u0142aw \/on \/ 1 rocz. \u015bm.<\/p>\n\n\n\n<p>18.00. 1. + Jadwiga Siluk w 12 rocz. \u015bm., ++ rodzic\u00f3w<\/p>\n\n\n\n<div style=\"height:25px\" aria-hidden=\"true\" class=\"wp-block-spacer\"><\/div>\n\n\n\n<p><strong>Pi\u0105tek 15.12.23 r.<\/strong><\/p>\n\n\n\n<p>6.30. 1. za sprz\u0105taj\u0105cych ko\u015bci\u00f3\u0142 z os. Konstytucji 3 Maja 26 i 1 osoby ch\u0119tnej<\/p>\n\n\n\n<p>17.00. 1. + Jan Nakonieczny greg 27<\/p>\n\n\n\n<p>18.00. 1. + Wies\u0142aw Noga 45 rocz. \u015bm, zm. z rodz. Noga i Bartkowiak<\/p>\n\n\n\n<div style=\"height:25px\" aria-hidden=\"true\" class=\"wp-block-spacer\"><\/div>\n\n\n\n<p><strong>Sobota 16.12.23 r.<\/strong><\/p>\n\n\n\n<p>6.30. <strong>1. <\/strong><em><u><strong>intencja wolna<\/strong><\/u><\/em><\/p>\n\n\n\n<p>17.00. + Jan Nakonieczny greg 28<\/p>\n\n\n\n<p>18.00. 1. ++ Feliks Amraszkiewicz w 5 rocz.\u015bm., ++ jego rodzice<\/p>\n\n\n\n<p>2. Andrzej G\u0105carzewicz w 1 rocz.\u015bmierci<\/p>\n\n\n\n<div style=\"height:25px\" aria-hidden=\"true\" class=\"wp-block-spacer\"><\/div>\n\n\n\n<p class=\"has-vivid-red-color has-text-color has-link-color wp-elements-76a87c7cfb088aae9ef481e7f6b7847c\"><strong>Niedziela 17.12.23 r. III Niedziela Adwentu<\/strong><\/p>\n\n\n\n<p>7.30. 1. W int. \u017bywego R\u00f3\u017ca\u0144ca \u2013 r\u00f3\u017ca Kr\u00f3lowej Aposto\u0142\u00f3w<\/p>\n\n\n\n<p>9.30. 1. ++ Waleria, Andrzej Witka<\/p>\n\n\n\n<p>2. Dz. b.: 40 rocz. ur. Anny<\/p>\n\n\n\n<p>11.00. 1. ++ Krystyna, J\u00f3zef Konaszewscy, ++ z rodziny<\/p>\n\n\n\n<p>2. + Teresa Paprotna w 10 rocz. \u015bm. oraz ++ z rodz. Grabskich<\/p>\n\n\n\n<p>12.30. 1. +Jacek Bugajewski w 2 rocz.\u015bmierci oraz ++ z rodziny<\/p>\n\n\n\n<p>2. + Roman S\u0142aboszewski 1 rocz.\u015bm<\/p>\n\n\n\n<p>14.00 1. ++ Stefan z ok.ur., Barbara Tomaszewska, ++ z rodziny<\/p>\n\n\n\n<p>2. ++ Helena, Franciszek, Marianna Stachowiak<\/p>\n\n\n\n<p>18.30. 1. + Jan Nakonieczny greg 29<\/p>\n\n\n\n<div style=\"height:40px\" aria-hidden=\"true\" class=\"wp-block-spacer\"><\/div>\n","protected":false},"excerpt":{"rendered":"","protected":false},"author":3,"featured_media":4429,"comment_status":"closed","ping_status":"closed","sticky":false,"template":"","format":"standard","meta":{"_lmt_disableupdate":"","_lmt_disable":"","footnotes":""},"categories":[20],"tags":[],"class_list":["post-7830","post","type-post","status-publish","format-standard","has-post-thumbnail","hentry","category-intencje"],"_links":{"self":[{"href":"https:\/\/swiety-jozef.pl\/index.php\/wp-json\/wp\/v2\/posts\/7830","targetHints":{"allow":["GET"]}}],"collection":[{"href":"https:\/\/swiety-jozef.pl\/index.php\/wp-json\/wp\/v2\/posts"}],"about":[{"href":"https:\/\/swiety-jozef.pl\/index.php\/wp-json\/wp\/v2\/types\/post"}],"author":[{"embeddable":true,"href":"https:\/\/swiety-jozef.pl\/index.php\/wp-json\/wp\/v2\/users\/3"}],"replies":[{"embeddable":true,"href":"https:\/\/swiety-jozef.pl\/index.php\/wp-json\/wp\/v2\/comments?post=7830"}],"version-history":[{"count":1,"href":"https:\/\/swiety-jozef.pl\/index.php\/wp-json\/wp\/v2\/posts\/7830\/revisions"}],"predecessor-version":[{"id":7831,"href":"https:\/\/swiety-jozef.pl\/index.php\/wp-json\/wp\/v2\/posts\/7830\/revisions\/7831"}],"wp:featuredmedia":[{"embeddable":true,"href":"https:\/\/swiety-jozef.pl\/index.php\/wp-json\/wp\/v2\/media\/4429"}],"wp:attachment":[{"href":"https:\/\/swiety-jozef.pl\/index.php\/wp-json\/wp\/v2\/media?parent=7830"}],"wp:term":[{"taxonomy":"category","embeddable":true,"href":"https:\/\/swiety-jozef.pl\/index.php\/wp-json\/wp\/v2\/categories?post=7830"},{"taxonomy":"post_tag","embeddable":true,"href":"https:\/\/swiety-jozef.pl\/index.php\/wp-json\/wp\/v2\/tags?post=7830"}],"curies":[{"name":"wp","href":"https:\/\/api.w.org\/{rel}","templated":true}]}}