{"id":7815,"date":"2023-12-05T20:16:26","date_gmt":"2023-12-05T19:16:26","guid":{"rendered":"https:\/\/swiety-jozef.pl\/?p=7815"},"modified":"2023-12-10T00:01:31","modified_gmt":"2023-12-09T23:01:31","slug":"plan-rekolekcji-adwentowych-2023","status":"publish","type":"post","link":"https:\/\/swiety-jozef.pl\/index.php\/2023\/12\/05\/plan-rekolekcji-adwentowych-2023\/","title":{"rendered":"Plan Rekolekcji Adwentowych 2023 r."},"content":{"rendered":"\n<!--more-->\n\n\n\n<div style=\"height:25px\" aria-hidden=\"true\" class=\"wp-block-spacer\"><\/div>\n\n\n\n<p class=\"has-black-color has-text-color has-link-color wp-elements-34950c18043f8bed425f9542bc3cf21e\"><strong>Rekolekcje Adwentowe prowadzi\u0142 b\u0119dzie ks. Artur Adamczak.<\/strong><\/p>\n\n\n\n<div style=\"height:25px\" aria-hidden=\"true\" class=\"wp-block-spacer\"><\/div>\n\n\n\n<h4 class=\"wp-block-heading has-text-align-center has-vivid-red-color has-text-color has-link-color wp-elements-aaf8560f3370492e1d608f59bff75fd1\">Plan Rekolekcji Adwentowych 2023 r.<\/h4>\n\n\n\n<div style=\"height:25px\" aria-hidden=\"true\" class=\"wp-block-spacer\"><\/div>\n\n\n\n<p class=\"has-vivid-cyan-blue-color has-text-color has-link-color wp-elements-5077b31ed540c2b1f1c9f2508f8748b1\">S<strong>obota 9.12.2023<\/strong><\/p>\n\n\n\n<p><strong>Godz. 18:<\/strong><strong>00 <\/strong><strong>Msza \u015bw. i rozpocz\u0119cie rekolekcji<\/strong><\/p>\n\n\n\n<div style=\"height:25px\" aria-hidden=\"true\" class=\"wp-block-spacer\"><\/div>\n\n\n\n<p class=\"has-vivid-cyan-blue-color has-text-color has-link-color wp-elements-34c0fff9bab64d4b1f4b3b4d7b18c1ab\"><strong>Niedziela 10.12.2021<\/strong><\/p>\n\n\n\n<p><strong>Msza \u015bw. z nauk\u0105 og\u00f3ln\u0105: 7:<\/strong><strong>30<\/strong><strong>, 9:<\/strong><strong>30<\/strong><strong>, 11:<\/strong><strong>00<\/strong><strong>, 12:<\/strong><strong>30<\/strong><strong>, 14:<\/strong><strong>00<\/strong><strong>, 18:<\/strong><strong>30<\/strong><\/p>\n\n\n\n<p class=\"has-vivid-red-color has-text-color has-link-color wp-elements-0a382f1e43f4695a1d811d18614822a8\"><strong>Godz. 19:<\/strong><strong>30 <\/strong><strong>&#8211; P\u00f3\u0142godziny ze S\u0142owem Bo\u017cym \u2013 \u201eM\u00f3w do mnie Panie\u2026\u201d<\/strong><\/p>\n\n\n\n<div style=\"height:25px\" aria-hidden=\"true\" class=\"wp-block-spacer\"><\/div>\n\n\n\n<p class=\"has-vivid-cyan-blue-color has-text-color has-link-color wp-elements-0ecf35c730678f519f44532b9c340d81\"><strong>Poniedzia\u0142ek 11.12.2023<\/strong><\/p>\n\n\n\n<p><strong>Godz. 6:<\/strong><strong>30 <\/strong><strong>Msza \u015bw. Roratnia z nauk\u0105<\/strong><\/p>\n\n\n\n<p><strong>Godz. 9:<\/strong><strong>00 <\/strong><strong>Msza \u015bw. z nauk\u0105 dla wszystkich<\/strong><\/p>\n\n\n\n<p><strong>Godz. 17:<\/strong><strong>00 <\/strong><strong>Msza \u015bw. Roratnia z nauk\u0105 rekolekcyjn\u0105 dla dzieci i m\u0142odzie\u017cy szk\u00f3\u0142 podstawowych<\/strong><\/p>\n\n\n\n<p><strong>Godz. 18:<\/strong><strong>30 <\/strong><strong>Msza \u015bw. z nauk\u0105 dla wszystkich<\/strong><\/p>\n\n\n\n<p class=\"has-vivid-red-color has-text-color has-link-color wp-elements-9e0bf62d7d26b55d0e948a15b798aa65\"><strong>Godz. 19:<\/strong><strong>30 <\/strong><strong>&#8211; Nabo\u017ceostwo z modlitw\u0105 o uzdrowienie \u2013 \u201eParalityk i przyjaciele\u201d<\/strong><\/p>\n\n\n\n<div style=\"height:25px\" aria-hidden=\"true\" class=\"wp-block-spacer\"><\/div>\n\n\n\n<p class=\"has-vivid-cyan-blue-color has-text-color has-link-color wp-elements-4b78eacb3cdc1ad27743c152929f0e10\"><strong>Wtorek 12.12.2023<\/strong><\/p>\n\n\n\n<p class=\"has-vivid-green-cyan-color has-text-color has-link-color wp-elements-4c032cfd25f85391ee94899abe4be697\"><strong>Godz. 6:<\/strong><strong>00 <\/strong><strong>\u2013 7:<\/strong><strong>15 <\/strong><strong>spowied\u017a \u015bw. adwentowa<\/strong><\/p>\n\n\n\n<p><strong>Godz. 6:<\/strong><strong>30 <\/strong><strong>Msza \u015bw. Roratnia z nauk\u0105<\/strong><\/p>\n\n\n\n<p class=\"has-vivid-green-cyan-color has-text-color has-link-color wp-elements-2bc82579516441bec2db3453cfb48893\"><strong>Godz. 8:<\/strong><strong>30 <\/strong><strong>\u2013 9:<\/strong><strong>30 <\/strong><strong>spowied\u017a \u015bw. adwentowa<\/strong><\/p>\n\n\n\n<p><strong>Godz. 9:<\/strong><strong>00 <\/strong><strong>Msza \u015bw. z nauk\u0105<\/strong><\/p>\n\n\n\n<p class=\"has-vivid-green-cyan-color has-text-color has-link-color wp-elements-e513b245ef1282f030a97139b7815e90\"><strong>Godz. 16:<\/strong><strong>30 <\/strong><strong>\u2013 17<\/strong>:<strong>30 <\/strong><strong>spowied\u017a \u015bw. adwentowa dla rodzic\u00f3w z dzie\u0107mi<\/strong><\/p>\n\n\n\n<p><strong>Godz 17:<\/strong><strong>00 <\/strong><strong>Msza \u015bw. Roratnia z nauk\u0105 <\/strong>rekolekcyjn\u0105 dla dzieci i m\u0142odzie\u017cy szk\u00f3\u0142 podstawowych<\/p>\n\n\n\n<p class=\"has-vivid-green-cyan-color has-text-color has-link-color wp-elements-702df4c53b38ff936bd3a6724da3dd1a\"><strong>Godz. 18:<\/strong><strong>00 <\/strong><strong>\u2013 19<\/strong>:<strong>00 <\/strong><strong>spowied\u017a \u015bw. adwentowa dla rodzic\u00f3w z m\u0142odzie\u017c\u0105<\/strong><\/p>\n\n\n\n<p><strong>Godz. 18:<\/strong><strong>30 <\/strong><strong>Msza \u015bw. z nauk\u0105 dla doros\u0142ych<\/strong><\/p>\n\n\n\n<p class=\"has-vivid-red-color has-text-color has-link-color wp-elements-cec015a47bb640e7810538b57a8476be\"><strong>Godz. 19:<\/strong><strong>30 <\/strong><strong>&#8211; Adoracja Naj\u015bwi\u0119tszego sakramentu \u2013 \u201ePozw\u00f3l si\u0119 odnale\u017a\u0107\u201d<\/strong><\/p>\n\n\n\n<div style=\"height:40px\" aria-hidden=\"true\" class=\"wp-block-spacer\"><\/div>\n","protected":false},"excerpt":{"rendered":"","protected":false},"author":3,"featured_media":7816,"comment_status":"closed","ping_status":"closed","sticky":false,"template":"","format":"standard","meta":{"_lmt_disableupdate":"","_lmt_disable":"","footnotes":""},"categories":[1],"tags":[],"class_list":["post-7815","post","type-post","status-publish","format-standard","has-post-thumbnail","hentry","category-bez-kategorii"],"_links":{"self":[{"href":"https:\/\/swiety-jozef.pl\/index.php\/wp-json\/wp\/v2\/posts\/7815","targetHints":{"allow":["GET"]}}],"collection":[{"href":"https:\/\/swiety-jozef.pl\/index.php\/wp-json\/wp\/v2\/posts"}],"about":[{"href":"https:\/\/swiety-jozef.pl\/index.php\/wp-json\/wp\/v2\/types\/post"}],"author":[{"embeddable":true,"href":"https:\/\/swiety-jozef.pl\/index.php\/wp-json\/wp\/v2\/users\/3"}],"replies":[{"embeddable":true,"href":"https:\/\/swiety-jozef.pl\/index.php\/wp-json\/wp\/v2\/comments?post=7815"}],"version-history":[{"count":9,"href":"https:\/\/swiety-jozef.pl\/index.php\/wp-json\/wp\/v2\/posts\/7815\/revisions"}],"predecessor-version":[{"id":7832,"href":"https:\/\/swiety-jozef.pl\/index.php\/wp-json\/wp\/v2\/posts\/7815\/revisions\/7832"}],"wp:featuredmedia":[{"embeddable":true,"href":"https:\/\/swiety-jozef.pl\/index.php\/wp-json\/wp\/v2\/media\/7816"}],"wp:attachment":[{"href":"https:\/\/swiety-jozef.pl\/index.php\/wp-json\/wp\/v2\/media?parent=7815"}],"wp:term":[{"taxonomy":"category","embeddable":true,"href":"https:\/\/swiety-jozef.pl\/index.php\/wp-json\/wp\/v2\/categories?post=7815"},{"taxonomy":"post_tag","embeddable":true,"href":"https:\/\/swiety-jozef.pl\/index.php\/wp-json\/wp\/v2\/tags?post=7815"}],"curies":[{"name":"wp","href":"https:\/\/api.w.org\/{rel}","templated":true}]}}