{"id":7801,"date":"2023-11-25T20:11:12","date_gmt":"2023-11-25T19:11:12","guid":{"rendered":"https:\/\/swiety-jozef.pl\/?p=7801"},"modified":"2023-11-25T20:11:16","modified_gmt":"2023-11-25T19:11:16","slug":"ogloszenia-duszpasterskie-26-11-2023-r","status":"publish","type":"post","link":"https:\/\/swiety-jozef.pl\/index.php\/2023\/11\/25\/ogloszenia-duszpasterskie-26-11-2023-r\/","title":{"rendered":"Og\u0142oszenia duszpasterskie 26.11.2023 r."},"content":{"rendered":"\n<!--more-->\n\n\n\n<p class=\"has-text-align-right\">Nowa S\u00f3l 26.11.2023<\/p>\n\n\n\n<h4 class=\"wp-block-heading has-text-align-center\">Og\u0142oszenia duszpasterskie<br>XXXIV Niedziela zwyk\u0142a A<\/h4>\n\n\n\n<h4 class=\"wp-block-heading has-text-align-center\">Uroczysto\u015b\u0107 Jezusa Chrystusa Kr\u00f3la Wszech\u015bwiat<\/h4>\n\n\n\n<div style=\"height:25px\" aria-hidden=\"true\" class=\"wp-block-spacer\"><\/div>\n\n\n\n<ol class=\"wp-block-list\">\n<li><strong>Dzisiaj 34 niedziela okresu zwyk\u0142ego, Uroczysto\u015b\u0107 Jezusa Chrystusa Kr\u00f3la Wszech\u015bwiata ko\u0144cz\u0105ca rok liturgiczny. Mo\u017cna zyska\u0107 odpust zupe\u0142ny: publicznie odmawiaj\u0105c Akt po\u015bwi\u0119cenia \u201eO, Jezu najs\u0142odszy, odkupicielu \u2026\u201d, Komunia \u015aw. , modlitwa w intencjach Ojca \u015awi\u0119tego.<\/strong><\/li>\n\n\n\n<li><strong>Dzisiejsza uroczysto\u015b\u0107 to \u015bwi\u0119to patronalne naszego Wy\u017cszego Seminarium Duchownego. Taca z tej niedzieli jest przeznaczona na utrzymanie seminarium.<\/strong><\/li>\n\n\n\n<li><strong>W tym tygodniu I pi\u0105tek i I sobota miesi\u0105ca<\/strong><\/li>\n<\/ol>\n\n\n\n<div class=\"wp-block-group\"><div class=\"wp-block-group__inner-container is-layout-constrained wp-block-group-is-layout-constrained\">\n<ul class=\"wp-block-list\">\n<li><strong>W pi\u0105tek od godz. 15<\/strong><sup><strong>00<\/strong><\/sup> \u2013 <strong>Godzina Mi\u0142osierdzia i Adoracja Naj\u015bwi\u0119tszego Sakramentu z nabo\u017ce\u0144stwem wynagradzaj\u0105cym.<\/strong><\/li>\n<\/ul>\n\n\n\n<ul class=\"wp-block-list\">\n<li><strong>Spowied\u017a \u015bw. pierwszopi\u0105tkowa w pi\u0105tek od godz. 15<\/strong><sup><strong>00<\/strong><\/sup><strong> do 18<\/strong><sup><strong>00<\/strong><\/sup><\/li>\n<\/ul>\n\n\n\n<ul class=\"wp-block-list\">\n<li><strong>W sobot\u0119<\/strong> zapraszamy na <strong>Nabo\u017ce\u0144stwo Pierwszych Sob\u00f3t<\/strong>. Rozpoczniemy wystawieniem Naj\u015bwi\u0119tszego Sakramentu <strong>o godz. 16<\/strong><sup><strong>00<\/strong><\/sup><strong> odm\u00f3wimy 2 cz\u0119\u015bci r\u00f3\u017ca\u0144ca, o godz. 17<\/strong><sup><strong>00<\/strong><\/sup><strong> Msza \u015bw.<\/strong><\/li>\n<\/ul>\n<\/div><\/div>\n\n\n\n<ol class=\"wp-block-list\" start=\"4\">\n<li><strong>W sobot\u0119 odwiedzimy chorych z pos\u0142ug\u0105 sakramentaln\u0105<\/strong>. Nowych chorych mo\u017cna zg\u0142asza\u0107 w zakrystii.<\/li>\n\n\n\n<li><strong>W sobot\u0119 na godz. 9<\/strong><sup><strong>00<\/strong><\/sup><strong> zapraszam panie i pan\u00f3w do sprz\u0105tania placu wok\u00f3\u0142 ko\u015bcio\u0142a z li\u015bci. B\u0119d\u0105 potrzebne samochody z pak\u0105 lub przyczepki na wywiezienie li\u015bci. Zapraszam<\/strong><\/li>\n\n\n\n<li>Za tydzie\u0144 w niedziel\u0119 <strong>zmiana tajemnic \u017bywego R\u00f3\u017ca\u0144ca po Mszy \u015bw. o godz. 7<\/strong><sup><strong>30<\/strong><\/sup><sup><\/sup> a<strong> po Mszy \u015bw. o godz. 18<\/strong><strong><sup>30 <\/sup><\/strong><strong>nauka dla rodzic\u00f3w i chrzestnych przygotowuj\u0105ca do chrztu \u015bw. dzieci.<\/strong><\/li>\n\n\n\n<li><strong>W przysz\u0142\u0105 niedziele na Mszy \u015bw. o godz. 7<\/strong><sup><strong>00 <\/strong><\/sup><strong>po\u015bwi\u0119cimy op\u0142atki. <\/strong><sup><\/sup><strong>Op\u0142atki b\u0119dzie mo\u017cna osobi\u015bcie odebra\u0107 w ka\u017cd\u0105 niedziel\u0119 przy drzwiach wej\u015bciowych do ko\u015bcio\u0142a po ka\u017cdej Mszy \u015bw. i codziennie w zakrystii lub kancelarii w godzinach jej urz\u0119dowania. <\/strong><strong>Ofiary za op\u0142atki s\u0105 przeznaczone na utrzymanie ko\u015bcio\u0142a<\/strong>, <strong>ofiar nie sk\u0142adamy przy odbiorze op\u0142atk\u00f3w, tradycyjnie ofiary sk\u0142adamy do kopert.<\/strong><\/li>\n\n\n\n<li><strong>Zaproszenie na kol\u0119d\u0119 sk\u0142adamy uzupe\u0142niaj\u0105c dane zaznaczone na kopercie, kt\u00f3ra znajduje si\u0119 wraz z op\u0142atkami.<\/strong><\/li>\n\n\n\n<li><strong>Za tydzie\u0144 I Niedziela Adwentu<\/strong> \u2013 nowy rok liturgiczny.<\/li>\n\n\n\n<li><strong>Od dzisiaj rozprowadzamy<\/strong> <strong>\u015bwiece na st\u00f3\u0142 wigilijny<\/strong>, jako <strong>Wigilijne Dzie\u0142o pomocy Dzieciom. <\/strong>\/ma\u0142e 10 z\u0142, du\u017ce 20 z\u0142\/<\/li>\n\n\n\n<li>Zbli\u017ca si\u0119 <strong>dzie\u0144 \u015awi\u0119tego Miko\u0142aja<\/strong>, osoby prywatne i firmy, kt\u00f3re chcia\u0142yby pom\u00f3c \u015bw. Miko\u0142ajowi w przegotowaniu prezent\u00f3w dla naszych dzieci zapraszam z propozycjami do zakrystii.<\/li>\n\n\n\n<li><strong>Wypominki za zmar\u0142ych w dni powszednie o godz. 17<\/strong><sup><strong>30<\/strong><\/sup><strong> w niedziel\u0119 o godz. 18<\/strong><sup><strong>00<\/strong><\/sup><strong>.<\/strong> Modlitw\u0119 wypominek zako\u0144czymy w czwartek. Jest mo\u017cliwo\u015b\u0107 pobrania karty wspominkowej z naszej strony www.<\/li>\n\n\n\n<li><strong>Przygotowanie doros\u0142ych \/od 21 roku \u017cycia\/ do Sakramentu Bierzmowania rozpocznie si\u0119 w niedziel\u0119 4XII<\/strong> o godz. 17<sup>30 <\/sup>w szkole katolickiej par. \u015aw. J\u00f3zefa. <strong>Jest to cykl 10 spotka\u0144 w dniach: 3, 10, 17 XII; 7, 14, 21, 28 I; 4, 11, 18 II.<\/strong><\/li>\n\n\n\n<li><strong>Dzieci klas III po Mszy \u015bw. prosimy o pozostanie w ko\u015bciele po wpisy do dzienniczk\u00f3w; dzieci klas II i m\u0142odsze zapraszamy do kaplicy po naklejki z dzisiejszej ewangelii.<\/strong><\/li>\n\n\n\n<li><strong><em>Dzi\u0119kujemy za ofiary na tac\u0119 i za przelewy na konto parafii. B\u00f3g Zap\u0142a\u0107. Numer konta bankowego parafii: 58 9673 0007 0000 0300 4864 0001<\/em><\/strong><\/li>\n\n\n\n<li><a><\/a> Dzi\u0119kujemy 11 osobom<strong> z o\u015b. Konstytucji 3 maja blok 26 <\/strong>i 2 osobom ch\u0119tnym za sprz\u0105tanie ko\u015bcio\u0142a i ofiary na kwiaty. Msza \u015bw. za te rodziny 15.XII o godz 6<sup>30<\/sup> .<\/li>\n\n\n\n<li><strong>W sobot\u0119 o godz. 9<\/strong><sup><strong>00<\/strong><\/sup><strong> do sprz\u0105tania ko\u015bcio\u0142a zapraszam wiernych zamieszka\u0142ych na ul. Armii Krajowej blok nr. 3 i blok nr. 4<\/strong><\/li>\n\n\n\n<li>Zach\u0119camy do zakupu prasy katolickiej: <strong>Niedziela, Go\u015b\u0107 Niedzielny, Ma\u0142y Go\u015b\u0107.<\/strong><\/li>\n\n\n\n<li>W minionym tygodniu z naszej parafii zmar\u0142: +Henryk <strong>Lachnicki<\/strong> zam. O\u015b. Konst. 3 Maja<\/li>\n\n\n\n<li><strong>Pami\u0119tajmy o naszych zmar\u0142ych polecaj\u0105c ich Bo\u017cemu Mi\u0142osierdziu.<\/strong><\/li>\n<\/ol>\n\n\n\n<p><strong>Pozdrawiamy wszystkich chorych, pami\u0119tamy o Was w modlitwie, \u017cycz\u0105c szybkiego powrotu do zdrowia.<\/strong><\/p>\n\n\n\n<p><strong>Wszystkim parafianom<\/strong><strong> i go\u015bciom \u017cyczymy dobrej niedzieli i Bo\u017cego b\u0142ogos\u0142awie\u0144stwa.<\/strong><\/p>\n\n\n\n<p class=\"has-text-align-right\">Ks. Krzysztof Kocz<br>Proboszcz<\/p>\n\n\n\n<div style=\"height:40px\" aria-hidden=\"true\" class=\"wp-block-spacer\"><\/div>\n","protected":false},"excerpt":{"rendered":"","protected":false},"author":3,"featured_media":3316,"comment_status":"closed","ping_status":"closed","sticky":false,"template":"","format":"standard","meta":{"_lmt_disableupdate":"","_lmt_disable":"","footnotes":""},"categories":[19],"tags":[],"class_list":["post-7801","post","type-post","status-publish","format-standard","has-post-thumbnail","hentry","category-ogloszenia"],"_links":{"self":[{"href":"https:\/\/swiety-jozef.pl\/index.php\/wp-json\/wp\/v2\/posts\/7801","targetHints":{"allow":["GET"]}}],"collection":[{"href":"https:\/\/swiety-jozef.pl\/index.php\/wp-json\/wp\/v2\/posts"}],"about":[{"href":"https:\/\/swiety-jozef.pl\/index.php\/wp-json\/wp\/v2\/types\/post"}],"author":[{"embeddable":true,"href":"https:\/\/swiety-jozef.pl\/index.php\/wp-json\/wp\/v2\/users\/3"}],"replies":[{"embeddable":true,"href":"https:\/\/swiety-jozef.pl\/index.php\/wp-json\/wp\/v2\/comments?post=7801"}],"version-history":[{"count":1,"href":"https:\/\/swiety-jozef.pl\/index.php\/wp-json\/wp\/v2\/posts\/7801\/revisions"}],"predecessor-version":[{"id":7802,"href":"https:\/\/swiety-jozef.pl\/index.php\/wp-json\/wp\/v2\/posts\/7801\/revisions\/7802"}],"wp:featuredmedia":[{"embeddable":true,"href":"https:\/\/swiety-jozef.pl\/index.php\/wp-json\/wp\/v2\/media\/3316"}],"wp:attachment":[{"href":"https:\/\/swiety-jozef.pl\/index.php\/wp-json\/wp\/v2\/media?parent=7801"}],"wp:term":[{"taxonomy":"category","embeddable":true,"href":"https:\/\/swiety-jozef.pl\/index.php\/wp-json\/wp\/v2\/categories?post=7801"},{"taxonomy":"post_tag","embeddable":true,"href":"https:\/\/swiety-jozef.pl\/index.php\/wp-json\/wp\/v2\/tags?post=7801"}],"curies":[{"name":"wp","href":"https:\/\/api.w.org\/{rel}","templated":true}]}}