{"id":7797,"date":"2023-11-18T20:37:22","date_gmt":"2023-11-18T19:37:22","guid":{"rendered":"https:\/\/swiety-jozef.pl\/?p=7797"},"modified":"2023-11-18T20:41:19","modified_gmt":"2023-11-18T19:41:19","slug":"intencje-mszalne-19-11-26-11-2023-r","status":"publish","type":"post","link":"https:\/\/swiety-jozef.pl\/index.php\/2023\/11\/18\/intencje-mszalne-19-11-26-11-2023-r\/","title":{"rendered":"Intencje mszalne 19.11 \u2013 26.11.2023 r."},"content":{"rendered":"\n<!--more-->\n\n\n\n<div style=\"height:25px\" aria-hidden=\"true\" class=\"wp-block-spacer\"><\/div>\n\n\n\n<p class=\"has-vivid-red-color has-text-color has-link-color wp-elements-ca03e4a4fc727abe3a57dfa9926da4d6\"><strong>Niedziela 19.11.23 r.<\/strong><\/p>\n\n\n\n<p>7.30. 1. + Bronis\u0142awa \/ona \/ Grzebieniowska w 49 rocz. \u015bmierci, + Piotr<\/p>\n\n\n\n<p>2. + syn Rafa\u0142 o \u0142ask\u0119 zbawienia<\/p>\n\n\n\n<p>9.30. 1. + Jan Nakonieczny greg 1<\/p>\n\n\n\n<p>2. ++ rodzice Jan i J\u00f3zefa \/ona \/ Bia\u0142kowskich, brat Henryk, jego \u017cona Stefania \/ona \/, ich dzieci, te\u015bciowie Irena i Lucjan Gajewscy<\/p>\n\n\n\n<p>11.00. 1. Dzi\u0119kczynno-b\u0142agalna w intencji Piotrusia w 1 rocz. urodzin i brata Wies\u0142awa<\/p>\n\n\n\n<p>2. + Halina Kusz 6 rocz. \u015bm.<\/p>\n\n\n\n<p>12.30. 1. + Krzysztof Buczarski greg 20<\/p>\n\n\n\n<p>2. + Krzysztof Malczuk 3 rocz. \u015bm.<\/p>\n\n\n\n<p>3. ++ ministranci<\/p>\n\n\n\n<p>14.00 ++ Czes\u0142awa \/ona \/ Uderjan w 15 rocz. \u015bmierci, Stanis\u0142aw Uderjan<\/p>\n\n\n\n<p>18.30. ++ Wies\u0142awa <em>\/ona \/<\/em>Kuleta w 2 rocz. \u015bmierci, Ryszard Kuleta<\/p>\n\n\n\n<p><strong>Poniedzia\u0142ek 20.11.23r.<\/strong><\/p>\n\n\n\n<p>7.00. 1. + Krzysztof Buczarski greg 21<\/p>\n\n\n\n<p>2. + Jan Nakonieczny greg 2<\/p>\n\n\n\n<p>3. Dz.-B.: Za szcz\u0119\u015bliwe prze\u017cycie 60 lat i dalsze b\u0142ogos\u0142awie\u0144stwo Bo\u017ce dla Marii<\/p>\n\n\n\n<p>18.00. 1. + Pawe\u0142 Kot w 10 rocz. \u015bm.<\/p>\n\n\n\n<p>2. + Urszula Kulczycka \u2013 10 r. \u015bm.<\/p>\n\n\n\n<p><strong>Wtorek 21.11.23 r.<\/strong><\/p>\n\n\n\n<p>7.00. 1. Dz.-B.: El\u017cbieta Mazurkiewicz \u2013 o Bo\u017ce b\u0142ogos\u0142awie\u0144stwo i opiek\u0119 Matki Bo\u017cej \u2013 intencja im. od R\u00f3\u017cy Aposto\u0142\u00f3w<\/p>\n\n\n\n<p>2. + Kazimiera\/ ona\/ Grela i Stanis\u0142aw Grela<\/p>\n\n\n\n<p>18.00. 1. + Jan Nakonieczny greg 3<\/p>\n\n\n\n<p>2. + Krzysztof Buczarski greg 22<\/p>\n\n\n\n<p><strong>\u015aroda 22. 11.23.r.<\/strong><\/p>\n\n\n\n<p>7.00. 1. + Krzysztof Buczarski greg 23<\/p>\n\n\n\n<p>2. + Jan Nakonieczny greg 4<\/p>\n\n\n\n<p>3. + Bogdan Grabowski 1 rocz. \u015bm.<\/p>\n\n\n\n<p>18.00. 1. Dz.-B.: Agata Trzeciak z okazji narodzin<\/p>\n\n\n\n<p>2. ++ El\u017cbieta Paw\u0142owska, Janina Gajcy, Anna Ho\u0142tyn, Zofia Hajdukiewicz, Jadwiga Jambroszczyk, Krystyna Nitkiewicz, Krystyna K\u0119tczy\u0144ska z R\u00f3\u017cy MB Fatimskiej<\/p>\n\n\n\n<p>3. w int. El\u017cbiety Faron, Zdzis\u0142awa Micha\u0142owska \u2013 z okazji imienin od R\u00f3\u017cy \u015bw. Katarzyny<\/p>\n\n\n\n<p><strong>Czwartek 23.11.23 r.<\/strong><\/p>\n\n\n\n<p>7. 00. 1. w intencji sporz\u0105taj\u0105cych ko\u015bci\u00f3\u0142 z os. Konstytucji 3 Maja bl. Nr 16 i 19 i 1 osoby ch\u0119tnej i ich rodzin<\/p>\n\n\n\n<p>2. w int. Anny o potrzebne \u0142aski zdrowia, m\u0105dro\u015bci lekarzy i Bo\u017cego b\u0142ogos\u0142awie\u0144stwo<\/p>\n\n\n\n<p>18.00. 1. + Krystyna Posmyk, Roman Krzy\u017canowski i ++ z rodziny<\/p>\n\n\n\n<p>2. + Jan Nakonieczny greg 5<\/p>\n\n\n\n<p>3. + Krzysztof Buczarski greg 24<\/p>\n\n\n\n<p><strong>Pi\u0105tek 24.11.23 r.<\/strong><\/p>\n\n\n\n<p>7.00. 1. + Krzysztof Buczarski greg 25<\/p>\n\n\n\n<p>2. ++ z rodz. Bator, Malaczewski, \u015aron, Zalewski<\/p>\n\n\n\n<p>18.00. 1. w intencji Katarzyny i Wiktora z pro\u015bb\u0105 o b\u0142ogos\u0142awie\u0144stwo Bo\u017ce, dary Ducha \u015awi\u0119tego i opiek\u0119 Matki Naj\u015bwi\u0119tszej<\/p>\n\n\n\n<p>2. + Jan Nakonieczny greg 6<\/p>\n\n\n\n<p>3. ++ cz\u0142onkinie z R\u00f3\u017cy \u015bw. Katarzyny<\/p>\n\n\n\n<p><strong>Sobota 25.11.23 r.<\/strong><\/p>\n\n\n\n<p>7.00. 1. + Krzysztof Buczarski greg 26<\/p>\n\n\n\n<p>2. + Jan Nakonieczny greg 7<\/p>\n\n\n\n<p>18.00. 1. w int. Cz\u0142onkin z R\u00f3\u017cy \u015bw. Katarzyny<\/p>\n\n\n\n<p>2. ++ Stefania \/ona \/ Kujawska w 16 rocz. \u015bmierci, Lech i Marcin Kujawscy oraz Micha\u0142 Watach<\/p>\n\n\n\n<p class=\"has-vivid-red-color has-text-color has-link-color wp-elements-538e6e0a1c7e4d4cda7edd1173be73a8\"><strong>Niedziela 26.11.23 r.<\/strong><\/p>\n\n\n\n<p>7.30. 1. + Janusz Trojanowski w 8 rocz. \u015amierci<\/p>\n\n\n\n<p>2. + Jadwiga, Marian Wieliczko, Dorota Olejniczak<\/p>\n\n\n\n<p>9.30. 1. w int. Zdzis\u0142awy Lewandowskiej i Zdzis\u0142awy Micha\u0142owskiej z ok. Imienin, o potrzebne \u0142aski i opiek\u0119 Matki Bo\u017cej od R\u00f3\u017cy MB Klenickiej<\/p>\n\n\n\n<p>2. ++ cz\u0142onkinie z R\u00f3\u017cy MB Klenickiej, Ewa Stronka, Barbara Plas<\/p>\n\n\n\n<p>11.00. 1. + Franciszek Sk\u00f3rko, ++ z rodziny<\/p>\n\n\n\n<p>2. + Andrzej Kaczkowski, ++ z rodziny Kaczkowski i Szczepankiewicz\u00f3w<\/p>\n\n\n\n<p>12. 30. 1. + Teresa Klimkowicz 3 rocz. \u015bm.<\/p>\n\n\n\n<p>2. + Anna Ho\u0142tyn w 15 rocz. \u015bmierci<\/p>\n\n\n\n<p>14.00. 1. + Piotr, Franciszka \/ona \/, Tomasz Kubiak, ++ z rodziny<\/p>\n\n\n\n<p>2. + Krzysztof Buczarski greg 27<\/p>\n\n\n\n<p>18.30. 1. + Jan Nakonieczny greg 8<\/p>\n\n\n\n<div style=\"height:40px\" aria-hidden=\"true\" class=\"wp-block-spacer\"><\/div>\n","protected":false},"excerpt":{"rendered":"","protected":false},"author":3,"featured_media":4429,"comment_status":"closed","ping_status":"closed","sticky":false,"template":"","format":"standard","meta":{"_lmt_disableupdate":"","_lmt_disable":"","footnotes":""},"categories":[20],"tags":[],"class_list":["post-7797","post","type-post","status-publish","format-standard","has-post-thumbnail","hentry","category-intencje"],"_links":{"self":[{"href":"https:\/\/swiety-jozef.pl\/index.php\/wp-json\/wp\/v2\/posts\/7797","targetHints":{"allow":["GET"]}}],"collection":[{"href":"https:\/\/swiety-jozef.pl\/index.php\/wp-json\/wp\/v2\/posts"}],"about":[{"href":"https:\/\/swiety-jozef.pl\/index.php\/wp-json\/wp\/v2\/types\/post"}],"author":[{"embeddable":true,"href":"https:\/\/swiety-jozef.pl\/index.php\/wp-json\/wp\/v2\/users\/3"}],"replies":[{"embeddable":true,"href":"https:\/\/swiety-jozef.pl\/index.php\/wp-json\/wp\/v2\/comments?post=7797"}],"version-history":[{"count":2,"href":"https:\/\/swiety-jozef.pl\/index.php\/wp-json\/wp\/v2\/posts\/7797\/revisions"}],"predecessor-version":[{"id":7800,"href":"https:\/\/swiety-jozef.pl\/index.php\/wp-json\/wp\/v2\/posts\/7797\/revisions\/7800"}],"wp:featuredmedia":[{"embeddable":true,"href":"https:\/\/swiety-jozef.pl\/index.php\/wp-json\/wp\/v2\/media\/4429"}],"wp:attachment":[{"href":"https:\/\/swiety-jozef.pl\/index.php\/wp-json\/wp\/v2\/media?parent=7797"}],"wp:term":[{"taxonomy":"category","embeddable":true,"href":"https:\/\/swiety-jozef.pl\/index.php\/wp-json\/wp\/v2\/categories?post=7797"},{"taxonomy":"post_tag","embeddable":true,"href":"https:\/\/swiety-jozef.pl\/index.php\/wp-json\/wp\/v2\/tags?post=7797"}],"curies":[{"name":"wp","href":"https:\/\/api.w.org\/{rel}","templated":true}]}}