{"id":7766,"date":"2023-10-14T20:04:22","date_gmt":"2023-10-14T18:04:22","guid":{"rendered":"https:\/\/swiety-jozef.pl\/?p=7766"},"modified":"2023-10-14T20:04:28","modified_gmt":"2023-10-14T18:04:28","slug":"komunikat-biskupa-diecezjalnego-w-liturgiczne-wspomnienie-sw-lukaszapatrona-sluzby-zdrowia","status":"publish","type":"post","link":"https:\/\/swiety-jozef.pl\/index.php\/2023\/10\/14\/komunikat-biskupa-diecezjalnego-w-liturgiczne-wspomnienie-sw-lukaszapatrona-sluzby-zdrowia\/","title":{"rendered":"Komunikat Biskupa Diecezjalnego w liturgiczne wspomnienie \u015bw. \u0141ukasza,patrona s\u0142u\u017cby zdrowia"},"content":{"rendered":"\n<!--more-->\n\n\n\n<p><strong>Drodzy Diecezjanie,<\/strong><\/p>\n\n\n\n<p><strong>Szanowni Pracownicy S\u0142u\u017cby Zdrowia,<\/strong><\/p>\n\n\n\n<p>Ko\u015bci\u00f3\u0142 katolicki \u0142\u0105czy dzie\u0144 \u015bw. \u0141ukasza, kt\u00f3rego liturgiczne wspomnienie przypada 18 pa\u017adziernika, z pami\u0119ci\u0105 o wszystkich pracownikach s\u0142u\u017cby zdrowia. Ich misj\u0105 jest ochrona \u017cycia, troska o nasze zdrowie i niesienie ulgi w cierpieniu. Te zadania s\u0105 nie tylko wielkim \u015bwiadectwem cz\u0142owiecze\u0144stwa, ale jak przypomina \u015bw. Jan Pawe\u0142 II \u201eopieka nad tymi, kt\u00f3rzy cierpi\u0105 jest wielkim gestem mi\u0142o\u015bci\u201d.<\/p>\n\n\n\n<p>Czytaj\u0105c przypowie\u015b\u0107 o mi\u0142osiernym Samarytaninie, kt\u00f3rego autorem jest \u015bw. \u0141ukasz, ewangelista oraz lekarz, dostrzegamy konkretne gesty mi\u0142o\u015bci wobec bli\u017aniego w potrzebie. S\u0105 nimi: dostrze\u017cenie potrzebuj\u0105cego, odruch serca, podej\u015bcie i udzielenie konkretnej pomocy oraz bezinteresowno\u015b\u0107. Ko\u0144cowe wezwanie z przypowie\u015bci: \u201eId\u017a i ty czy\u0144 podobnie\u201d jest nieustannie podejmowane i realizowane przez pracownik\u00f3w s\u0142u\u017cby zdrowia, kt\u00f3rym pragn\u0119 wyrazi\u0107 wdzi\u0119czno\u015b\u0107 i wyrazy uznania.<\/p>\n\n\n\n<p>W \u015brod\u0119, 18 pa\u017adziernika, podczas Mszy \u015bwi\u0119tej o godz. 10.30 w parafii pw.&nbsp;Mi\u0142osierdzia Bo\u017cego w \u017barach b\u0119d\u0119 modli\u0142 si\u0119 za pracownik\u00f3w i wolontariuszy s\u0142u\u017cby zdrowia naszej diecezji, natomiast o godzinie 12.00 w \u017barskim Domu Kultury zostan\u0105 wr\u0119czone statuetki \u201eLubuski Samarytanin\u201d. Poprzez t\u0119 nagrod\u0119 pragniemy ju\u017c po raz pi\u0105ty wyr\u00f3\u017cni\u0107 osoby i instytucje, kt\u00f3re podejmuj\u0105 przyk\u0142adn\u0105, bezinteresown\u0105 i holistyczn\u0105, czyli obejmuj\u0105ca tak\u017ce wymiar duchowy, s\u0142u\u017cb\u0119 wobec os\u00f3b chorych i cierpi\u0105cych, przyczyniaj\u0105c si\u0119 do idei humanizacji medycyny. Wszystkich Diecezjan prosz\u0119 o modlitw\u0119 w intencji medyk\u00f3w, z kt\u00f3rych pomocy codziennie korzystamy, by profesjonalna opieka medyczna wci\u0105\u017c o\u017cywiana by\u0142a duchem mi\u0142o\u015bci mi\u0142osiernej.<\/p>\n\n\n\n<p>Niech \u015awi\u0119ty \u0141ukasz wyprasza pracownikom s\u0142u\u017cby zdrowia naszej diecezji si\u0142\u0119 i\u00a0moc do realizacji gest\u00f3w mi\u0142o\u015bci na wz\u00f3r dobrego samarytanina.<\/p>\n\n\n\n<p class=\"has-text-align-right\">Tadeusz Lity\u0144ski<br>Biskup Zielonog\u00f3rsko-Gorzowski<\/p>\n\n\n\n<p>Zielona G\u00f3ra, 13 pa\u017adziernika 2023 r.<br>Znak: B2-15\/23<\/p>\n\n\n\n<div style=\"height:40px\" aria-hidden=\"true\" class=\"wp-block-spacer\"><\/div>\n","protected":false},"excerpt":{"rendered":"","protected":false},"author":3,"featured_media":4338,"comment_status":"closed","ping_status":"closed","sticky":false,"template":"","format":"standard","meta":{"_lmt_disableupdate":"","_lmt_disable":"","footnotes":""},"categories":[1],"tags":[],"class_list":["post-7766","post","type-post","status-publish","format-standard","has-post-thumbnail","hentry","category-bez-kategorii"],"_links":{"self":[{"href":"https:\/\/swiety-jozef.pl\/index.php\/wp-json\/wp\/v2\/posts\/7766","targetHints":{"allow":["GET"]}}],"collection":[{"href":"https:\/\/swiety-jozef.pl\/index.php\/wp-json\/wp\/v2\/posts"}],"about":[{"href":"https:\/\/swiety-jozef.pl\/index.php\/wp-json\/wp\/v2\/types\/post"}],"author":[{"embeddable":true,"href":"https:\/\/swiety-jozef.pl\/index.php\/wp-json\/wp\/v2\/users\/3"}],"replies":[{"embeddable":true,"href":"https:\/\/swiety-jozef.pl\/index.php\/wp-json\/wp\/v2\/comments?post=7766"}],"version-history":[{"count":1,"href":"https:\/\/swiety-jozef.pl\/index.php\/wp-json\/wp\/v2\/posts\/7766\/revisions"}],"predecessor-version":[{"id":7767,"href":"https:\/\/swiety-jozef.pl\/index.php\/wp-json\/wp\/v2\/posts\/7766\/revisions\/7767"}],"wp:featuredmedia":[{"embeddable":true,"href":"https:\/\/swiety-jozef.pl\/index.php\/wp-json\/wp\/v2\/media\/4338"}],"wp:attachment":[{"href":"https:\/\/swiety-jozef.pl\/index.php\/wp-json\/wp\/v2\/media?parent=7766"}],"wp:term":[{"taxonomy":"category","embeddable":true,"href":"https:\/\/swiety-jozef.pl\/index.php\/wp-json\/wp\/v2\/categories?post=7766"},{"taxonomy":"post_tag","embeddable":true,"href":"https:\/\/swiety-jozef.pl\/index.php\/wp-json\/wp\/v2\/tags?post=7766"}],"curies":[{"name":"wp","href":"https:\/\/api.w.org\/{rel}","templated":true}]}}