{"id":7720,"date":"2023-09-16T15:43:52","date_gmt":"2023-09-16T13:43:52","guid":{"rendered":"https:\/\/swiety-jozef.pl\/?p=7720"},"modified":"2023-09-16T15:45:16","modified_gmt":"2023-09-16T13:45:16","slug":"diecezjalna-pielgrzymka-roz-zywego-rozanca-oraz-apostolstwa-margaretka","status":"publish","type":"post","link":"https:\/\/swiety-jozef.pl\/index.php\/2023\/09\/16\/diecezjalna-pielgrzymka-roz-zywego-rozanca-oraz-apostolstwa-margaretka\/","title":{"rendered":"Diecezjalna Pielgrzymka R\u00f3\u017c \u017bywego R\u00f3\u017ca\u0144ca oraz Apostolstwa Margaretka"},"content":{"rendered":"\n<!--more-->\n\n\n\n<div style=\"height:40px\" aria-hidden=\"true\" class=\"wp-block-spacer\"><\/div>\n\n\n\n<h4 class=\"wp-block-heading has-text-align-center\">Odpust ku czci NMP R\u00f3\u017ca\u0144cowej<br>Diecezjalna Pielgrzymka R\u00f3\u017c \u017bywego R\u00f3\u017ca\u0144ca oraz Apostolstwa Margaretka<br>Wprowadzenie relikwii B\u0142ogos\u0142awionej Rodziny Ulm\u00f3w<br>\u201eNikt nie ma wi\u0119kszej mi\u0142o\u015bci\u201d<br>Rokitno, 7 pa\u017adziernika 2023 r.<\/h4>\n\n\n\n<div style=\"height:41px\" aria-hidden=\"true\" class=\"wp-block-spacer\"><\/div>\n\n\n\n<p><strong>PROGRAM UROCZYSTO\u015aCI<\/strong><\/p>\n\n\n\n<ul class=\"wp-block-list\">\n<li>10.00 Powitanie pielgrzym\u00f3w<\/li>\n\n\n\n<li>10.05 <strong>R\u00f3\u017caniec<\/strong> na dr\u00f3\u017ckach rokitnia\u0144skich i procesja ze sztandarami \u2013 prowadzenie: R\u00f3\u017ce R\u00f3\u017ca\u0144cowe M\u0142odych w Intencji Powo\u0142a\u0144<\/li>\n\n\n\n<li>10.50 Wyst\u0119p lubuskiego kwartetu \u201eLepiej p\u00f3\u017ano ni\u017c wcale\u201d, finalist\u00f3w programu \u201eThe Voice Senior\u201d<\/li>\n\n\n\n<li><a><\/a> 11.30 \u015awiadectwo m\u0142odzie\u017cy o R\u00f3\u017ca\u0144cu<\/li>\n\n\n\n<li>12.00 <strong>Wprowadzenie relikwii B\u0142ogos\u0142awionej Rodziny Ulm\u00f3w<\/strong> i <strong>Msza \u015bw.<\/strong> pod przewodnictwem emerytowanego metropolity przemyskiego abp. J\u00f3zefa Michalika, koncelebrowana przez biskupa zielonog\u00f3rsko-gorzowskiego Tadeusza Lity\u0144skiego oraz biskupa seniora Paw\u0142a Soch\u0119<\/li>\n\n\n\n<li>Po Mszy \u015bw. \u2013 posi\u0142ek dla pielgrzym\u00f3w<\/li>\n\n\n\n<li><strong>14.30 Spotkanie m\u0119\u017cczyzn modl\u0105cych si\u0119 na r\u00f3\u017ca\u0144cu \u2013 Bazylika<\/strong><\/li>\n<\/ul>\n\n\n\n<p><\/p>\n\n\n\n<div style=\"height:40px\" aria-hidden=\"true\" class=\"wp-block-spacer\"><\/div>\n","protected":false},"excerpt":{"rendered":"","protected":false},"author":3,"featured_media":7721,"comment_status":"closed","ping_status":"closed","sticky":false,"template":"","format":"standard","meta":{"_lmt_disableupdate":"","_lmt_disable":"","footnotes":""},"categories":[1],"tags":[],"class_list":["post-7720","post","type-post","status-publish","format-standard","has-post-thumbnail","hentry","category-bez-kategorii"],"_links":{"self":[{"href":"https:\/\/swiety-jozef.pl\/index.php\/wp-json\/wp\/v2\/posts\/7720","targetHints":{"allow":["GET"]}}],"collection":[{"href":"https:\/\/swiety-jozef.pl\/index.php\/wp-json\/wp\/v2\/posts"}],"about":[{"href":"https:\/\/swiety-jozef.pl\/index.php\/wp-json\/wp\/v2\/types\/post"}],"author":[{"embeddable":true,"href":"https:\/\/swiety-jozef.pl\/index.php\/wp-json\/wp\/v2\/users\/3"}],"replies":[{"embeddable":true,"href":"https:\/\/swiety-jozef.pl\/index.php\/wp-json\/wp\/v2\/comments?post=7720"}],"version-history":[{"count":3,"href":"https:\/\/swiety-jozef.pl\/index.php\/wp-json\/wp\/v2\/posts\/7720\/revisions"}],"predecessor-version":[{"id":7724,"href":"https:\/\/swiety-jozef.pl\/index.php\/wp-json\/wp\/v2\/posts\/7720\/revisions\/7724"}],"wp:featuredmedia":[{"embeddable":true,"href":"https:\/\/swiety-jozef.pl\/index.php\/wp-json\/wp\/v2\/media\/7721"}],"wp:attachment":[{"href":"https:\/\/swiety-jozef.pl\/index.php\/wp-json\/wp\/v2\/media?parent=7720"}],"wp:term":[{"taxonomy":"category","embeddable":true,"href":"https:\/\/swiety-jozef.pl\/index.php\/wp-json\/wp\/v2\/categories?post=7720"},{"taxonomy":"post_tag","embeddable":true,"href":"https:\/\/swiety-jozef.pl\/index.php\/wp-json\/wp\/v2\/tags?post=7720"}],"curies":[{"name":"wp","href":"https:\/\/api.w.org\/{rel}","templated":true}]}}