{"id":7718,"date":"2023-09-16T15:38:36","date_gmt":"2023-09-16T13:38:36","guid":{"rendered":"https:\/\/swiety-jozef.pl\/?p=7718"},"modified":"2023-09-16T15:38:40","modified_gmt":"2023-09-16T13:38:40","slug":"komunikat-w-zwiazku-z-przekazaniem-relikwii-blogoslawionej-rodziny-ulmow","status":"publish","type":"post","link":"https:\/\/swiety-jozef.pl\/index.php\/2023\/09\/16\/komunikat-w-zwiazku-z-przekazaniem-relikwii-blogoslawionej-rodziny-ulmow\/","title":{"rendered":"Komunikat w zwi\u0105zku z przekazaniem relikwii b\u0142ogos\u0142awionej Rodziny Ulm\u00f3w"},"content":{"rendered":"\n<!--more-->\n\n\n\n<div style=\"height:25px\" aria-hidden=\"true\" class=\"wp-block-spacer\"><\/div>\n\n\n\n<p>Drodzy Diecezjanie,<\/p>\n\n\n\n<p>w niedziel\u0119 10 wrze\u015bnia br. w Markowej na Podkarpaciu mia\u0142a miejsce uroczysta beatyfikacja rodziny Ulm\u00f3w: J\u00f3zefa, Wiktorii i ich siedmiorga dzieci. W imi\u0119 wierno\u015bci Chrystusowi oddali oni w\u0142asne \u017cycie w heroicznym akcie mi\u0142o\u015bci bli\u017aniego ratuj\u0105c rodziny \u017cydowskie w czasie drugiej wojny \u015bwiatowej.<\/p>\n\n\n\n<p>Ci B\u0142ogos\u0142awieni M\u0119czennicy daj\u0105 nam \u201eprzyk\u0142ad jak\u017ce niezwyk\u0142ej rodziny, kt\u00f3ra osi\u0105ga\u0142a \u015bwi\u0119to\u015b\u0107 w zwyczajnych okoliczno\u015bciach \u017cycia. [\u2026] Ukazuj\u0105 przede wszystkim pi\u0119kno i warto\u015b\u0107 ma\u0142\u017ce\u0144stwa opartego na Chrystusie, gdzie Bo\u017ca \u0142aska jest fundamentem wszystkiego. Ich mi\u0142o\u015b\u0107 realizowana w codzienno\u015bci mo\u017ce r\u00f3wnie\u017c motywowa\u0107 do otwarto\u015bci na \u017cycie oraz do wzi\u0119cia odpowiedzialno\u015bci za wychowanie m\u0142odego pokolenia. Heroiczna postawa mi\u0142o\u015bci wobec bli\u017anich, powinna pobudza\u0107 nas do \u017cycia nie tyle dla w\u0142asnej wygody czy ch\u0119ci posiadania, ale do \u017cycia b\u0119d\u0105cego darem siebie dla innych\u201d (List pasterski KEP dotycz\u0105cy beatyfikacji Czcigodnych S\u0142ug Bo\u017cych J\u00f3zefa i Wiktorii Ulm\u00f3w i ich siedmiorga dzieci).<\/p>\n\n\n\n<p>Dzi\u0119ki \u017cyczliwo\u015bci abp. Adama Szala, metropolity przemyskiego, do naszej diecezji trafi\u0105 relikwie B\u0142ogos\u0142awionej Rodziny Ulm\u00f3w. Ich przekazanie odb\u0119dzie si\u0119 podczas odpustu Matki Bo\u017cej R\u00f3\u017ca\u0144cowej w diecezjalnym sanktuarium w Rokitnie w sobot\u0119 7 pa\u017adziernika bie\u017c\u0105cego roku. Uroczysto\u015bci rozpoczn\u0105 si\u0119 o godz. 10.00, a sumie odpustowej sprawowanej o godz. 12.00 b\u0119dzie przewodniczy\u0142 abp J\u00f3zef Michalik, emerytowany metropolita przemyski, a wcze\u015bniej r\u00f3wnie\u017c pasterz naszej diecezji.<\/p>\n\n\n\n<p>Do udzia\u0142u w rokitnia\u0144skim odpu\u015bcie r\u00f3\u017ca\u0144cowym po\u0142\u0105czonym z przekazaniem relikwii b\u0142ogos\u0142awionej Rodziny Ulm\u00f3w gor\u0105co zapraszam wszystkich diecezjan, a w spos\u00f3b szczeg\u00f3lny wszystkich cz\u0142onk\u00f3w \u017bywego R\u00f3\u017ca\u0144ca. Ksi\u0119\u017cy Proboszcz\u00f3w prosz\u0119 o zorganizowanie wyjazd\u00f3w z parafii i dekanat\u00f3w, tak aby umo\u017cliwi\u0107 dotarcie do Rokitna jak najwi\u0119kszej liczbie wiernych.<\/p>\n\n\n\n<p><\/p>\n\n\n\n<p class=\"has-text-align-right\">Z pasterskim b\u0142ogos\u0142awie\u0144stwem<\/p>\n\n\n\n<p class=\"has-text-align-right\">+Tadeusz Lity\u0144ski<br>Biskup Zielonog\u00f3rsko-Gorzowski<\/p>\n\n\n\n<p>Zielona G\u00f3ra, 15 wrze\u015bnia 2023 r.<\/p>\n\n\n\n<div style=\"height:40px\" aria-hidden=\"true\" class=\"wp-block-spacer\"><\/div>\n","protected":false},"excerpt":{"rendered":"","protected":false},"author":3,"featured_media":4338,"comment_status":"closed","ping_status":"closed","sticky":false,"template":"","format":"standard","meta":{"_lmt_disableupdate":"","_lmt_disable":"","footnotes":""},"categories":[1],"tags":[],"class_list":["post-7718","post","type-post","status-publish","format-standard","has-post-thumbnail","hentry","category-bez-kategorii"],"_links":{"self":[{"href":"https:\/\/swiety-jozef.pl\/index.php\/wp-json\/wp\/v2\/posts\/7718","targetHints":{"allow":["GET"]}}],"collection":[{"href":"https:\/\/swiety-jozef.pl\/index.php\/wp-json\/wp\/v2\/posts"}],"about":[{"href":"https:\/\/swiety-jozef.pl\/index.php\/wp-json\/wp\/v2\/types\/post"}],"author":[{"embeddable":true,"href":"https:\/\/swiety-jozef.pl\/index.php\/wp-json\/wp\/v2\/users\/3"}],"replies":[{"embeddable":true,"href":"https:\/\/swiety-jozef.pl\/index.php\/wp-json\/wp\/v2\/comments?post=7718"}],"version-history":[{"count":1,"href":"https:\/\/swiety-jozef.pl\/index.php\/wp-json\/wp\/v2\/posts\/7718\/revisions"}],"predecessor-version":[{"id":7719,"href":"https:\/\/swiety-jozef.pl\/index.php\/wp-json\/wp\/v2\/posts\/7718\/revisions\/7719"}],"wp:featuredmedia":[{"embeddable":true,"href":"https:\/\/swiety-jozef.pl\/index.php\/wp-json\/wp\/v2\/media\/4338"}],"wp:attachment":[{"href":"https:\/\/swiety-jozef.pl\/index.php\/wp-json\/wp\/v2\/media?parent=7718"}],"wp:term":[{"taxonomy":"category","embeddable":true,"href":"https:\/\/swiety-jozef.pl\/index.php\/wp-json\/wp\/v2\/categories?post=7718"},{"taxonomy":"post_tag","embeddable":true,"href":"https:\/\/swiety-jozef.pl\/index.php\/wp-json\/wp\/v2\/tags?post=7718"}],"curies":[{"name":"wp","href":"https:\/\/api.w.org\/{rel}","templated":true}]}}