{"id":7670,"date":"2023-08-14T22:50:48","date_gmt":"2023-08-14T20:50:48","guid":{"rendered":"https:\/\/swiety-jozef.pl\/?p=7670"},"modified":"2023-08-14T22:53:35","modified_gmt":"2023-08-14T20:53:35","slug":"ogloszenia-duszpasterskie-15-08-2023-r","status":"publish","type":"post","link":"https:\/\/swiety-jozef.pl\/index.php\/2023\/08\/14\/ogloszenia-duszpasterskie-15-08-2023-r\/","title":{"rendered":"Og\u0142oszenia duszpasterskie 15.08.2023 r."},"content":{"rendered":"\n<!--more-->\n\n\n\n<div style=\"height:25px\" aria-hidden=\"true\" class=\"wp-block-spacer\"><\/div>\n\n\n\n<h4 class=\"wp-block-heading has-text-align-center\">OG\u0141OSZENIA DUSZPASTERSKIE<br>Wniebowzi\u0119cie NMP<\/h4>\n\n\n\n<div style=\"height:25px\" aria-hidden=\"true\" class=\"wp-block-spacer\"><\/div>\n\n\n\n<ol class=\"wp-block-list\">\n<li><strong>Dzisiaj 15 sierpnia Uroczysto\u015b\u0107 Wniebowzi\u0119cia NMP. B\u0142ogos\u0142awie\u0144stwo zi\u00f3\u0142 i kwiat\u00f3w. Na ka\u017cdej Mszy \u015bw.<\/strong><\/li>\n\n\n\n<li><strong>Dzisiaj 103 rocznica Bitwy Warszawskiej zwanej \u201eCudem nad Wis\u0142\u0105\u201d<\/strong><\/li>\n\n\n\n<li><strong>Msze \u015bw. w naszej parafii wed\u0142ug porz\u0105dku niedzielnego.<\/strong><\/li>\n\n\n\n<li><strong>Taca przeznaczona jest na ubogie parafie w naszej diecezji.<\/strong><\/li>\n\n\n\n<li><strong>Dzisiaj o godz. 12<\/strong><strong><sup>30 <\/sup><\/strong><strong>suma odpustowa w par. Wniebowzi\u0119cia NMP na Plesz\u00f3wku, ks. proboszcz serdecznie zaprasza.<\/strong><\/li>\n\n\n\n<li><strong>Dzisiaj po ka\u017cdej Mszy \u015bw. zbi\u00f3rka do puszek, dla poszkodowanych mieszka\u0144c\u00f3w S\u0142oweni.<\/strong><\/li>\n<\/ol>\n\n\n\n<p class=\"has-text-align-right\">Ks. Krzysztof Kocz<br>Proboszcz<\/p>\n\n\n\n<div style=\"height:40px\" aria-hidden=\"true\" class=\"wp-block-spacer\"><\/div>\n","protected":false},"excerpt":{"rendered":"","protected":false},"author":3,"featured_media":3316,"comment_status":"closed","ping_status":"closed","sticky":false,"template":"","format":"standard","meta":{"_lmt_disableupdate":"","_lmt_disable":"","footnotes":""},"categories":[19],"tags":[],"class_list":["post-7670","post","type-post","status-publish","format-standard","has-post-thumbnail","hentry","category-ogloszenia"],"_links":{"self":[{"href":"https:\/\/swiety-jozef.pl\/index.php\/wp-json\/wp\/v2\/posts\/7670","targetHints":{"allow":["GET"]}}],"collection":[{"href":"https:\/\/swiety-jozef.pl\/index.php\/wp-json\/wp\/v2\/posts"}],"about":[{"href":"https:\/\/swiety-jozef.pl\/index.php\/wp-json\/wp\/v2\/types\/post"}],"author":[{"embeddable":true,"href":"https:\/\/swiety-jozef.pl\/index.php\/wp-json\/wp\/v2\/users\/3"}],"replies":[{"embeddable":true,"href":"https:\/\/swiety-jozef.pl\/index.php\/wp-json\/wp\/v2\/comments?post=7670"}],"version-history":[{"count":4,"href":"https:\/\/swiety-jozef.pl\/index.php\/wp-json\/wp\/v2\/posts\/7670\/revisions"}],"predecessor-version":[{"id":7675,"href":"https:\/\/swiety-jozef.pl\/index.php\/wp-json\/wp\/v2\/posts\/7670\/revisions\/7675"}],"wp:featuredmedia":[{"embeddable":true,"href":"https:\/\/swiety-jozef.pl\/index.php\/wp-json\/wp\/v2\/media\/3316"}],"wp:attachment":[{"href":"https:\/\/swiety-jozef.pl\/index.php\/wp-json\/wp\/v2\/media?parent=7670"}],"wp:term":[{"taxonomy":"category","embeddable":true,"href":"https:\/\/swiety-jozef.pl\/index.php\/wp-json\/wp\/v2\/categories?post=7670"},{"taxonomy":"post_tag","embeddable":true,"href":"https:\/\/swiety-jozef.pl\/index.php\/wp-json\/wp\/v2\/tags?post=7670"}],"curies":[{"name":"wp","href":"https:\/\/api.w.org\/{rel}","templated":true}]}}