{"id":7243,"date":"2023-05-13T20:02:00","date_gmt":"2023-05-13T18:02:00","guid":{"rendered":"https:\/\/swiety-jozef.pl\/?p=7243"},"modified":"2023-05-21T00:29:52","modified_gmt":"2023-05-20T22:29:52","slug":"intencje-mszalne-14-05-21-05-2023-r","status":"publish","type":"post","link":"https:\/\/swiety-jozef.pl\/index.php\/2023\/05\/13\/intencje-mszalne-14-05-21-05-2023-r\/","title":{"rendered":"Intencje mszalne 14.05-21.05.2023 r."},"content":{"rendered":"<p><!--more--><\/p>\n\n\n<p class=\"has-text-align-center has-vivid-red-color has-text-color\"><strong>Niedziela 14.05.2023r.<\/strong><\/p>\n\n\n\n<p><strong>7<\/strong><sup><strong>30<\/strong><\/sup> <strong>1. <\/strong>+ Edmund Wojtysiak (14 greg)<\/p>\n\n\n\n<p><strong>2.<\/strong> + Karolina Kope\u0107 \u2013 23 r. \u015bm, oraz ++ z rodz.: + Stanis\u0142aw, + Henryk, +&nbsp;Teresa, + Jan<\/p>\n\n\n\n<p><strong>9<\/strong><sup><strong>30<\/strong> <\/sup><strong>1. <\/strong>Dz.: Zofia Kope\u0107 i Zofia Drobnicka \u2013 z okazji im. \u2013 int. od R\u00f3\u017cy Niepokalanego Serca NMP<\/p>\n\n\n\n<p><strong>2.<\/strong> Dz.: Zofia \u2013 z ok.60 r. ur. \u2013 int. od dzieci i m\u0119\u017ca<\/p>\n\n\n\n<p><strong>11<\/strong><sup><strong>00<\/strong><\/sup> <strong>1. <\/strong>+ Kazimiera Binczarowska \u2013 6 r. \u015bm. oraz ++ z rodz.<\/p>\n\n\n\n<p><strong>2. <\/strong>Dz.: Antoni i Ewa \u2013 7 r. ur. \u2013 z pro\u015bb\u0105 o Bo\u017ce b\u0142. i dary Ducha \u015awi\u0119tego<\/p>\n\n\n\n<p><strong>12<\/strong><sup><strong>30<\/strong><\/sup><sup> <\/sup><strong>1.<\/strong> + Ryszard Mazurek<\/p>\n\n\n\n<p><strong>2.<\/strong> + Czes\u0142awa (k) i + Boles\u0142aw Wojtu\u015bciszyn i ++ z rodz.<\/p>\n\n\n\n<p><strong>3.<\/strong> + Danuta P\u0119pkowska \u2013 30 dzie\u0144 po \u015bm.<\/p>\n\n\n\n<p><strong>14<\/strong><sup><strong>00<\/strong><\/sup> <strong>1.<\/strong> + Zofia, + Sabina, + Tadeusz Matusiak<\/p>\n\n\n\n<p><strong>18<\/strong><sup><strong>30<\/strong><\/sup> <strong>1. <\/strong>+ Zofia, + Antoni, + Stanis\u0142aw, + Genowefa, + Les\u0142aw Ostojscy<\/p>\n\n\n\n<p class=\"has-text-align-center has-vivid-red-color has-text-color\"><strong>Poniedzia\u0142ek 15.05.2023r.<\/strong><\/p>\n\n\n\n<p><strong>7<\/strong><sup><strong>00<\/strong><\/sup><sup> <\/sup><strong>1.<\/strong> Dz.: Zofia Wojciechowska \u2013 z okazji im.<\/p>\n\n\n\n<p><strong>2.<\/strong> + Edmund Wojtysiak (15 greg)<\/p>\n\n\n\n<p><strong>18<\/strong><sup><strong>00<\/strong><\/sup><sup> <\/sup><strong>1.<\/strong> + Zofia Grzelka (z okazji im.)<\/p>\n\n\n\n<p><strong>2.<\/strong> + Stanis\u0142awa (k) \u2013 5 r. \u015bm. \u2013 o dar nieba<\/p>\n\n\n\n<p class=\"has-text-align-center has-vivid-red-color has-text-color\"><strong>Wtorek 16.05.2023r.<\/strong><\/p>\n\n\n\n<p><strong>7<\/strong><sup><strong>00<\/strong><\/sup><sup> <\/sup><strong>1. <\/strong>+ s. Krystyna<\/p>\n\n\n\n<p><strong>2.<\/strong> + Edmund Wojtysiak (16 greg)<\/p>\n\n\n\n<p><strong>12<\/strong><sup><strong>00 <\/strong><\/sup><em>KSP<\/em><\/p>\n\n\n\n<p><strong>18<\/strong><sup><strong>00<\/strong><\/sup><sup> <\/sup><strong>1.<\/strong> Dz.: ks. Andrzej Drutel \u2013 z okazji im. \u2013 o Bo\u017ce b\u0142., opiek\u0119 MB i&nbsp;\u0142ask\u0119 zdrowia<\/p>\n\n\n\n<p class=\"has-text-align-center has-vivid-red-color has-text-color\"><strong>\u015aroda 17.05.2023r.<\/strong><\/p>\n\n\n\n<p><strong>7<\/strong><sup><strong>00<\/strong><\/sup><sup> <\/sup><strong>1.<\/strong> W int. sprz\u0105taj\u0105cych ko\u015bci\u00f3\u0142 z ul. Sienkiewicza nr parzyste 2-42, jednej osoby ch\u0119tnej i ich rodzin<\/p>\n\n\n\n<p><strong>2.<\/strong> + Edmund Wojtysiak (17 greg)<\/p>\n\n\n\n<p><strong>18<\/strong><sup><strong>00<\/strong><\/sup><sup> <\/sup><strong>1.<\/strong> W int. czcicieli MB Nieustaj\u0105cej Pomocy i \u015bw. J\u00f3zefa<\/p>\n\n\n\n<p><strong>2.<\/strong> + Helena Zawadzka \u2013 int. od c\u00f3rki Krystyna z rodz.<\/p>\n\n\n\n<p class=\"has-text-align-center has-vivid-red-color has-text-color\"><strong>Czwartek 18.05.2023r.<\/strong><\/p>\n\n\n\n<p><strong>7<\/strong><sup><strong>00<\/strong><\/sup><sup> <\/sup><strong>1.<\/strong> + Edmund Wojtysiak (18 greg)<\/p>\n\n\n\n<p><strong>2.<\/strong> <em><strong>intencja wolna<\/strong><\/em><\/p>\n\n\n\n<p><strong>18<\/strong><sup><strong>00<\/strong><\/sup><sup> <\/sup><strong>1.<\/strong> + Jadwiga, + Czes\u0142aw Trajkowski, + Maria, + Antoni Dub\u00f3w<\/p>\n\n\n\n<p><strong>2.<\/strong> <em><strong>intencja wolna<\/strong><\/em><\/p>\n\n\n\n<p class=\"has-text-align-center has-vivid-red-color has-text-color\"><strong>Pi\u0105tek 19.05.2023r<\/strong><\/p>\n\n\n\n<p><strong>7<\/strong><sup><strong>00<\/strong><\/sup><sup> <\/sup><strong>1.<\/strong> + Zbigniew St\u0119pniak \u2013 8 r. \u015bm.<\/p>\n\n\n\n<p><strong>2.<\/strong> + Edmund Wojtysiak (19 greg)<\/p>\n\n\n\n<p><strong>18<\/strong><sup><strong>00<\/strong><\/sup><sup> <\/sup><strong>1.<\/strong> O \u0142ask\u0119 zdrowia dla Anny<\/p>\n\n\n\n<p><strong>2.<\/strong> + Edward i + Janina Woroch oraz + Michael Szmicci, + Bo\u017cena Woroch<\/p>\n\n\n\n<p class=\"has-text-align-center has-vivid-red-color has-text-color\"><strong>Sobota 20.05.2023r.<\/strong><\/p>\n\n\n\n<p><strong>7<\/strong><sup><strong>00<\/strong><\/sup><sup> <\/sup><strong>1.<\/strong> + Edmund Wojtysiak (20 greg)<\/p>\n\n\n\n<p><strong>18<\/strong><sup><strong>00<\/strong><\/sup><sup> <\/sup><strong>1.<\/strong> Dz.: w int. wnuk\u00f3w: Matylda \u2013 1 r. ur., Jan \u2013 5 r. ur., Zofia \u2013 8 r. ur. \u2013 o Bo\u017ce b\u0142.<\/p>\n\n\n\n<p><strong>2.<\/strong> + \u0141ucja Tkacz \u2013 14 r. \u015bm., + W\u0142adys\u0142aw Tkacz \u2013 17 r. \u015bm.<\/p>\n\n\n\n<p class=\"has-text-align-center has-vivid-red-color has-text-color\"><strong>Niedziela 21.05.2023r.<\/strong><\/p>\n\n\n\n<p><strong>7<\/strong><sup><strong>30<\/strong><\/sup> <strong>1. <\/strong>+ Edmund Wojtysiak (21 greg)<\/p>\n\n\n\n<p><strong>2.<\/strong> Dz.: Kazimiera (k) \u2013 87 r. ur.<\/p>\n\n\n\n<p><strong>9<\/strong><sup><strong>30<\/strong><\/sup><sup> <\/sup><strong>1. <\/strong>Dz.: Danuta i Lech Urliccy 52 r. \u015bl. i o szcz\u0119\u015bliw\u0105 operacj\u0119 dla \u017cony<\/p>\n\n\n\n<p><strong>2.<\/strong> + Zofia \u0141awniczak \u2013 20 r. \u015bm., + Stanis\u0142aw \u0141awniczak \u2013 33 r. \u015bm., +&nbsp;Edmund Grabarski \u2013 11 r. \u015bm.<\/p>\n\n\n\n<p><strong>11<\/strong><sup><strong>00<\/strong><\/sup> <strong>1. I Komunia \u015aw. \u2013 SP nr 8 kl. 3A i 3B<\/strong><\/p>\n\n\n\n<p><strong>2. <\/strong>+ Bogdan \u2013 4 r. \u015bm. i ++ z rodz.: S\u0142odownik, Kobierskich, Wr\u00f3blewskich<\/p>\n\n\n\n<p><strong>12<\/strong><sup><strong>30<\/strong><\/sup><sup> <\/sup><strong>1.<\/strong> <strong>I Komunia \u015aw. \u2013 SP nr 8 kl. 3C i 3D<\/strong><\/p>\n\n\n\n<p><strong>2.<\/strong> + Janusz Kami\u0144ski \u2013 4 r. \u015bm., ++ z rodz. Kami\u0144skich i Komar<\/p>\n\n\n\n<p><strong>3.<\/strong> + Aleksander Szyszko \u2013 1 r. \u015bm., + Henryka (k) Szyszko \u2013 9 r. \u015bm.<\/p>\n\n\n\n<p><strong>14<\/strong><sup><strong>00<\/strong><\/sup> <strong>1.<\/strong> + Kazimierz Kami\u0144ski \u2013 3 r. \u015bm.<\/p>\n\n\n\n<p><strong>2.<\/strong> Dz. Zuzanna Kisielewicz \u2013 3 r. ur.<\/p>\n\n\n\n<p><em>CHRZEST:<\/em> Miko\u0142aj Stasik<\/p>\n\n\n\n<p><a><\/a> <strong>18<\/strong><sup><strong>30<\/strong><\/sup> <strong>1. <\/strong>+ Janina Borowczyk \u2013 1 r. \u015bm., ++ z rodz.: Borowczyk, Bazelak, Grzywa, Ma\u0144czak<\/p>\n","protected":false},"excerpt":{"rendered":"","protected":false},"author":4,"featured_media":4429,"comment_status":"closed","ping_status":"closed","sticky":false,"template":"","format":"standard","meta":{"_lmt_disableupdate":"","_lmt_disable":"","footnotes":""},"categories":[20],"tags":[],"class_list":["post-7243","post","type-post","status-publish","format-standard","has-post-thumbnail","hentry","category-intencje"],"_links":{"self":[{"href":"https:\/\/swiety-jozef.pl\/index.php\/wp-json\/wp\/v2\/posts\/7243","targetHints":{"allow":["GET"]}}],"collection":[{"href":"https:\/\/swiety-jozef.pl\/index.php\/wp-json\/wp\/v2\/posts"}],"about":[{"href":"https:\/\/swiety-jozef.pl\/index.php\/wp-json\/wp\/v2\/types\/post"}],"author":[{"embeddable":true,"href":"https:\/\/swiety-jozef.pl\/index.php\/wp-json\/wp\/v2\/users\/4"}],"replies":[{"embeddable":true,"href":"https:\/\/swiety-jozef.pl\/index.php\/wp-json\/wp\/v2\/comments?post=7243"}],"version-history":[{"count":2,"href":"https:\/\/swiety-jozef.pl\/index.php\/wp-json\/wp\/v2\/posts\/7243\/revisions"}],"predecessor-version":[{"id":7251,"href":"https:\/\/swiety-jozef.pl\/index.php\/wp-json\/wp\/v2\/posts\/7243\/revisions\/7251"}],"wp:featuredmedia":[{"embeddable":true,"href":"https:\/\/swiety-jozef.pl\/index.php\/wp-json\/wp\/v2\/media\/4429"}],"wp:attachment":[{"href":"https:\/\/swiety-jozef.pl\/index.php\/wp-json\/wp\/v2\/media?parent=7243"}],"wp:term":[{"taxonomy":"category","embeddable":true,"href":"https:\/\/swiety-jozef.pl\/index.php\/wp-json\/wp\/v2\/categories?post=7243"},{"taxonomy":"post_tag","embeddable":true,"href":"https:\/\/swiety-jozef.pl\/index.php\/wp-json\/wp\/v2\/tags?post=7243"}],"curies":[{"name":"wp","href":"https:\/\/api.w.org\/{rel}","templated":true}]}}