{"id":7188,"date":"2023-04-08T21:12:00","date_gmt":"2023-04-08T19:12:00","guid":{"rendered":"https:\/\/swiety-jozef.pl\/?p=7188"},"modified":"2023-05-21T00:39:36","modified_gmt":"2023-05-20T22:39:36","slug":"intencje-mszalne-09-04-16-04-23","status":"publish","type":"post","link":"https:\/\/swiety-jozef.pl\/index.php\/2023\/04\/08\/intencje-mszalne-09-04-16-04-23\/","title":{"rendered":"Intencje Mszalne 09.04-16.04.23"},"content":{"rendered":"<p><!--more--><\/p>\n\n\n<p class=\"has-vivid-red-color has-text-color\"><strong>Niedziela Zmartwychwstania 09.04.2023r.<\/strong><\/p>\n\n\n\n<p><strong>6<\/strong><sup><strong>00<\/strong><\/sup> <strong>1. <\/strong>+ Iwona Sebastian \u2013 z ok. ur. \u2013 int. od m\u0119\u017ca<\/p>\n\n\n\n<p><strong>2.<\/strong> + Marianna Gerlach (2 greg)<\/p>\n\n\n\n<p><strong>9<\/strong><sup><strong>30<\/strong><\/sup><sup> <\/sup><strong>1. <\/strong>+ W\u0142adys\u0142aw Szlachetka \u2013 4 r. \u015bm.<\/p>\n\n\n\n<p><strong>2.<\/strong> + Franciszka (k) i + Stanis\u0142aw Wilgosz, + Cecylia Kunert \u2013 2 r. \u015bm.,<\/p>\n\n\n\n<p><strong>11<\/strong><sup><strong>00<\/strong><\/sup> <strong>1. <\/strong>Dz.: Miros\u0142awa (k) i Ireneusz Ilniccy \u2013 40 r. \u015bl.<\/p>\n\n\n\n<p><strong>2. <\/strong>+ Stanis\u0142aw D\u0105browski<\/p>\n\n\n\n<p><strong>3. <\/strong>+ Jan Duda \u2013 6 r. \u015bm.<\/p>\n\n\n\n<p><strong>12<\/strong><sup><strong>30<\/strong><\/sup><sup> <\/sup><strong>1.<\/strong> + Marianna i + Jan Dudziak<\/p>\n\n\n\n<p><strong>2.<\/strong> + Bronis\u0142awa (k), + Marian Tyrakowscy i ++ z rodz. <em>Chrzest: <\/em>Maksymilian Doszczak<\/p>\n\n\n\n<p><strong>14<\/strong><sup><strong>00<\/strong><\/sup> <strong>1.<\/strong> + Tadeusz Jo\u0144ski \u2013 1 r. \u015bm.<\/p>\n\n\n\n<p><strong>2. <\/strong>+ Joanna Turok\u2013 12 r. \u015bm. i ++ z rodz.<\/p>\n\n\n\n<p><strong>18<\/strong><sup><strong>30<\/strong><\/sup> <strong>1. <\/strong>+ Roman Burzymski \u2013 14 r. \u015bm.<\/p>\n\n\n\n<p class=\"has-vivid-red-color has-text-color\"><strong>Poniedzia\u0142ek Wielkanocny 10.04.2023r.<\/strong><\/p>\n\n\n\n<p><strong>7<\/strong><sup><strong>30<\/strong><\/sup> <strong>1. <\/strong>+ Marianna Gerlach (2 greg)<\/p>\n\n\n\n<p><strong>9<\/strong><sup><strong>30<\/strong><\/sup><sup> <\/sup><strong>1. <\/strong>+ Czes\u0142aw Szyma\u0144ski \u2013 17 r. \u015bm., + Helena Urba\u0144ska<\/p>\n\n\n\n<p><strong>11<\/strong><sup><strong>00<\/strong><\/sup> <strong>1. <\/strong>+ Kazimiera Majewska<\/p>\n\n\n\n<p><strong>2. <\/strong>+ Adam, + Danuta, + Pawe\u0142 Kolender oraz ++ rodzice: + Augustyn i + Maria Kolender<\/p>\n\n\n\n<p><strong>12<\/strong><sup><strong>30<\/strong><\/sup><sup> <\/sup><strong>1.<\/strong> Dz.: Kazimiera \u2013 81 r. ur. oraz Aleksander \u2013 4 r. ur.<\/p>\n\n\n\n<p><strong>2.<\/strong> + Miko\u0142aj, + Katarzyna, + Lech Kub\u00f3w<\/p>\n\n\n\n<p><strong>3.<\/strong> + \u0141ucja, + Tadeusz i ++ z rodz. Olbert<\/p>\n\n\n\n<p><strong>14<\/strong><sup><strong>00<\/strong><\/sup> <strong>1.<\/strong> + J\u00f3zefa (k), + Czes\u0142aw Mejnarowicz, oraz + Aniela, + Ignacy Matyja i ++ z rodzin<\/p>\n\n\n\n<p><strong>18<\/strong><sup><strong>30<\/strong><\/sup> <strong>1. <\/strong>Dz.: Anna i Marlena \u2013 o Bo\u017ce b\u0142ogos\u0142awie\u0144stwo i zdrowie<\/p>\n\n\n\n<p class=\"has-vivid-red-color has-text-color\"><strong>Wtorek 11.04.2023r.<\/strong><\/p>\n\n\n\n<p><strong>7<\/strong><sup><strong>00<\/strong><\/sup><sup> <\/sup><strong>1. <\/strong>+ Marianna Gerlach (4 greg)<\/p>\n\n\n\n<p><em><strong>2. intencja wolna<\/strong><\/em><\/p>\n\n\n\n<p><strong>18<\/strong><sup><strong>00<\/strong><\/sup><sup> <\/sup><strong>1.<\/strong> Dz.: Tomasz \u2013 45 r. ur.<\/p>\n\n\n\n<p class=\"has-vivid-red-color has-text-color\"><strong>\u015aroda 12.04.2023r.<\/strong><\/p>\n\n\n\n<p><strong>7<\/strong><sup><strong>00<\/strong><\/sup><sup> <\/sup><strong>1.<\/strong> + Marianna Gerlach (5 greg)<\/p>\n\n\n\n<p><em><strong>2. intencja wolna<\/strong><\/em><\/p>\n\n\n\n<p><strong>18<\/strong><sup><strong>00<\/strong><\/sup><sup> <\/sup><strong>1.<\/strong> + Stanis\u0142aw Manoryk \u2013 23 r. \u015bm., + Czes\u0142aw Nowek \u2013 15 r. \u015bm.<\/p>\n\n\n\n<p><strong>2.<\/strong> + Sebastian Zar\u0119ba \u2013 2 r. \u015bm.<\/p>\n\n\n\n<p class=\"has-vivid-red-color has-text-color\"><strong>Czwartek 13.04.2023r.<\/strong><\/p>\n\n\n\n<p><strong>7<\/strong><sup><strong>00<\/strong><\/sup><sup> <\/sup><strong>1.<\/strong> + Marianna Gerlach (6 greg)<\/p>\n\n\n\n<p><strong>2.<\/strong> W int. sprz\u0105taj\u0105cych ko\u015bci\u00f3\u0142 z ul. 1 Maja nr 5 i 7, dw\u00f3ch os\u00f3b ch\u0119tnych i ich rodzin<\/p>\n\n\n\n<p><strong>18<\/strong><sup><strong>00<\/strong><\/sup><sup> <\/sup><strong>1.<\/strong> + J\u00f3zef Bil \u2013 1 r. \u015bm.<\/p>\n\n\n\n<p><strong>2<\/strong>. <em><strong>intencja wolna<\/strong><\/em><\/p>\n\n\n\n<p class=\"has-vivid-red-color has-text-color\"><strong>Pi\u0105tek 14.04.2023r<\/strong><\/p>\n\n\n\n<p><strong>7<\/strong><sup><strong>00<\/strong><\/sup><sup> <\/sup><strong>1.<\/strong> + Marianna Gerlach (7 greg)<\/p>\n\n\n\n<p><strong>2.<\/strong> W int. ks. Proboszcza Krzysztofa \u2013 z racji 5 rocznicy pasterskiej s\u0142u\u017cby w naszej parafii \u2013 int. od Si\u00f3str S\u0142ug Jezusa<\/p>\n\n\n\n<p><strong>18<\/strong><sup><strong>00<\/strong><\/sup><sup> <\/sup><strong>1.<\/strong> + Marian \u2013 17 r. \u015bm.<\/p>\n\n\n\n<p><strong>2.<\/strong> + Edmund Janus \u2013 18 r. \u015bm.<\/p>\n\n\n\n<p class=\"has-vivid-red-color has-text-color\"><strong>Sobota 15.04.2023r.<\/strong><\/p>\n\n\n\n<p><strong>7<\/strong><sup><strong>00<\/strong><\/sup><sup> <\/sup><strong>1.<\/strong> + Marianna Gerlach (8 greg)<\/p>\n\n\n\n<p><em><strong>2. intencja wolna<\/strong><\/em><\/p>\n\n\n\n<p><strong>18<\/strong><sup><strong>00<\/strong><\/sup><sup> <\/sup><strong>1.<\/strong> Dz.: Krystyna \u2013 90 r. ur.<\/p>\n\n\n\n<p><strong>2.<\/strong> + Jadwiga, + Leon oraz ++ z rodz.: Wi\u015bniewskich i St\u0119pkowskich<\/p>\n\n\n\n<p class=\"has-vivid-red-color has-text-color\"><strong>Niedziela Mi\u0142osierdzia 16.04.2023r.<\/strong><\/p>\n\n\n\n<p><strong>7<\/strong><sup><strong>30<\/strong><\/sup> <strong>1. <\/strong>Dz.: Julia Klamecka \u2013 z okazji ur. i im.<\/p>\n\n\n\n<p><strong>2.<\/strong> + Marianna Gerlach (9 greg)<\/p>\n\n\n\n<p><strong>9<\/strong><sup><strong>30<\/strong><\/sup><sup> <\/sup><strong>1. <\/strong>Dz.: Maria Marczenia \u2013 z okazji im., o \u0142aski zdrowia i Bo\u017ce b\u0142ogos\u0142awie\u0144stwo \u2013 int. od R\u00f3\u017cy Niepokalanego Serca NMP<\/p>\n\n\n\n<p><strong>2.<\/strong> Dz.: w int. wnuk\u00f3w: Marta, Wojciech i Bartosz<\/p>\n\n\n\n<p><strong>11<\/strong><sup><strong>00<\/strong><\/sup> <strong>1. <\/strong>Dz.: Czes\u0142awa i Wojciech Heli\u0144scy \u2013 38 r. \u015bl.<\/p>\n\n\n\n<p><strong>2. <\/strong>Dz.: Urszula \u2013 z okazji ur. i r. \u015bl.<\/p>\n\n\n\n<p><strong>3. <\/strong>+ J\u00f3zef Probola<\/p>\n\n\n\n<p><strong>12<\/strong><sup><strong>30<\/strong><\/sup><sup> <\/sup><strong>1.<\/strong> + Anna Ho\u0142tyn<\/p>\n\n\n\n<p><strong>2.<\/strong> + Anna i + Micha\u0142 Mazur oraz ++ z rodz. <em>Chrzty:<\/em> Aleksander Przytomski, Oskar Kondracki, Natan Giza<\/p>\n\n\n\n<p><strong>14<\/strong><sup><strong>00<\/strong><\/sup> <strong>1.<\/strong> + Rafa\u0142 Mrowi\u0144ski \u2013 2 r. \u015bm.<\/p>\n\n\n\n<p><strong>2. <\/strong>+Marianna \u017bygad\u0142o \u2013 30 r. \u015bm., i ++ z rodz.<\/p>\n\n\n\n<p><strong>18<\/strong><sup><strong>30<\/strong><\/sup> <strong>1. <\/strong>+Jan Szpigun \u2013 5 r. \u015bm., + Adela, + J\u00f3zef, + Zbigniew oraz ++ z rodz. Ju\u015bkiewicz<\/p>\n","protected":false},"excerpt":{"rendered":"","protected":false},"author":4,"featured_media":4429,"comment_status":"closed","ping_status":"closed","sticky":false,"template":"","format":"standard","meta":{"_lmt_disableupdate":"","_lmt_disable":"","footnotes":""},"categories":[20],"tags":[],"class_list":["post-7188","post","type-post","status-publish","format-standard","has-post-thumbnail","hentry","category-intencje"],"_links":{"self":[{"href":"https:\/\/swiety-jozef.pl\/index.php\/wp-json\/wp\/v2\/posts\/7188","targetHints":{"allow":["GET"]}}],"collection":[{"href":"https:\/\/swiety-jozef.pl\/index.php\/wp-json\/wp\/v2\/posts"}],"about":[{"href":"https:\/\/swiety-jozef.pl\/index.php\/wp-json\/wp\/v2\/types\/post"}],"author":[{"embeddable":true,"href":"https:\/\/swiety-jozef.pl\/index.php\/wp-json\/wp\/v2\/users\/4"}],"replies":[{"embeddable":true,"href":"https:\/\/swiety-jozef.pl\/index.php\/wp-json\/wp\/v2\/comments?post=7188"}],"version-history":[{"count":2,"href":"https:\/\/swiety-jozef.pl\/index.php\/wp-json\/wp\/v2\/posts\/7188\/revisions"}],"predecessor-version":[{"id":7190,"href":"https:\/\/swiety-jozef.pl\/index.php\/wp-json\/wp\/v2\/posts\/7188\/revisions\/7190"}],"wp:featuredmedia":[{"embeddable":true,"href":"https:\/\/swiety-jozef.pl\/index.php\/wp-json\/wp\/v2\/media\/4429"}],"wp:attachment":[{"href":"https:\/\/swiety-jozef.pl\/index.php\/wp-json\/wp\/v2\/media?parent=7188"}],"wp:term":[{"taxonomy":"category","embeddable":true,"href":"https:\/\/swiety-jozef.pl\/index.php\/wp-json\/wp\/v2\/categories?post=7188"},{"taxonomy":"post_tag","embeddable":true,"href":"https:\/\/swiety-jozef.pl\/index.php\/wp-json\/wp\/v2\/tags?post=7188"}],"curies":[{"name":"wp","href":"https:\/\/api.w.org\/{rel}","templated":true}]}}