{"id":7070,"date":"2023-02-18T21:50:25","date_gmt":"2023-02-18T20:50:25","guid":{"rendered":"https:\/\/swiety-jozef.pl\/?p=7070"},"modified":"2023-02-18T21:50:26","modified_gmt":"2023-02-18T20:50:26","slug":"apel-przewodniczacego-episkopatu-w-zwiazku-z-pierwsza-rocznica-wojny-w-ukrainie","status":"publish","type":"post","link":"https:\/\/swiety-jozef.pl\/index.php\/2023\/02\/18\/apel-przewodniczacego-episkopatu-w-zwiazku-z-pierwsza-rocznica-wojny-w-ukrainie\/","title":{"rendered":"Apel Przewodnicz\u0105cego Episkopatu w zwi\u0105zku z pierwsz\u0105 rocznic\u0105 wojny w Ukrainie"},"content":{"rendered":"\n<!--more-->\n\n\n\n<div style=\"height:24px\" aria-hidden=\"true\" class=\"wp-block-spacer\"><\/div>\n\n\n\n<p class=\"has-text-align-center\"><strong><strong>APEL<br>PRZEWODNICZ\u0104CEGO KONFERENCJI EPISKOPATU POLSKI<br>W ZWI\u0104ZKU Z PIERWSZ\u0104 ROCZNIC\u0104\u00a0AGRESJI ROSYJSKIEJ NA UKRAIN\u0118<\/strong><\/strong><\/p>\n\n\n\n<div style=\"height:25px\" aria-hidden=\"true\" class=\"wp-block-spacer\"><\/div>\n\n\n\n<p>W pi\u0105tek 24 lutego br. minie rok od zbrodniczej napa\u015bci Rosji na Ukrain\u0119. Do tej pory wojna poch\u0142on\u0119\u0142a setki tysi\u0119cy os\u00f3b, nie tylko \u017co\u0142nierzy, ale r\u00f3wnie\u017c cywil\u00f3w, w tym kobiety, dzieci i osoby starsze. Miliony os\u00f3b straci\u0142y domy i zosta\u0142y zmuszone do ucieczki w poszukiwaniu pomocy i bezpiecznego schronienia.<\/p>\n\n\n\n<p>W ewangelicznym ge\u015bcie mi\u0142osiernego samarytanina, otworzyli\u015bmy z hojno\u015bci\u0105 nasze domy i serca. Granice Polski przekroczy\u0142o 8,5 mln uchod\u017ac\u00f3w wojennych, a du\u017ca cz\u0119\u015b\u0107 z nich znalaz\u0142a w naszej ojczy\u017anie pomoc i schronienie. Osoby prywatne oraz instytucje przyst\u0105pi\u0142y do niesienia pomocy potrzebuj\u0105cym.<\/p>\n\n\n\n<p>Ko\u015bci\u00f3\u0142 w Polsce, za po\u015brednictwem Caritas Polska i Caritas diecezjalnych udzieli\u0142 wsparcia w r\u00f3\u017cnej formie ponad 2 mln uchod\u017ac\u00f3w. Warto\u015b\u0107 pomocy w&nbsp;postaci udzielenia schronienia, posi\u0142k\u00f3w, paczek \u017cywno\u015bciowych i dar\u00f3w rzeczowych oraz wsparcia integracyjnego wynios\u0142a ok. 337 mln z\u0142. Od pierwszych dni wojny Caritas udziela wsparcia rzeczowego w Ukrainie, wysy\u0142aj\u0105c transporty pomocy humanitarnej o warto\u015bci ok. 260 mln z\u0142.<\/p>\n\n\n\n<p>Po roku bohaterskiej obrony Ukrainy wojna trwa nadal, przynosz\u0105c kolejne ofiary i dalsze zniszczenia. Ukrai\u0144cy wci\u0105\u017c potrzebuj\u0105 naszej pomocy. Z tego powodu, zwracam si\u0119 z apelem do ksi\u0119\u017cy biskup\u00f3w, kap\u0142an\u00f3w, os\u00f3b \u017cycia konsekrowanego i wszystkich wiernych \u015bwieckich, aby w pi\u0105tek 24 lutego br. we&nbsp;wszystkich ko\u015bcio\u0142ach w Polsce wznie\u015b\u0107 modlitwy w intencji sprawiedliwego pokoju w Ukrainie, a w niedziel\u0119 26 lutego br., po ka\u017cdej Mszy \u015awi\u0119tej,&nbsp; zorganizowa\u0107 zbi\u00f3rk\u0119 \u015brodk\u00f3w finansowych, kt\u00f3re za po\u015brednictwem Caritas Polska, zostan\u0105 przeznaczone na pomoc ofiarom wojny.<\/p>\n\n\n\n<p>Ufam, \u017ce dzi\u0119ki modlitwie \u2013 ju\u017c wkr\u00f3tce \u2013 b\u0119dziemy cieszy\u0107 si\u0119 sprawiedliwym pokojem w Ukrainie, a dzi\u0119ki naszemu wsparciu materialnemu, \u017caden z naszych braci i si\u00f3str Ukrai\u0144c\u00f3w nie pozostanie bez pomocy.<\/p>\n\n\n\n<div style=\"height:15px\" aria-hidden=\"true\" class=\"wp-block-spacer\"><\/div>\n\n\n\n<p class=\"has-text-align-center\">+ Stanis\u0142aw G\u0105decki<br><em>Arcybiskup Metropolita Pozna\u0144ski<br>Przewodnicz\u0105cy Konferencji Episkopatu Polski<\/em><\/p>\n\n\n\n<div style=\"height:40px\" aria-hidden=\"true\" class=\"wp-block-spacer\"><\/div>\n","protected":false},"excerpt":{"rendered":"","protected":false},"author":3,"featured_media":4358,"comment_status":"closed","ping_status":"closed","sticky":false,"template":"","format":"standard","meta":{"_lmt_disableupdate":"","_lmt_disable":"","footnotes":""},"categories":[1],"tags":[],"class_list":["post-7070","post","type-post","status-publish","format-standard","has-post-thumbnail","hentry","category-bez-kategorii"],"_links":{"self":[{"href":"https:\/\/swiety-jozef.pl\/index.php\/wp-json\/wp\/v2\/posts\/7070","targetHints":{"allow":["GET"]}}],"collection":[{"href":"https:\/\/swiety-jozef.pl\/index.php\/wp-json\/wp\/v2\/posts"}],"about":[{"href":"https:\/\/swiety-jozef.pl\/index.php\/wp-json\/wp\/v2\/types\/post"}],"author":[{"embeddable":true,"href":"https:\/\/swiety-jozef.pl\/index.php\/wp-json\/wp\/v2\/users\/3"}],"replies":[{"embeddable":true,"href":"https:\/\/swiety-jozef.pl\/index.php\/wp-json\/wp\/v2\/comments?post=7070"}],"version-history":[{"count":2,"href":"https:\/\/swiety-jozef.pl\/index.php\/wp-json\/wp\/v2\/posts\/7070\/revisions"}],"predecessor-version":[{"id":7072,"href":"https:\/\/swiety-jozef.pl\/index.php\/wp-json\/wp\/v2\/posts\/7070\/revisions\/7072"}],"wp:featuredmedia":[{"embeddable":true,"href":"https:\/\/swiety-jozef.pl\/index.php\/wp-json\/wp\/v2\/media\/4358"}],"wp:attachment":[{"href":"https:\/\/swiety-jozef.pl\/index.php\/wp-json\/wp\/v2\/media?parent=7070"}],"wp:term":[{"taxonomy":"category","embeddable":true,"href":"https:\/\/swiety-jozef.pl\/index.php\/wp-json\/wp\/v2\/categories?post=7070"},{"taxonomy":"post_tag","embeddable":true,"href":"https:\/\/swiety-jozef.pl\/index.php\/wp-json\/wp\/v2\/tags?post=7070"}],"curies":[{"name":"wp","href":"https:\/\/api.w.org\/{rel}","templated":true}]}}