{"id":7046,"date":"2023-02-04T22:53:56","date_gmt":"2023-02-04T21:53:56","guid":{"rendered":"https:\/\/swiety-jozef.pl\/?p=7046"},"modified":"2023-02-12T10:25:13","modified_gmt":"2023-02-12T09:25:13","slug":"slowo-biskupa-na-swiatowy-dzien-chorego-2023-r","status":"publish","type":"post","link":"https:\/\/swiety-jozef.pl\/index.php\/2023\/02\/04\/slowo-biskupa-na-swiatowy-dzien-chorego-2023-r\/","title":{"rendered":"S\u0142owo Biskupa na \u015awiatowy Dzie\u0144 Chorego 2023 r."},"content":{"rendered":"\n<!--more-->\n\n\n\n<div style=\"height:25px\" aria-hidden=\"true\" class=\"wp-block-spacer\"><\/div>\n\n\n\n<p style=\"font-size:17px\">W zwi\u0105zku ze zbli\u017caj\u0105cym si\u0119 XXXI \u015bwiatowym Dniem Chorego bp Tadeusz Lity\u0144ski skierowa\u0142 s\u0142owo do diecezjan. List zostanie odczytany w ko\u015bcio\u0142ach ca\u0142ej diecezji podczas mszy \u015bw. sprawowanych w niedziel\u0119 5 lutego br.<\/p>\n\n\n\n<div style=\"height:20px\" aria-hidden=\"true\" class=\"wp-block-spacer\"><\/div>\n\n\n\n<p>Drodzy Diecezjanie,<br>w najbli\u017csz\u0105 sobot\u0119 11 lutego ju\u017c po raz trzydziesty pierwszy obchodzi\u0107 b\u0119dziemy ustanowiony przez \u015bw. Jana Paw\u0142a II \u015awiatowy Dzie\u0144 Chorego, kt\u00f3rego tegorocznym has\u0142em s\u0105 s\u0142owa: \u201eMiej o nim staranie\u201d. Papie\u017c Franciszek w napisanym z tej okazji Or\u0119dziu przypomina, \u017ce \u015awiatowy Dzie\u0144 Chorego \u201enie wzywa jedynie do modlitwy i blisko\u015bci z cierpi\u0105cymi\u201d, ale tak\u017ce do \u201erefleksji, \u017ce przez do\u015bwiadczenie s\u0142abo\u015bci i choroby mo\u017cemy nauczy\u0107 si\u0119 pod\u0105\u017ca\u0107 razem zgodnie ze stylem Boga, kt\u00f3ry jest blisko\u015bci\u0105, wsp\u00f3\u0142czuciem i czu\u0142o\u015bci\u0105\u201d. Z tej okazji jeste\u015bmy wezwani, by w do\u015bwiadczeniu choroby, zar\u00f3wno w\u0142asnej, jak i bli\u017aniego, ujrze\u0107 Bo\u017c\u0105 moc rodz\u0105c\u0105 \u015bwiat\u0142o i nadziej\u0119.<\/p>\n\n\n\n<p>Pierwsze czytanie daje dzi\u015b nam s\u0142owa proroka Izajasza, kt\u00f3ry prosi nas: \u201enie odwracaj si\u0119 od wsp\u00f3\u0142ziomk\u00f3w\u201d. Wype\u0142nienie tej postawy widzimy w \u017cyciu Jezusa, kt\u00f3ry nie przechodzi\u0142 oboj\u0119tnie obok tych, kt\u00f3rzy w do\u015bwiadczeniu swojego trudu, w tym te\u017c choroby potrzebowali tak bardzo blisko\u015bci i mi\u0142o\u015bci. Ta misja zosta\u0142a zlecona wsp\u00f3lnocie Ko\u015bcio\u0142a, gdy Chrystus pos\u0142a\u0142 swoich uczni\u00f3w z trzema, szczeg\u00f3lnymi wskazaniami: g\u0142o\u015bcie Ewangeli\u0119, uzdrawiajcie i wyp\u0119dzajcie z\u0142e duchy. Mo\u017ce rodzi\u0107 si\u0119 w nas pytanie, czy i my jeste\u015bmy w stanie dzi\u015b to czyni\u0107? Czy przez nas, kt\u00f3rzy przecie\u017c nie jeste\u015bmy idealni, tak cz\u0119sto przegrywamy z grzechem, mo\u017ce wydarzy\u0107 si\u0119 Bo\u017ca mi\u0142o\u015b\u0107? Pi\u0119knie, \u017ce Pan odpowiada nam na to w dzisiejszym, drugim czytaniu z Pierwszego Listu \u015bw. Paw\u0142a Aposto\u0142a do Koryntian. Pawe\u0142 pisze, \u017ce staje przed innymi nie tyle w poczuciu swojej wy\u017cszo\u015bci, idealizacji siebie. Wr\u0119cz przeciwnie \u2013 staje \u201ew s\u0142abo\u015bci i w boja\u017ani, i z wielkim dr\u017ceniem\u201d. Zobaczmy, jak w obliczu choroby i cierpienia ta postawa nie jest i nam obca, jak nieraz boimy si\u0119 stan\u0105\u0107 przy drugim cz\u0142owieku, bo mo\u017ce do ko\u0144ca nie wiemy, co mo\u017cemy da\u0107, jak si\u0119 zachowa\u0107\u2026 Pawe\u0142 mimo ludzkiego l\u0119ku wiedzia\u0142, \u017ce wsz\u0119dzie tam, gdzie wykracza poza siebie, tam dzia\u0142a przez niego B\u00f3g! Jego mowa, wypowiadane s\u0142owa nie tyle naznaczone s\u0105 wyszukan\u0105 m\u0105dro\u015bci\u0105, wykwintnymi argumentami, ale mi\u0142o\u015bci\u0105 i trosk\u0105, w kt\u00f3rych objawia si\u0119 duch i moc Bo\u017ca! B\u00f3g potrzebuje i nas w tym dziele, aby przez nas stawa\u0107 przy cierpi\u0105cych, aby nasza wiara by\u0142a dla nich nadziej\u0105, wsparciem, wyrwaniem z samotno\u015bci. Tak, jak w czasach ziemskiego \u017cycia Jezusa, tak i dzi\u015b wielu ludzi potrzebuje naszego wsparcia, \u015bwiadectwa wiary, by tak\u017ce ich serca otworzy\u0142y si\u0119 na Bo\u017c\u0105 moc, przyj\u0119\u0142y \u0142ask\u0119 wiary, prowadz\u0105c\u0105 do uzdrowienia, bo bez tego, jak pisa\u0142 papie\u017c Franciszek \u2013 choroba \u201emo\u017ce sta\u0107 si\u0119 czym\u015b nieludzkim\u201d.<\/p>\n\n\n\n<p>Misj\u0119 zawart\u0105 w Jezusowym wezwaniu: \u201euzdrawiajcie\u201d Ko\u015bci\u00f3\u0142 realizuje poprzez modlitw\u0119 i sakramenty uzdrowienia: Eucharysti\u0119, sakrament pokuty i pojednania oraz chorych. Droga do pe\u0142nego uzdrowienia prowadzi zawsze przez wiar\u0119. Przy wielu cudach Jezus m\u00f3wi\u0142: \u201etwoja wiara Ci\u0119 uzdrowi\u0142a\u201d. Wsz\u0119dzie jednak tam, gdzie brakuje wiary konkretnego cz\u0142owieka, z pomoc\u0105 przychodzi Ko\u015bci\u00f3\u0142, kt\u00f3ry niesie swoj\u0105 wiar\u0105. Cudownie ukazuje to biblijna scena, w kt\u00f3rej czterech m\u0119\u017cczyzn przynosi do Jezusa paralityka. Jak m\u00f3wi Pismo \u2013 Jezus widz\u0105c ich wiar\u0119, rzek\u0142 do sparali\u017cowanego: \u201ewsta\u0144, we\u017a swoje \u0142o\u017ce i id\u017a do domu\u201d. Do uzdrowienia chorego przyczyni\u0142a si\u0119 wiara Ko\u015bcio\u0142a, czyli tych, kt\u00f3rzy go przynie\u015bli, nie za\u015b wiara samego chorego. St\u0105d, kiedy brakuje nam wiary, mo\u017cemy oprze\u0107 si\u0119 na wsp\u00f3lnocie. Ta prawda pokazuje, jak wielk\u0105 moc maj\u0105 nasze wsp\u00f3lnoty, jak wielu mo\u017cemy wsp\u00f3lnie przyprowadza\u0107 do Chrystusa. \u015awiatowy Dzie\u0144 Chorego przypomina, \u017ce warto doprowadzi\u0107 do spotkania z mi\u0142o\u015bci\u0105 Boga mieszkaj\u0105cych wok\u00f3\u0142 nas chorych. Ten Dzie\u0144 uwra\u017cliwia nas co roku na dzia\u0142anie Ducha \u015awi\u0119tego w sakramencie chorych, kiedy przy namaszczeniu ksi\u0105dz m\u00f3wi: \u201ePrzez to \u015bwi\u0119te namaszczenie niech Pan w swoim niesko\u0144czonym mi\u0142osierdziu wspomo\u017ce ci\u0119 \u0142ask\u0105 Ducha \u015awi\u0119tego. Pan, kt\u00f3ry odpuszcza Ci grzechy, niech ci\u0119 wybawi i \u0142askawie pod\u017awignie\u201d. Warto pami\u0119ta\u0107 o tej \u0142asce dla nas, kiedy sami znajdujemy si\u0119 w podesz\u0142ym wieku, czeka nas operacja lub znajdujemy si\u0119 niebezpiecze\u0144stwie utraty zdrowia, lub \u015bmierci. Warto o tej \u0142asce pami\u0119ta\u0107 r\u00f3wnie\u017c dla tych, kt\u00f3rzy jak biblijny paralityk nie mog\u0105 ju\u017c sami dosta\u0107 si\u0119 do Jezusa. Nasza wiara, wiara i determinacja wsp\u00f3lnoty wierz\u0105cych tak cz\u0119sto mo\u017ce temu problemowi zaradzi\u0107.<\/p>\n\n\n\n<p>Jestem przekonany, \u017ce wielu z nas m\u00f3g\u0142by da\u0107 \u015bwiadectwo przejawu Bo\u017cej mocy w swoim \u017cyciu, opowiedzie\u0107 jak\u0105\u015b bolesn\u0105 sytuacj\u0119, w kt\u00f3rej si\u0119 modlili\u015bmy i doznali\u015bmy \u0142aski uzdrowienia, albo otrzymali\u015bmy si\u0142\u0119 do niesienia swojej choroby z pogod\u0105 ducha, poczuciem troski Boga. Z drugiej jednak strony s\u0105 i takie chwile, kiedy prze\u017cywany trud mo\u017ce nam przys\u0142oni\u0107 blisko\u015b\u0107 Pana. Pami\u0119tamy przecie\u017c w\u0119dr\u00f3wk\u0119 Izraelit\u00f3w przez pustyni\u0119, gdy tak \u0142atwo w ich serca wkracza\u0142o narzekanie, niezadowolenie, a nawet przeklinanie Boga\u2026 Takie, d\u0142ugotrwa\u0142e postawy mog\u0119 zamkn\u0105\u0107 nasze oczy na to, \u017ce Pan i w tych chwilach jest przy nas, mog\u0105 zamkn\u0105\u0107 nasze serca na Jego \u0142ask\u0119 i wsparcie, kt\u00f3re przynosi nam tak\u017ce przez drugiego cz\u0142owieka. Tym, co otwiera nas na Bo\u017c\u0105 moc i uzdrowienie to przede wszystkim modlitwa uwielbienia i wdzi\u0119czno\u015bci. M\u00f3g\u0142by kto\u015b jednak powiedzie\u0107, \u017ce dzi\u0119kowa\u0107 mo\u017ce ten, komu \u017cycie si\u0119 u\u0142o\u017cy\u0142o, ma zdrowie i kochaj\u0105c\u0105 si\u0119 rodzin\u0119. Je\u017celi potrafimy jednak uwielbia\u0107 Boga pomimo r\u00f3\u017cnych trudno\u015bci, do\u015bwiadczanego b\u00f3lu, czy raczej jeszcze bardziej w tym b\u00f3lu, wtedy moc Bo\u017ca wtedy pot\u0119\u017cnie przejawia si\u0119 w naszym \u017cyciu, daj\u0105c si\u0142y do d\u017awigania krzy\u017ca. \u015aw. Pawe\u0142 w 1 Li\u015bcie do Tesaloniczan prosi\u0142: \u201eW ka\u017cdym po\u0142o\u017ceniu dzi\u0119kujcie, taka jest wola Bo\u017ca wzgl\u0119dem was w Jezusie Chrystusie\u201d. W tej perspektywie ka\u017cdy trud i cierpienie staj\u0105 si\u0119 nie tylko do\u015bwiadczeniem s\u0142abo\u015bci, ale i Bo\u017cej mocy, kt\u00f3ra w tym wszystkim nas wspiera.<\/p>\n\n\n\n<p>Siostry i Bracia,<br>\u201ewy jeste\u015bcie sol\u0105 ziemi, (\u2026) wy jeste\u015bcie \u015bwiat\u0142em \u015bwiata\u201d. Jako adresaci tych s\u0142\u00f3w, pragn\u0119 zaprosi\u0107 Was do uczestnictwa w diecezjalnych obchodach XXXI \u015awiatowego Dnia Chorego, kt\u00f3rych centralne uroczysto\u015bci odb\u0119d\u0105 si\u0119 13 lutego w Nowej Soli. Jako Wasi Pasterze pragniemy by\u0107 z Wami w miejscach, w kt\u00f3rych na co dzie\u0144 do\u015bwiadczacie choroby i cierpienia. W nowosolskim szpitalu odwiedz\u0119 pacjent\u00f3w w salach szpitalnych, natomiast w parafii \u015bw. J\u00f3zefa Rzemie\u015blnika w Nowej Soli, o godz. 17.00 odprawi\u0119 Msz\u0119 \u015bw. w intencji os\u00f3b chorych z udzieleniem sakramentu namaszczenia chorych. Liturgia b\u0119dzie transmitowana przez TVP 3 Gorz\u00f3w Wielkopolski. Bp Adrian odwiedzi osoby chore i ich opiekun\u00f3w w domach rodzinnych w Gorzowie Wlkp., natomiast bp Pawe\u0142 w O\u015brodku Integracji Spo\u0142ecznej w Zielonej G\u00f3rze. Uroczysto\u015bci rejonowe odb\u0119d\u0105 si\u0119 ponadto w \u017barach, G\u0142ogowie i w Mi\u0119dzyrzeczu. Pokornie te\u017c prosz\u0119, aby w tym czasie nie zbrak\u0142o modlitwy za chorych w naszych parafiach, rodzinach i s\u0105siedztwie. Niech to b\u0119dzie naszym, duchowym darem dla nich!<\/p>\n\n\n\n<p>Chorym i ich rodzinom \u017cycz\u0119 wiary i odwagi w przyjmowaniu \u0142aski Ducha \u015awi\u0119tego i umocnienia w sakramencie chorych, a kap\u0142anom si\u0142y i odwagi do tej wymagaj\u0105cej i u\u015bwi\u0119caj\u0105cej pos\u0142ugi. Wszystkim z serca b\u0142ogos\u0142awi\u0119.<\/p>\n\n\n\n<p class=\"has-text-align-right\">+Tadeusz Lity\u0144ski<br>Biskup Zielonog\u00f3rsko-Gorzowski<\/p>\n\n\n\n<div style=\"height:40px\" aria-hidden=\"true\" class=\"wp-block-spacer\"><\/div>\n","protected":false},"excerpt":{"rendered":"","protected":false},"author":3,"featured_media":4338,"comment_status":"closed","ping_status":"closed","sticky":false,"template":"","format":"standard","meta":{"_lmt_disableupdate":"","_lmt_disable":"","footnotes":""},"categories":[1],"tags":[],"class_list":["post-7046","post","type-post","status-publish","format-standard","has-post-thumbnail","hentry","category-bez-kategorii"],"_links":{"self":[{"href":"https:\/\/swiety-jozef.pl\/index.php\/wp-json\/wp\/v2\/posts\/7046","targetHints":{"allow":["GET"]}}],"collection":[{"href":"https:\/\/swiety-jozef.pl\/index.php\/wp-json\/wp\/v2\/posts"}],"about":[{"href":"https:\/\/swiety-jozef.pl\/index.php\/wp-json\/wp\/v2\/types\/post"}],"author":[{"embeddable":true,"href":"https:\/\/swiety-jozef.pl\/index.php\/wp-json\/wp\/v2\/users\/3"}],"replies":[{"embeddable":true,"href":"https:\/\/swiety-jozef.pl\/index.php\/wp-json\/wp\/v2\/comments?post=7046"}],"version-history":[{"count":4,"href":"https:\/\/swiety-jozef.pl\/index.php\/wp-json\/wp\/v2\/posts\/7046\/revisions"}],"predecessor-version":[{"id":7062,"href":"https:\/\/swiety-jozef.pl\/index.php\/wp-json\/wp\/v2\/posts\/7046\/revisions\/7062"}],"wp:featuredmedia":[{"embeddable":true,"href":"https:\/\/swiety-jozef.pl\/index.php\/wp-json\/wp\/v2\/media\/4338"}],"wp:attachment":[{"href":"https:\/\/swiety-jozef.pl\/index.php\/wp-json\/wp\/v2\/media?parent=7046"}],"wp:term":[{"taxonomy":"category","embeddable":true,"href":"https:\/\/swiety-jozef.pl\/index.php\/wp-json\/wp\/v2\/categories?post=7046"},{"taxonomy":"post_tag","embeddable":true,"href":"https:\/\/swiety-jozef.pl\/index.php\/wp-json\/wp\/v2\/tags?post=7046"}],"curies":[{"name":"wp","href":"https:\/\/api.w.org\/{rel}","templated":true}]}}