{"id":7028,"date":"2023-01-21T22:32:35","date_gmt":"2023-01-21T21:32:35","guid":{"rendered":"https:\/\/swiety-jozef.pl\/?p=7028"},"modified":"2023-01-23T10:07:10","modified_gmt":"2023-01-23T09:07:10","slug":"intencje-mszalne-22-01-29-01-2023-r","status":"publish","type":"post","link":"https:\/\/swiety-jozef.pl\/index.php\/2023\/01\/21\/intencje-mszalne-22-01-29-01-2023-r\/","title":{"rendered":"Intencje mszalne 22.01 \u2013 29.01.2023 r."},"content":{"rendered":"\n<!--more-->\n\n\n\n<div style=\"height:25px\" aria-hidden=\"true\" class=\"wp-block-spacer\"><\/div>\n\n\n\n<p class=\"has-vivid-red-color has-text-color\"><strong>Niedziela 22.01.2023 r.<\/strong><\/p>\n\n\n\n<p>7<sup>30<\/sup> <strong>1. <\/strong>+ Janina \u0141ab\u0119ska (22 greg)<\/p>\n\n\n\n<p><strong>2. <\/strong>+ Stanis\u0142awa (k) Pawlak \u2013 3 r. \u015bm., oraz ++ z rodz.<\/p>\n\n\n\n<p>9<sup>30 <\/sup><strong>1. <\/strong>+ Stanis\u0142aw Bylinowicz 10 r. \u015bm., + Anna Bylinowicz 17 r. \u015bm. z rodz.,<\/p>\n\n\n\n<p><strong>2. <\/strong>Dz.: Danuta, oraz m\u0105\u017c Zbigniew, dzieci i wnuki<\/p>\n\n\n\n<p>11<sup>00<\/sup> <strong>1. <\/strong>+ Pawe\u0142 Szurpicki \u2013 3 r. \u015bm.,<\/p>\n\n\n\n<p><strong>2. <\/strong>Dz.: Barbara i Piotr Szyszko \u2013 7 r. \u015blubu.<\/p>\n\n\n\n<p>12<sup>30 <\/sup><strong>1.<\/strong> + Feliksa (k), + Mieczys\u0142aw, + Stanis\u0142aw Przypis<\/p>\n\n\n\n<p><strong>2.<\/strong> + Micha\u0142 Kozak \u2013 42 r. \u015bm.<\/p>\n\n\n\n<p><strong>3. <\/strong>+ Mieczys\u0142aw Kaczy\u0144ski \u2013 5 r. \u015bm.<\/p>\n\n\n\n<p>14<sup>00<\/sup> <strong>1.<\/strong> + Andrzej G\u0105carzewicz \u2013 1 mc. po \u015bmierci<\/p>\n\n\n\n<p><strong>2. <\/strong>+ Jan, + Andrzej Kozio\u0142<\/p>\n\n\n\n<p>18<sup>30<\/sup> <strong>1. <\/strong>+ Stanis\u0142awa (k) \u2013 6 msc po \u015bmierci, + Micha\u0142 \u2013 23 r. \u015bm., + Tadeusz \u2013 10 r. \u015bm.<\/p>\n\n\n\n<div style=\"height:25px\" aria-hidden=\"true\" class=\"wp-block-spacer\"><\/div>\n\n\n\n<p><strong>Poniedzia\u0142ek 23.01.2023r.<\/strong><\/p>\n\n\n\n<p>7<sup>00 <\/sup><strong>1. <\/strong>+ Janina \u0141ab\u0119ska (23 greg)<\/p>\n\n\n\n<p><strong>2.<\/strong> +Apolonia Adamczyk 23 r. \u015bm; Anton Adamczyk 69 r. \u015bm; za zm. z rodz. Adamczyk, Sakson, Draczy\u0144ski<\/p>\n\n\n\n<p>18<sup>00<\/sup> <strong>1.<\/strong> + Adrian Kaim \u2013 1 r. \u015bm.<\/p>\n\n\n\n<p><strong>2.<\/strong><\/p>\n\n\n\n<div style=\"height:25px\" aria-hidden=\"true\" class=\"wp-block-spacer\"><\/div>\n\n\n\n<p><strong>Wtorek 24.01.2023r.<\/strong><\/p>\n\n\n\n<p>7<sup>00 <\/sup><strong>1. <\/strong>+ Janina \u0141ab\u0119ska (24 greg)<\/p>\n\n\n\n<p><strong>2.<\/strong> + Zofia Mroczek \u2013 4 r. \u015bm. ++ rodzic\u00f3w, siostr\u0119 Krystyn\u0119 i ++ z rodz. Ko\u0142odziejczyk<\/p>\n\n\n\n<p>11<sup>55<\/sup> <em>KSP:<\/em><\/p>\n\n\n\n<p>18<sup>00 <\/sup><strong>1.<\/strong> + Kazimierz \u2013 6 r. \u015bm.<\/p>\n\n\n\n<div style=\"height:25px\" aria-hidden=\"true\" class=\"wp-block-spacer\"><\/div>\n\n\n\n<p><strong>\u015aroda 25.01.2023r.<\/strong><\/p>\n\n\n\n<p>7<sup>00 <\/sup><strong>1.<\/strong> + Janina \u0141ab\u0119ska (25 greg)<\/p>\n\n\n\n<p><strong>2. <\/strong>w int. sprz\u0105taj\u0105cych ko\u015bci\u00f3\u0142 z ul. Arkadia, Zak\u0105tek, 1 os. ch\u0119tnej i ich rodz.<\/p>\n\n\n\n<p>18<sup>00 <\/sup><strong>1.<\/strong> + Jan Molas \u2013 17 r. \u015bm.<\/p>\n\n\n\n<div style=\"height:25px\" aria-hidden=\"true\" class=\"wp-block-spacer\"><\/div>\n\n\n\n<p><strong>Czwartek 26.01.2023r.<\/strong><\/p>\n\n\n\n<p>7<sup>00<\/sup> <strong>1.<\/strong> + Janina \u0141ab\u0119ska (26 greg)<\/p>\n\n\n\n<p>18<sup>00 <\/sup><strong>1.<\/strong><sup><\/sup> + Krzysztof Przychodzki \u2013 1 msc po \u015bm.<\/p>\n\n\n\n<p><strong>2.<\/strong> + Jadwiga Fedko \u2013 2 r. \u015bm.<\/p>\n\n\n\n<div style=\"height:25px\" aria-hidden=\"true\" class=\"wp-block-spacer\"><\/div>\n\n\n\n<p><strong>Pi\u0105tek 27.01.2023r.<\/strong><\/p>\n\n\n\n<p>7<sup>00<\/sup> <strong>1. <\/strong>+ Janina \u0141ab\u0119ska (27 greg)<\/p>\n\n\n\n<p>18<sup>00<\/sup> <strong>1. <\/strong>+ W\u0142adys\u0142awa (k) Pawlak \u2013 19 r. \u015bm., + Jan Pawlak \u2013 1 r. \u015bm. oraz ++ z rodz., + Wac\u0142aw Pawlak, + Stanis\u0142awa (k), + Stanis\u0142aw Weso\u0142owscy<\/p>\n\n\n\n<p><strong>2.<\/strong> + Krystyna, + Ignacy Plata, + Wies\u0142aw Nowak<\/p>\n\n\n\n<div style=\"height:25px\" aria-hidden=\"true\" class=\"wp-block-spacer\"><\/div>\n\n\n\n<p><strong>Sobota 28.01.2023r.<\/strong><\/p>\n\n\n\n<p>7<sup>00<\/sup> <strong>1. <\/strong>+ Janina \u0141ab\u0119ska (28 greg)<\/p>\n\n\n\n<p><strong>2.<\/strong> W int.: Maria \u2013 z pro\u015bb\u0105 o potrzebne \u0142aski zdrowia, \u015bwiat\u0142o Ducha \u015awi\u0119tego dla lekarzy w prawid\u0142owym leczeniu<\/p>\n\n\n\n<p>13<sup>00<\/sup> <em>Chrzest: <\/em>Julian Prozorowski<\/p>\n\n\n\n<p>18<sup>00<\/sup> <strong>1. <\/strong>+ ks. J\u00f3zef Koco\u0142 \u2013 int. od ksi\u0119\u017cy i Si\u00f3str S\u0142ug Jezusa<\/p>\n\n\n\n<p><strong>2.<\/strong> + Alojzy G\u0105carzewicz \u2013 36 r. \u015bm.<\/p>\n\n\n\n<div style=\"height:25px\" aria-hidden=\"true\" class=\"wp-block-spacer\"><\/div>\n\n\n\n<p class=\"has-vivid-red-color has-text-color\"><strong>Niedziela 29.01.2023 r.<\/strong><\/p>\n\n\n\n<p>7<sup>30<\/sup> <strong>1. <\/strong>+ Janina \u0141ab\u0119ska (29 greg)<\/p>\n\n\n\n<p><strong>2. <\/strong>o \u0142ask\u0119 zdrowia dla syna Rafa\u0142a<\/p>\n\n\n\n<p>9<sup>30 <\/sup><strong>1. <\/strong>+ Tadeusz Piasta \u2013 1 r. \u015bm.<\/p>\n\n\n\n<p><strong>2. <\/strong>+ Teodor Wijatkowski i ++ z rodz. Ma\u015bcibrod\u00f3w<\/p>\n\n\n\n<p>11<sup>00<\/sup> <strong>1. <\/strong>+ Jolanta Rutkowska \u2013 1 r. \u015bm.<\/p>\n\n\n\n<p><strong>2. <\/strong>+ Maria Zar\u00f3wna<\/p>\n\n\n\n<p>12<sup>30 <\/sup><strong>1.<\/strong> + Tomasz Haniszewski i ++ z rodz. Tarasiewicz<\/p>\n\n\n\n<p><strong>2.<\/strong> + ks. pra\u0142at J\u00f3zef Koco\u0142 \u2013 int. od Parafian<\/p>\n\n\n\n<p>3. + ks. pra\u0142at J\u00f3zef Koco\u0142 \u2013 int. od przyjaci\u00f3\u0142<\/p>\n\n\n\n<p>14<sup>00<\/sup> <strong>1.<\/strong> + Maria i + Stanis\u0142aw Sieradzcy i ++ z rodz.<\/p>\n\n\n\n<p><a><\/a> 18<sup>30<\/sup> <strong>1. <\/strong>+ Marek Dolny \u2013 6 mc. po \u015bmierci<\/p>\n\n\n\n<div style=\"height:30px\" aria-hidden=\"true\" class=\"wp-block-spacer\"><\/div>\n","protected":false},"excerpt":{"rendered":"","protected":false},"author":3,"featured_media":4429,"comment_status":"closed","ping_status":"closed","sticky":false,"template":"","format":"standard","meta":{"_lmt_disableupdate":"","_lmt_disable":"","footnotes":""},"categories":[20],"tags":[],"class_list":["post-7028","post","type-post","status-publish","format-standard","has-post-thumbnail","hentry","category-intencje"],"_links":{"self":[{"href":"https:\/\/swiety-jozef.pl\/index.php\/wp-json\/wp\/v2\/posts\/7028","targetHints":{"allow":["GET"]}}],"collection":[{"href":"https:\/\/swiety-jozef.pl\/index.php\/wp-json\/wp\/v2\/posts"}],"about":[{"href":"https:\/\/swiety-jozef.pl\/index.php\/wp-json\/wp\/v2\/types\/post"}],"author":[{"embeddable":true,"href":"https:\/\/swiety-jozef.pl\/index.php\/wp-json\/wp\/v2\/users\/3"}],"replies":[{"embeddable":true,"href":"https:\/\/swiety-jozef.pl\/index.php\/wp-json\/wp\/v2\/comments?post=7028"}],"version-history":[{"count":2,"href":"https:\/\/swiety-jozef.pl\/index.php\/wp-json\/wp\/v2\/posts\/7028\/revisions"}],"predecessor-version":[{"id":7035,"href":"https:\/\/swiety-jozef.pl\/index.php\/wp-json\/wp\/v2\/posts\/7028\/revisions\/7035"}],"wp:featuredmedia":[{"embeddable":true,"href":"https:\/\/swiety-jozef.pl\/index.php\/wp-json\/wp\/v2\/media\/4429"}],"wp:attachment":[{"href":"https:\/\/swiety-jozef.pl\/index.php\/wp-json\/wp\/v2\/media?parent=7028"}],"wp:term":[{"taxonomy":"category","embeddable":true,"href":"https:\/\/swiety-jozef.pl\/index.php\/wp-json\/wp\/v2\/categories?post=7028"},{"taxonomy":"post_tag","embeddable":true,"href":"https:\/\/swiety-jozef.pl\/index.php\/wp-json\/wp\/v2\/tags?post=7028"}],"curies":[{"name":"wp","href":"https:\/\/api.w.org\/{rel}","templated":true}]}}