{"id":6992,"date":"2023-01-08T05:36:41","date_gmt":"2023-01-08T04:36:41","guid":{"rendered":"https:\/\/swiety-jozef.pl\/?p=6992"},"modified":"2023-01-08T05:41:37","modified_gmt":"2023-01-08T04:41:37","slug":"intencje-mszalne-8-01-15-01-2023-r","status":"publish","type":"post","link":"https:\/\/swiety-jozef.pl\/index.php\/2023\/01\/08\/intencje-mszalne-8-01-15-01-2023-r\/","title":{"rendered":"Intencje mszalne 8.01 \u2013 15.01.2023 r."},"content":{"rendered":"\n<!--more-->\n\n\n\n<div style=\"height:24px\" aria-hidden=\"true\" class=\"wp-block-spacer\"><\/div>\n\n\n\n<p class=\"has-vivid-red-color has-text-color\"><strong>Niedziela 08.01.2023r. CHRZEST PA\u0143SKI<\/strong><\/p>\n\n\n\n<p>7<sup>30<\/sup> <strong>1. <\/strong>+ Janina \u0141ab\u0119ska (8 greg)<\/p>\n\n\n\n<p><strong>2. <\/strong>Dz.: w int. os\u00f3b, kt\u00f3re modli\u0142y si\u0119 za Zdzis\u0142aw\u0119 Micha\u0142owsk\u0105 oraz w int. lekarzy<\/p>\n\n\n\n<p>9<sup>30 <\/sup><strong>1. <\/strong>W int. cz\u0142onki\u0144 R\u00f3\u017cy Niepokalanego Serca NMP i ich rodzin o Bo\u017ce b\u0142ogos\u0142awie\u0144stwo i potrzebne \u0142aski w 2023 r.<\/p>\n\n\n\n<p><strong>2. <\/strong>Dz.: Urszula i Andrzej oraz ich dzieci i wnuki \u2013z podzi\u0119kowaniem za otrzymane \u0142aski w roku 2022, i z pro\u015bb\u0105 o b\u0142ogos\u0142awie\u0144stwo na rok 2023<\/p>\n\n\n\n<p>11<sup>00<\/sup> <strong>1. <\/strong>+ Ryszard Zelek<\/p>\n\n\n\n<p><strong>2. <\/strong>+ Henryk Kawa oraz ++ rodzice: Pelagia i Stanis\u0142aw<\/p>\n\n\n\n<p>12<sup>30 <\/sup><strong>1.<\/strong> + Hieronim G\u00f3ral \u2013 13 r. \u015bm i ++ z rodz.<\/p>\n\n\n\n<p><strong>2. <\/strong>Dz.: Krystyna Konrad \u2013 75 r. ur.<\/p>\n\n\n\n<p>14<sup>00<\/sup> <strong>1.<\/strong> + Marzena Janik \u2013 1 r. \u015bm.<\/p>\n\n\n\n<p>18<sup>30<\/sup> <strong>1. <\/strong>++ z rodz.: Swako\u0144 i Jask\u00f3lski<\/p>\n\n\n\n<div style=\"height:25px\" aria-hidden=\"true\" class=\"wp-block-spacer\"><\/div>\n\n\n\n<p><strong>Poniedzia\u0142ek 09.01.2023r.<\/strong><\/p>\n\n\n\n<p>7<sup>00 <\/sup><strong>1. <\/strong>+ Janina \u0141ab\u0119ska (9 greg)<\/p>\n\n\n\n<p><strong>2. <\/strong>+ Janina, + W\u0142adys\u0142aw, + Anna, + J\u00f3zef<\/p>\n\n\n\n<p><a><\/a> 7<sup>30 <\/sup><strong>1.<\/strong> <em>Pogrzebowa: + <\/em>Teresa Suszko (cm.: Wandy 15:00)<\/p>\n\n\n\n<p>18<sup>00<\/sup> <strong>1. <\/strong>+ Zofia, + Janina, + Rafa\u0142, + Kazimierz, + W\u0142adys\u0142aw, + Ryszard, + Beata Borowscy<\/p>\n\n\n\n<div style=\"height:25px\" aria-hidden=\"true\" class=\"wp-block-spacer\"><\/div>\n\n\n\n<p><strong>Wtorek 10.01.2023r.<\/strong><\/p>\n\n\n\n<p>7<sup>00 <\/sup><strong>1. <\/strong>+ Janina \u0141ab\u0119ska (10 greg)<\/p>\n\n\n\n<p><strong>2. <\/strong>+ Boles\u0142aw Oparski w 30 dzie\u0144 po \u015bm. \u2013 int. od c\u00f3rki z rodzin\u0105<\/p>\n\n\n\n<p>7<sup>30<\/sup> <strong>1.<\/strong> <em>Pogrzebowa: + <\/em>Marianna Grzegorska (cm.: Oty\u0144 15:00)<\/p>\n\n\n\n<p><strong>2.<\/strong> <em>Pogrzebowa: + <\/em>Janusz Bubik (cm. Oty\u0144 10:00)<\/p>\n\n\n\n<p>11<sup>55<\/sup> <em>KSP:<\/em><\/p>\n\n\n\n<p>18<sup>00 <\/sup><strong>1.<\/strong> + Stefania, + Jadwiga, +Wojciech K\u0119piak<\/p>\n\n\n\n<div style=\"height:25px\" aria-hidden=\"true\" class=\"wp-block-spacer\"><\/div>\n\n\n\n<p><strong>\u015aroda 11.01.2023r.<\/strong><\/p>\n\n\n\n<p>7<sup>00 <\/sup><strong>1.<\/strong> + Janina \u0141ab\u0119ska (11 greg)<\/p>\n\n\n\n<p class=\"has-vivid-cyan-blue-color has-text-color\"><strong>2.<\/strong> intencja wolna<\/p>\n\n\n\n<p class=\"has-vivid-cyan-blue-color has-text-color\"><strong>3.<\/strong> intencja wolna<\/p>\n\n\n\n<p>18<sup>00 <\/sup><strong>1.<\/strong> + Bronis\u0142aw Maly \u2013 3 r. \u015bm., &#8211; int. od Czes\u0142awy i od UKS 3 Nowa S\u00f3l<\/p>\n\n\n\n<div style=\"height:25px\" aria-hidden=\"true\" class=\"wp-block-spacer\"><\/div>\n\n\n\n<p><strong>Czwartek 12.01.2023r.<\/strong><\/p>\n\n\n\n<p>7<sup>00<\/sup> <strong>1.<\/strong> + Janina \u0141ab\u0119ska (12 greg)<\/p>\n\n\n\n<p><strong>2. <\/strong>W int. sprz\u0105taj\u0105cych ko\u015bci\u00f3\u0142 przed Bo\u017cym Narodzeniem i ich rodzin<\/p>\n\n\n\n<p class=\"has-vivid-cyan-blue-color has-text-color\"><strong>3.<\/strong> intencja wolna<\/p>\n\n\n\n<p>18<sup>00 <\/sup><strong>1.<\/strong><sup> <\/sup>Dz.: Maria, Ma\u0142gorzata, Czes\u0142aw \u2013 o \u0142ask\u0119 zdrowia i Bo\u017ce b\u0142ogos\u0142awie\u0144stwo na ten rok<\/p>\n\n\n\n<div style=\"height:25px\" aria-hidden=\"true\" class=\"wp-block-spacer\"><\/div>\n\n\n\n<p><strong>Pi\u0105tek 13.01.2023r.<\/strong><\/p>\n\n\n\n<p>7<sup>00<\/sup> <strong>1. <\/strong>+ Janina \u0141ab\u0119ska (13 greg)<\/p>\n\n\n\n<p class=\"has-vivid-cyan-blue-color has-text-color\"><strong>2.<\/strong> intencja wolna<\/p>\n\n\n\n<p class=\"has-vivid-cyan-blue-color has-text-color\"><strong>3.<\/strong> intencja wolna<\/p>\n\n\n\n<p>18<sup>00<\/sup> <strong>1. <\/strong>Dz.: Miko\u0142aj \u2013 o dary Ducha \u015awi\u0119tego w przygotowaniu do&nbsp;sakrament\u00f3w pierwszej spowiedzi i I Komunii \u015bw.<\/p>\n\n\n\n<div style=\"height:25px\" aria-hidden=\"true\" class=\"wp-block-spacer\"><\/div>\n\n\n\n<p><strong>Sobota 14.01.2023r.<\/strong><\/p>\n\n\n\n<p>7<sup>00<\/sup> <strong>1. <\/strong>+ Janina \u0141ab\u0119ska (14 greg)<\/p>\n\n\n\n<p><strong>2.<\/strong> + Jerzy Mackiewicz \u2013 2 r. \u015bm.<\/p>\n\n\n\n<p>18<sup>00<\/sup> <strong>1. <\/strong>+ Irena Smoter \u2013 5 r. \u015bm.<\/p>\n\n\n\n<div style=\"height:25px\" aria-hidden=\"true\" class=\"wp-block-spacer\"><\/div>\n\n\n\n<p class=\"has-vivid-red-color has-text-color\"><strong>Niedziela 15.01.2023r.<\/strong><\/p>\n\n\n\n<p>7<sup>30<\/sup> <strong>1. <\/strong>+ Janina \u0141ab\u0119ska (15 greg)<\/p>\n\n\n\n<p><strong>2. <\/strong>+ Marian Kotkowiak oraz ++ rodzice i siostra Genowefa<\/p>\n\n\n\n<p>9<sup>30 <\/sup><strong>1. <\/strong>Dz.: Zofia i Jan Opaluch \u2013 40 r. \u015blubu \u2013 int od dzieci i wnuk\u00f3w<\/p>\n\n\n\n<p><strong>2. <\/strong>Dz.: Urszula i Andrzej oraz ich dzieci i wnuk\u00f3w<\/p>\n\n\n\n<p>11<sup>00<\/sup> <strong>1. <\/strong>+ Janina Sk\u00f3rko<\/p>\n\n\n\n<p><strong>2. <\/strong>Dz.: Filip Balcerzak \u2013 1 r. ur. \u2013 z pro\u015bb\u0105 o Bo\u017ce b\u0142ogos\u0142awie\u0144stwo, opiek\u0119 Matki Bo\u017cej na dalsze lata \u017cycia<\/p>\n\n\n\n<p>12<sup>30 <\/sup><strong>1.<\/strong> Dz.: Mateusz \u2013 18 r. ur., oraz Agata, Ola, Alan, \u0141ukasz i Norbert<\/p>\n\n\n\n<p><em>Chrzty: <\/em>Pola Furmaniak, Ignacy Dziwi\u0144ski<\/p>\n\n\n\n<p>14<sup>00<\/sup> <strong>1.<\/strong> Dz.: Kazimiera Kozio\u0142 \u2013 93 r. ur.<\/p>\n\n\n\n<p><strong>2. <\/strong>+ Anna Hallfeldt-Jaz \u2013 8 r. \u015bm. i ++ z rodz.<\/p>\n\n\n\n<p>18<sup>30<\/sup> <strong>1. <\/strong>++ z rodz.: D\u0119bickich i Mokwi\u0144skich<\/p>\n\n\n\n<div style=\"height:40px\" aria-hidden=\"true\" class=\"wp-block-spacer\"><\/div>\n","protected":false},"excerpt":{"rendered":"","protected":false},"author":3,"featured_media":4429,"comment_status":"closed","ping_status":"closed","sticky":false,"template":"","format":"standard","meta":{"_lmt_disableupdate":"","_lmt_disable":"","footnotes":""},"categories":[20],"tags":[],"class_list":["post-6992","post","type-post","status-publish","format-standard","has-post-thumbnail","hentry","category-intencje"],"_links":{"self":[{"href":"https:\/\/swiety-jozef.pl\/index.php\/wp-json\/wp\/v2\/posts\/6992","targetHints":{"allow":["GET"]}}],"collection":[{"href":"https:\/\/swiety-jozef.pl\/index.php\/wp-json\/wp\/v2\/posts"}],"about":[{"href":"https:\/\/swiety-jozef.pl\/index.php\/wp-json\/wp\/v2\/types\/post"}],"author":[{"embeddable":true,"href":"https:\/\/swiety-jozef.pl\/index.php\/wp-json\/wp\/v2\/users\/3"}],"replies":[{"embeddable":true,"href":"https:\/\/swiety-jozef.pl\/index.php\/wp-json\/wp\/v2\/comments?post=6992"}],"version-history":[{"count":2,"href":"https:\/\/swiety-jozef.pl\/index.php\/wp-json\/wp\/v2\/posts\/6992\/revisions"}],"predecessor-version":[{"id":6995,"href":"https:\/\/swiety-jozef.pl\/index.php\/wp-json\/wp\/v2\/posts\/6992\/revisions\/6995"}],"wp:featuredmedia":[{"embeddable":true,"href":"https:\/\/swiety-jozef.pl\/index.php\/wp-json\/wp\/v2\/media\/4429"}],"wp:attachment":[{"href":"https:\/\/swiety-jozef.pl\/index.php\/wp-json\/wp\/v2\/media?parent=6992"}],"wp:term":[{"taxonomy":"category","embeddable":true,"href":"https:\/\/swiety-jozef.pl\/index.php\/wp-json\/wp\/v2\/categories?post=6992"},{"taxonomy":"post_tag","embeddable":true,"href":"https:\/\/swiety-jozef.pl\/index.php\/wp-json\/wp\/v2\/tags?post=6992"}],"curies":[{"name":"wp","href":"https:\/\/api.w.org\/{rel}","templated":true}]}}