{"id":6936,"date":"2023-01-01T00:01:26","date_gmt":"2022-12-31T23:01:26","guid":{"rendered":"https:\/\/swiety-jozef.pl\/?p=6936"},"modified":"2023-01-01T00:18:01","modified_gmt":"2022-12-31T23:18:01","slug":"zaproszenie-na-orszak-trzech-kroli-2023-r","status":"publish","type":"post","link":"https:\/\/swiety-jozef.pl\/index.php\/2023\/01\/01\/zaproszenie-na-orszak-trzech-kroli-2023-r\/","title":{"rendered":"Zaproszenie na Orszak Trzech Kr\u00f3li 2023 r."},"content":{"rendered":"\n<!--more-->\n\n\n\n<div style=\"height:25px\" aria-hidden=\"true\" class=\"wp-block-spacer\"><\/div>\n\n\n\n<h4 class=\"has-text-align-center has-vivid-red-color has-text-color wp-block-heading\" style=\"font-size:18px\"><strong>6 stycznia 2023 roku ju\u017c po raz \u00f3smy ulicami Nowej Soli wyruszy ORSZAK TRZECH KR\u00d3LI.<\/strong><br><\/h4>\n\n\n\n<div style=\"height:25px\" aria-hidden=\"true\" class=\"wp-block-spacer\"><\/div>\n\n\n\n<p class=\"has-black-color has-text-color\" style=\"font-size:18px\">Orszak wyruszy o godz. 12.00 sprzed ko\u015bcio\u0142a \u015bw. Antoniego (Bracia Kapucyni) w kierunku ul. Parkowej, ul. 1 Maja, na plac przy ko\u015bciele pw. \u015bw. J\u00f3zefa Rzemie\u015blnika. Czas przemarszu ok. 2 godziny (zbi\u00f3rka o godz. 11.30 plac przy ko\u015bciele pw. \u015bw. Antoniego).<\/p>\n\n\n\n<p class=\"has-black-color has-text-color\" style=\"font-size:18px\"><strong>Zapraszamy wszystkich mieszka\u0144c\u00f3w Nowej Soli oraz go\u015bci do wsp\u00f3\u0142tworzenia Orszaku. Has\u0142o tegorocznego brzmi \u201eNiechaj prowadzi nas gwiazda\u201d.<\/strong><\/p>\n\n\n\n<p class=\"has-black-color has-text-color\" style=\"font-size:18px\">Taki Orszak to doskona\u0142a okazja, aby wsp\u00f3lnie wyruszy\u0107 ca\u0142ymi rodzinami z kol\u0119d\u0105 na ustach i pomaszerowa\u0107 ku Betlejem wspominaj\u0105c w\u0119dr\u00f3wk\u0119 Trzech M\u0119drc\u00f3w szukaj\u0105cych sensu, prawdy i Kr\u00f3la \u017bycia.<br>To te\u017c dobra okazja do budowania wsp\u00f3lnoty i jedno\u015bci, pomys\u0142 na rodzinne \u015bwi\u0119towanie, a przy okazji zacie\u015bnianie wi\u0119zi mieszka\u0144c\u00f3w naszego miasta.<\/p>\n\n\n\n<p class=\"has-black-color has-text-color\" style=\"font-size:18px\"><strong>Zach\u0119camy do przygotowania zielonych, niebieskich lub czerwonych stroj\u00f3w, koron, aby w barwnym korowodzie \u015bpiewaj\u0105c kol\u0119dy i\u015b\u0107 i pok\u0142oni\u0107 si\u0119 Dzieci\u0105tku w Betlejem na placu przy ko\u015bciele pw. \u015bw. J\u00f3zefa.<\/strong><\/p>\n\n\n\n<p class=\"has-black-color has-text-color\" style=\"font-size:18px\">W programie, na trasie Orszaku, dzieci i m\u0142odzie\u017c przedstawi\u0105 scenki jase\u0142kowe, a na zako\u0144czenie ma\u0142y pocz\u0119stunek i wsp\u00f3lne kol\u0119dowanie.<\/p>\n\n\n\n<p class=\"has-black-color has-text-color\" style=\"font-size:18px\">Wsp\u00f3\u0142organizatorzy Orszaku: Urz\u0105d Miejski w Nowej Soli, Nowosolski Dom Kultury, Parafia pw. \u015bw Antoniego, parafia pw. \u015bw J\u00f3zefa Rzemie\u015blnika, parafia pw. \u015bw. Micha\u0142a Archanio\u0142a, parafia pw. Wniebowzi\u0119cia Naj\u015bwi\u0119tszej Maryi Panny.<\/p>\n\n\n\n<p class=\"has-vivid-red-color has-text-color\" style=\"font-size:18px\"><strong>Zapraszaj\u0105 serdecznie: Prezydent Miasta Nowa S\u00f3l oraz proboszczowie nowosolskich Parafii.<\/strong><\/p>\n\n\n\n<div style=\"height:40px\" aria-hidden=\"true\" class=\"wp-block-spacer\"><\/div>\n","protected":false},"excerpt":{"rendered":"","protected":false},"author":3,"featured_media":6937,"comment_status":"closed","ping_status":"closed","sticky":false,"template":"","format":"standard","meta":{"_lmt_disableupdate":"","_lmt_disable":"","footnotes":""},"categories":[1],"tags":[],"class_list":["post-6936","post","type-post","status-publish","format-standard","has-post-thumbnail","hentry","category-bez-kategorii"],"_links":{"self":[{"href":"https:\/\/swiety-jozef.pl\/index.php\/wp-json\/wp\/v2\/posts\/6936","targetHints":{"allow":["GET"]}}],"collection":[{"href":"https:\/\/swiety-jozef.pl\/index.php\/wp-json\/wp\/v2\/posts"}],"about":[{"href":"https:\/\/swiety-jozef.pl\/index.php\/wp-json\/wp\/v2\/types\/post"}],"author":[{"embeddable":true,"href":"https:\/\/swiety-jozef.pl\/index.php\/wp-json\/wp\/v2\/users\/3"}],"replies":[{"embeddable":true,"href":"https:\/\/swiety-jozef.pl\/index.php\/wp-json\/wp\/v2\/comments?post=6936"}],"version-history":[{"count":4,"href":"https:\/\/swiety-jozef.pl\/index.php\/wp-json\/wp\/v2\/posts\/6936\/revisions"}],"predecessor-version":[{"id":6944,"href":"https:\/\/swiety-jozef.pl\/index.php\/wp-json\/wp\/v2\/posts\/6936\/revisions\/6944"}],"wp:featuredmedia":[{"embeddable":true,"href":"https:\/\/swiety-jozef.pl\/index.php\/wp-json\/wp\/v2\/media\/6937"}],"wp:attachment":[{"href":"https:\/\/swiety-jozef.pl\/index.php\/wp-json\/wp\/v2\/media?parent=6936"}],"wp:term":[{"taxonomy":"category","embeddable":true,"href":"https:\/\/swiety-jozef.pl\/index.php\/wp-json\/wp\/v2\/categories?post=6936"},{"taxonomy":"post_tag","embeddable":true,"href":"https:\/\/swiety-jozef.pl\/index.php\/wp-json\/wp\/v2\/tags?post=6936"}],"curies":[{"name":"wp","href":"https:\/\/api.w.org\/{rel}","templated":true}]}}