{"id":6912,"date":"2023-01-14T20:56:00","date_gmt":"2023-01-14T19:56:00","guid":{"rendered":"https:\/\/swiety-jozef.pl\/?p=6912"},"modified":"2023-01-21T22:50:49","modified_gmt":"2023-01-21T21:50:49","slug":"plan-koledy-2023-r","status":"publish","type":"post","link":"https:\/\/swiety-jozef.pl\/index.php\/2023\/01\/14\/plan-koledy-2023-r\/","title":{"rendered":"Plan Kol\u0119dy 2022\/2023 r."},"content":{"rendered":"\n<!--more-->\n\n\n\n<div style=\"height:40px\" aria-hidden=\"true\" class=\"wp-block-spacer\"><\/div>\n\n\n\n<p style=\"font-size:17px\">W dniu 21 stycznia 2023 r. zako\u0144czyli\u015bmy\u00a0<strong>duszpastersk\u0105 wizyt\u0119 w rodzinach naszej parafii, zwan\u0105 kol\u0119d\u0105<\/strong>. Dzi\u0119kujemy za wsp\u00f3ln\u0105 modlitw\u0119 i sympatyczne spotkania i ofiary, kt\u00f3re w cz\u0119\u015bci s\u0105 przeznaczone na potrzeby parafii. B\u00f3g zap\u0142a\u0107.<\/p>\n\n\n\n<p style=\"font-size:17px\">Przewodnimi zagadnieniami kt\u00f3re by\u0142y poruszane to:<strong>&nbsp;1<\/strong>.&nbsp;<strong>Sprz\u0105tanie ko\u015bcio\u0142a<\/strong>&nbsp;\u2013 szukamy pomys\u0142\u00f3w, dora\u017anie zwi\u0119kszamy ilo\u015b\u0107 rodzin na sobotnie sprz\u0105tnie.&nbsp;<strong>2. Ogrzewanie ko\u015bcio\u0142a<\/strong>&nbsp;\u2013 ogrzewane jest tylko zaplecze \/zakrystia i salki\/ du\u017ce koszty przy ma\u0142ej efektywno\u015bci wzrostu temperatury.&nbsp;<strong>3.<\/strong>&nbsp;Du\u017cej ilo\u015bci os\u00f3b&nbsp;<strong>starszym zaproponowali\u015bmy sakramenty w ich domach w I sobot\u0119 miesi\u0105ca<\/strong>.&nbsp;<strong>4<\/strong>. \u017byj\u0105cym w zawi\u0105zkach&nbsp;<strong>bez \u015blubu zaproponowali\u015bmy pomoc w przygotowaniu do przyj\u0119cia sakramentu<\/strong>&nbsp;5.Wielkim problemem jest&nbsp;<strong>brak uczestnictwa rodzin w coniedzielnej Mszy \u015bw<\/strong>. ,&nbsp;<strong>brak dzieci i m\u0142odzie\u017cy w \u017cyciu sakramentalnym<\/strong>&nbsp;\u2013 proponowali\u015bmy w\u0142\u0105czenie si\u0119 we sp\u00f3lnoty dzia\u0142aj\u0105ce w parafii: \u017bywy R\u00f3\u017caniec, Oaza Dzieci, m\u0142odzie\u017cy i doros\u0142ych, ministranci, schola.&nbsp;<strong>5. Bardzo dzi\u0119kuj\u0119 za wdzi\u0119czno\u015b\u0107, \u017ce zawsze wszyscy ksi\u0119\u017ca s\u0142u\u017c\u0105 w konfesjona\u0142ach i jest mo\u017cliwo\u015b\u0107 wyboru spowiednik\u00f3w. 6. Przepraszamy,<\/strong>&nbsp;co by\u0142o zauwa\u017cone, za niejednokrotnie&nbsp;<strong>zbyt kr\u00f3tkie spotkania kol\u0119dowe<\/strong>, jednym z powod\u00f3w by\u0142o nieomijanie tych rodzin, kt\u00f3re nie z\u0142o\u017cy\u0142y zaprosze\u0144, co powodowa\u0142o \u017ce do planowanej ilo\u015bci rodzin dosz\u0142y nieplanowane. Dla usprawnienia planu kol\u0119dy&nbsp;<strong>na przysz\u0142y rok prosimy o sk\u0142adanie zaprosze\u0144<\/strong>. W czasie kol\u0119dy wyja\u015bnili\u015bmy wiele indywidualnych zapyta\u0144 i niejasno\u015bci.<\/p>\n\n\n\n<div style=\"height:39px\" aria-hidden=\"true\" class=\"wp-block-spacer\"><\/div>\n","protected":false},"excerpt":{"rendered":"","protected":false},"author":3,"featured_media":6847,"comment_status":"closed","ping_status":"closed","sticky":false,"template":"","format":"standard","meta":{"_lmt_disableupdate":"","_lmt_disable":"","footnotes":""},"categories":[1],"tags":[],"class_list":["post-6912","post","type-post","status-publish","format-standard","has-post-thumbnail","hentry","category-bez-kategorii"],"_links":{"self":[{"href":"https:\/\/swiety-jozef.pl\/index.php\/wp-json\/wp\/v2\/posts\/6912","targetHints":{"allow":["GET"]}}],"collection":[{"href":"https:\/\/swiety-jozef.pl\/index.php\/wp-json\/wp\/v2\/posts"}],"about":[{"href":"https:\/\/swiety-jozef.pl\/index.php\/wp-json\/wp\/v2\/types\/post"}],"author":[{"embeddable":true,"href":"https:\/\/swiety-jozef.pl\/index.php\/wp-json\/wp\/v2\/users\/3"}],"replies":[{"embeddable":true,"href":"https:\/\/swiety-jozef.pl\/index.php\/wp-json\/wp\/v2\/comments?post=6912"}],"version-history":[{"count":34,"href":"https:\/\/swiety-jozef.pl\/index.php\/wp-json\/wp\/v2\/posts\/6912\/revisions"}],"predecessor-version":[{"id":7033,"href":"https:\/\/swiety-jozef.pl\/index.php\/wp-json\/wp\/v2\/posts\/6912\/revisions\/7033"}],"wp:featuredmedia":[{"embeddable":true,"href":"https:\/\/swiety-jozef.pl\/index.php\/wp-json\/wp\/v2\/media\/6847"}],"wp:attachment":[{"href":"https:\/\/swiety-jozef.pl\/index.php\/wp-json\/wp\/v2\/media?parent=6912"}],"wp:term":[{"taxonomy":"category","embeddable":true,"href":"https:\/\/swiety-jozef.pl\/index.php\/wp-json\/wp\/v2\/categories?post=6912"},{"taxonomy":"post_tag","embeddable":true,"href":"https:\/\/swiety-jozef.pl\/index.php\/wp-json\/wp\/v2\/tags?post=6912"}],"curies":[{"name":"wp","href":"https:\/\/api.w.org\/{rel}","templated":true}]}}