{"id":6631,"date":"2022-12-05T11:15:46","date_gmt":"2022-12-05T10:15:46","guid":{"rendered":"https:\/\/swiety-jozef.pl\/?p=6631"},"modified":"2022-12-05T11:32:49","modified_gmt":"2022-12-05T10:32:49","slug":"wieczor-malzenski","status":"publish","type":"post","link":"https:\/\/swiety-jozef.pl\/index.php\/2022\/12\/05\/wieczor-malzenski\/","title":{"rendered":"Wiecz\u00f3r Ma\u0142\u017ce\u0144ski w Parafii \u015bw. J\u00f3zefa"},"content":{"rendered":"\n<!--more-->\n\n\n\n<div style=\"height:45px\" aria-hidden=\"true\" class=\"wp-block-spacer\"><\/div>\n\n\n<div class=\"wp-block-image\">\n<figure class=\"aligncenter size-full\"><img fetchpriority=\"high\" decoding=\"async\" width=\"1000\" height=\"89\" src=\"https:\/\/swiety-jozef.pl\/wp-content\/uploads\/2022\/12\/wieczormalzenskiban22.png\" alt=\"\" class=\"wp-image-6639\" srcset=\"https:\/\/swiety-jozef.pl\/wp-content\/uploads\/2022\/12\/wieczormalzenskiban22.png 1000w, https:\/\/swiety-jozef.pl\/wp-content\/uploads\/2022\/12\/wieczormalzenskiban22-300x27.png 300w, https:\/\/swiety-jozef.pl\/wp-content\/uploads\/2022\/12\/wieczormalzenskiban22-768x68.png 768w, https:\/\/swiety-jozef.pl\/wp-content\/uploads\/2022\/12\/wieczormalzenskiban22-585x52.png 585w\" sizes=\"(max-width: 1000px) 100vw, 1000px\" \/><\/figure>\n<\/div>\n\n\n<div style=\"height:40px\" aria-hidden=\"true\" class=\"wp-block-spacer\"><\/div>\n\n\n\n<h2 class=\"has-text-align-center wp-block-heading\"><em><strong>Wiecz\u00f3r Ma\u0142\u017ce\u0144ski<\/strong><\/em><\/h2>\n\n\n\n<div style=\"height:30px\" aria-hidden=\"true\" class=\"wp-block-spacer\"><\/div>\n\n\n\n<p class=\"has-text-align-center has-medium-font-size\">Zapraszamy<br>Ciebie i Twojego Wsp\u00f3\u0142ma\u0142\u017conka<br>na Wiecz\u00f3r Ma\u0142\u017ce\u0144ski<br>do ko\u015bcio\u0142a pw. \u015bw. J\u00f3zefa<br>dnia 16.12 o godz. 19:00.<\/p>\n\n\n\n<div style=\"height:35px\" aria-hidden=\"true\" class=\"wp-block-spacer\"><\/div>\n\n\n\n<p class=\"has-text-align-center has-medium-font-size\">Zr\u00f3bcie sobie prezent w postaci wsp\u00f3lnie sp\u0119dzonego czasu przy Jezusie obecnym w Naj\u015bwi\u0119tszym Sakramencie.<br>Niech On Was umocni i Wam b\u0142ogos\u0142awi.<\/p>\n\n\n\n<div style=\"height:40px\" aria-hidden=\"true\" class=\"wp-block-spacer\"><\/div>\n\n\n\n<p class=\"has-text-align-center has-medium-font-size\">Serdecznie zaprasza ks. Krzysztof \u2013 proboszcz i wsp\u00f3lnota<br>Domowego Ko\u015bcio\u0142a.<\/p>\n\n\n\n<div style=\"height:51px\" aria-hidden=\"true\" class=\"wp-block-spacer\"><\/div>\n\n\n\n<figure class=\"wp-block-image size-full\"><img fetchpriority=\"high\" decoding=\"async\" width=\"1000\" height=\"89\" src=\"https:\/\/swiety-jozef.pl\/wp-content\/uploads\/2022\/12\/wieczormalzenskiban22.png\" alt=\"\" class=\"wp-image-6639\" srcset=\"https:\/\/swiety-jozef.pl\/wp-content\/uploads\/2022\/12\/wieczormalzenskiban22.png 1000w, https:\/\/swiety-jozef.pl\/wp-content\/uploads\/2022\/12\/wieczormalzenskiban22-300x27.png 300w, https:\/\/swiety-jozef.pl\/wp-content\/uploads\/2022\/12\/wieczormalzenskiban22-768x68.png 768w, https:\/\/swiety-jozef.pl\/wp-content\/uploads\/2022\/12\/wieczormalzenskiban22-585x52.png 585w\" sizes=\"(max-width: 1000px) 100vw, 1000px\" \/><\/figure>\n\n\n\n<div style=\"height:46px\" aria-hidden=\"true\" class=\"wp-block-spacer\"><\/div>\n","protected":false},"excerpt":{"rendered":"","protected":false},"author":3,"featured_media":6632,"comment_status":"closed","ping_status":"closed","sticky":false,"template":"","format":"standard","meta":{"_lmt_disableupdate":"","_lmt_disable":"","footnotes":""},"categories":[1],"tags":[],"class_list":["post-6631","post","type-post","status-publish","format-standard","has-post-thumbnail","hentry","category-bez-kategorii"],"_links":{"self":[{"href":"https:\/\/swiety-jozef.pl\/index.php\/wp-json\/wp\/v2\/posts\/6631","targetHints":{"allow":["GET"]}}],"collection":[{"href":"https:\/\/swiety-jozef.pl\/index.php\/wp-json\/wp\/v2\/posts"}],"about":[{"href":"https:\/\/swiety-jozef.pl\/index.php\/wp-json\/wp\/v2\/types\/post"}],"author":[{"embeddable":true,"href":"https:\/\/swiety-jozef.pl\/index.php\/wp-json\/wp\/v2\/users\/3"}],"replies":[{"embeddable":true,"href":"https:\/\/swiety-jozef.pl\/index.php\/wp-json\/wp\/v2\/comments?post=6631"}],"version-history":[{"count":20,"href":"https:\/\/swiety-jozef.pl\/index.php\/wp-json\/wp\/v2\/posts\/6631\/revisions"}],"predecessor-version":[{"id":6655,"href":"https:\/\/swiety-jozef.pl\/index.php\/wp-json\/wp\/v2\/posts\/6631\/revisions\/6655"}],"wp:featuredmedia":[{"embeddable":true,"href":"https:\/\/swiety-jozef.pl\/index.php\/wp-json\/wp\/v2\/media\/6632"}],"wp:attachment":[{"href":"https:\/\/swiety-jozef.pl\/index.php\/wp-json\/wp\/v2\/media?parent=6631"}],"wp:term":[{"taxonomy":"category","embeddable":true,"href":"https:\/\/swiety-jozef.pl\/index.php\/wp-json\/wp\/v2\/categories?post=6631"},{"taxonomy":"post_tag","embeddable":true,"href":"https:\/\/swiety-jozef.pl\/index.php\/wp-json\/wp\/v2\/tags?post=6631"}],"curies":[{"name":"wp","href":"https:\/\/api.w.org\/{rel}","templated":true}]}}