{"id":6618,"date":"2022-12-03T19:37:00","date_gmt":"2022-12-03T18:37:00","guid":{"rendered":"https:\/\/swiety-jozef.pl\/?p=6618"},"modified":"2022-12-03T20:25:48","modified_gmt":"2022-12-03T19:25:48","slug":"list-rzymskokatolickiego-episkopatu-ukrainy","status":"publish","type":"post","link":"https:\/\/swiety-jozef.pl\/index.php\/2022\/12\/03\/list-rzymskokatolickiego-episkopatu-ukrainy\/","title":{"rendered":"List Rzymskokatolickiego Episkopatu Ukrainy"},"content":{"rendered":"\n<!--more-->\n\n\n\n<div style=\"height:25px\" aria-hidden=\"true\" class=\"wp-block-spacer\"><\/div>\n\n\n\n<h4 class=\"has-text-align-center wp-block-heading\">LIST RZYMSKOKATOLICKIEGO EPISKOPATU UKRAINY<br>DO DUCHOWIE\u0143STWA I WIERNYCH<br>KO\u015aCIO\u0141A KATOLICKIEGO W POLSCE<br>(FRAGMENTY)<\/h4>\n\n\n\n<div style=\"height:24px\" aria-hidden=\"true\" class=\"wp-block-spacer\"><\/div>\n\n\n\n<p>II Niedziela Adwentu, jest wielkim dniem solidarno\u015bci Wsp\u00f3lnoty Ko\u015bcio\u0142a w Polsce wobec Wsp\u00f3lnoty Ko\u015bcio\u0142a na Wschodzie, a w tym roku w szczeg\u00f3lny spos\u00f3b w Ukrainie. To ju\u017c po raz dwudziesty trzeci Polacy spogl\u0105daj\u0105 w stron\u0119 Wschodu, aby da\u0107 pi\u0119kne \u015bwiadectwo pami\u0119ci o \u017cyj\u0105cych tam katolikach, kt\u00f3rzy mimo trudno\u015bci i wielu przeciwno\u015bci zachowali wiar\u0119.<\/p>\n\n\n\n<p>Dzi\u0119kujemy Ko\u015bcio\u0142owi w Polsce za okazan\u0105 bratersk\u0105 mi\u0142o\u015b\u0107.<\/p>\n\n\n\n<p>Jeste\u015bmy g\u0142\u0119boko wzruszeni Wasz\u0105 sta\u0142\u0105 \u017cyczliwo\u015bci\u0105, solidarno\u015bci\u0105 i jak\u017ce konkretn\u0105 pomoc\u0105.<\/p>\n\n\n\n<p>W czasie tak wielkiego do\u015bwiadczenia, kiedy wojna pozostawia po sobie \u015bmier\u0107, cierpienie i zgliszcza, wsp\u00f3lnota Ko\u015bcio\u0142a w Ukrainie nie jest sama, bo jest z ni\u0105 Ko\u015bci\u00f3\u0142 w Polsce. Jeste\u015bcie z nami od 24 lutego, gdy rozpocz\u0119\u0142a si\u0119 wojna. Trudno jest dzisiaj podsumowa\u0107 w liczbach otrzyman\u0105 pomoc, ale jest ona wielka, tak jak wielkie s\u0105 serca Polak\u00f3w. Prosimy b\u0105d\u017acie nadal blisko nas! Ta nasza pro\u015bba, kt\u00f3r\u0105 kierujemy do Ko\u015bcio\u0142a w Polsce, czyni\u0105c to na r\u0119ce Episkopatu Polski, jest apelem l\u0119ku i trwogi o przetrwanie. Tak wi\u0119c dzi\u0119kujemy kolejny raz za dar modlitwy i pomoc finansow\u0105, jak\u0105 wesprzecie nas w II Niedziel\u0119 Adwentu. Na dzie\u0144 dzisiejszy, wdzi\u0119czno\u015b\u0107 nasz\u0105 mo\u017cemy najskuteczniej wyrazi\u0107 poprzez modlitw\u0119 za ludzi dobrej woli.<\/p>\n\n\n\n<p>Niech za wszelkie dobro nam okazane b\u0142ogos\u0142awi Was B\u00f3g, Ojciec Mi\u0142osierdzia i ochrania Naj\u015bwi\u0119tsza Maryja Panna, nasza wsp\u00f3lna Kr\u00f3lowa i Matka.<\/p>\n\n\n\n<div style=\"height:24px\" aria-hidden=\"true\" class=\"wp-block-spacer\"><\/div>\n\n\n\n<p class=\"has-text-align-right\"><strong>Rzymskokatoliccy Biskupi Ukrainy<br>zebrani na plenarnym posiedzeniu<br>Konferencji Episkopatu Ukrainy<br>Lw\u00f3w, 25 listopada 2022 roku<\/strong><\/p>\n","protected":false},"excerpt":{"rendered":"","protected":false},"author":3,"featured_media":6619,"comment_status":"closed","ping_status":"closed","sticky":false,"template":"","format":"standard","meta":{"_lmt_disableupdate":"","_lmt_disable":"","footnotes":""},"categories":[1],"tags":[],"class_list":["post-6618","post","type-post","status-publish","format-standard","has-post-thumbnail","hentry","category-bez-kategorii"],"_links":{"self":[{"href":"https:\/\/swiety-jozef.pl\/index.php\/wp-json\/wp\/v2\/posts\/6618","targetHints":{"allow":["GET"]}}],"collection":[{"href":"https:\/\/swiety-jozef.pl\/index.php\/wp-json\/wp\/v2\/posts"}],"about":[{"href":"https:\/\/swiety-jozef.pl\/index.php\/wp-json\/wp\/v2\/types\/post"}],"author":[{"embeddable":true,"href":"https:\/\/swiety-jozef.pl\/index.php\/wp-json\/wp\/v2\/users\/3"}],"replies":[{"embeddable":true,"href":"https:\/\/swiety-jozef.pl\/index.php\/wp-json\/wp\/v2\/comments?post=6618"}],"version-history":[{"count":2,"href":"https:\/\/swiety-jozef.pl\/index.php\/wp-json\/wp\/v2\/posts\/6618\/revisions"}],"predecessor-version":[{"id":6621,"href":"https:\/\/swiety-jozef.pl\/index.php\/wp-json\/wp\/v2\/posts\/6618\/revisions\/6621"}],"wp:featuredmedia":[{"embeddable":true,"href":"https:\/\/swiety-jozef.pl\/index.php\/wp-json\/wp\/v2\/media\/6619"}],"wp:attachment":[{"href":"https:\/\/swiety-jozef.pl\/index.php\/wp-json\/wp\/v2\/media?parent=6618"}],"wp:term":[{"taxonomy":"category","embeddable":true,"href":"https:\/\/swiety-jozef.pl\/index.php\/wp-json\/wp\/v2\/categories?post=6618"},{"taxonomy":"post_tag","embeddable":true,"href":"https:\/\/swiety-jozef.pl\/index.php\/wp-json\/wp\/v2\/tags?post=6618"}],"curies":[{"name":"wp","href":"https:\/\/api.w.org\/{rel}","templated":true}]}}