{"id":6589,"date":"2022-11-26T22:32:10","date_gmt":"2022-11-26T21:32:10","guid":{"rendered":"https:\/\/swiety-jozef.pl\/?p=6589"},"modified":"2022-11-26T22:40:53","modified_gmt":"2022-11-26T21:40:53","slug":"xxiii-dzien-modlitwy-i-pomocy-materialnej-kosciolowi-na-wschodzie-04-12-2022","status":"publish","type":"post","link":"https:\/\/swiety-jozef.pl\/index.php\/2022\/11\/26\/xxiii-dzien-modlitwy-i-pomocy-materialnej-kosciolowi-na-wschodzie-04-12-2022\/","title":{"rendered":"XXIII Dzie\u0144 modlitwy i pomocy materialnej Ko\u015bcio\u0142owi na Wschodzie &#8211; 04.12.2022"},"content":{"rendered":"\n<!--more-->\n\n\n\n<div style=\"height:23px\" aria-hidden=\"true\" class=\"wp-block-spacer\"><\/div>\n\n\n\n<h4 class=\"has-text-align-center wp-block-heading\">XXIII Dzie\u0144 modlitwy i pomocy materialnej Ko\u015bcio\u0142owi na Wschodzie &#8211;<br>04.12.2022<br>\u201ePos\u0142ani w pokoju Chrystusa\u201d<\/h4>\n\n\n\n<div style=\"height:22px\" aria-hidden=\"true\" class=\"wp-block-spacer\"><\/div>\n\n\n\n<p>W II Niedziel\u0119 Adwentu, zgodnie z uchwa\u0142\u0105 Konferencji Episkopatu Polski, obchodzony jestDzie\u0144 modlitwy i pomocy materialnej Ko\u015bcio\u0142owi na Wschodzie, kt\u00f3remu w tym roku towarzyszy has\u0142o: \u201ePos\u0142ani w pokoju Chrystusa\u201d. Celem tego dnia jest duchowe i materialne wsparcie Ko\u015bcio\u0142a katolickiego w krajach Europy Wschodniej i Azji \u015arodkowej, czyli na Bia\u0142orusi, Litwie, \u0141otwie i Estonii, na Ukrainie w Mo\u0142dawii, Rosji, Armenii, Azerbejd\u017canie, Gruzji, Kazachstanie oraz w Tad\u017cykistanie, Kirgizji i Uzbekistanie. Aktualnie, Ko\u015bcio\u0142owi za wschodni\u0105 granic\u0105, s\u0142u\u017cy 198 kap\u0142an\u00f3w diecezjalnych, 387 kap\u0142an\u00f3w zakonnych, 320 si\u00f3str i 40 braci zakonnych z Polski oraz wolontariusze \u015bwieccy.<\/p>\n\n\n\n<p>Czas adwentu to czas wyj\u0105tkowy, najpierw z racji na szczeg\u00f3lne tre\u015bci religijne i bogactwo tradycji z tym okresem zwi\u0105zanych, ale tak\u017ce dlatego \u017ce wprowadza nas bezpo\u015brednio w Tajemnic\u0119 Wcielenia \u2013 S\u0142owo stanie si\u0119 Cia\u0142em i zamieszka miedzy nami! Tegoroczny adwent jest szczeg\u00f3lny, bo naznaczony trwaj\u0105c\u0105 ju\u017c dziewi\u0105ty miesi\u0105c zbrojn\u0105 inwazj\u0105 Rosji na Ukrain\u0119. Za nasz\u0105 wschodni\u0105 granic\u0105 wci\u0105\u017c rozgrywa si\u0119 dramat, mieszka\u0144cy Ukrainy trac\u0105 swoje domy, bliskich i si\u0142y do zmagania si\u0119 z wojenn\u0105 rzeczywisto\u015bci\u0105. Coraz wi\u0119cej ukrai\u0144skich rodzin pozostaje bez dachu nad g\u0142ow\u0105 i szuka schronienia u krewnych czy znajomych w spokojniejszych rejonach inni korzystaj\u0105 z go\u015bcinno\u015bci parafii i wielu innych instytucji a jeszcze inni zdecydowali si\u0119 opu\u015bci\u0107 Ukrain\u0119 wybra\u0107 \u017cycie na emigracji w tym 1, 3 miliona w Polsce. W\u015br\u00f3d tych, kt\u00f3rzy zostali, wielu nie sta\u0107 na odbudow\u0119 lub wyremontowanie zniszczonego domu, a nawet kupno \u017cywno\u015bci i artyku\u0142\u00f3w pierwszej potrzeby. W tej sytuacji i w perspektywie rozpoczynaj\u0105cej si\u0119 zimy, ludzie ci mog\u0105 liczy\u0107 jedynie na pomoc z zewn\u0105trz.<\/p>\n\n\n\n<p>W ogromnej fali pomocy jaka p\u0142ynie z Polski, od samego pocz\u0105tku wojny uczestniczy te\u017c Zesp\u00f3\u0142 Pomocy Ko\u015bcio\u0142owi na Wschodzie przy Konferencji Episkopatu Polski. We wsp\u00f3\u0142pracy z r\u00f3\u017cnymi instytucjami, wsp\u00f3lnotami i dzi\u0119ki ofiarodawcom indywidualnym uda\u0142o si\u0119 i nadal udaje zorganizowa\u0107 wiele transport\u00f3w z pomoc\u0105 humanitarn\u0105 a tak\u017ce pomaga\u0107 tym, kt\u00f3rzy zdecydowali si\u0119 schroni\u0107 w Polsce.<\/p>\n\n\n\n<p>Nasze wsparcie, poprzez parafie, zgromadzenia zakonne czy instytucje takie jak Caritas Spes Ukraina, kierowane jest przede wszystkim do ludzi mieszkaj\u0105cych na obszarach szczeg\u00f3lnie dotkni\u0119tych skutkami wojny. Dotychczas, na pomoc Ukrainie z funduszy Zespo\u0142u wydali\u015bmy 1 504 000 z\u0142. z tych pieni\u0119dzy zakupili\u015bmy \u017cywo\u015b\u0107, artyku\u0142y medyczne, \u015brodki czysto\u015bci a tak\u017ce generatory pr\u0105dotw\u00f3rcze a w ostatnim czasie finansujemy zakup piecyk\u00f3w do ogrzewania i p\u0142yt do zabezpieczenia okien. Pokrywamy te\u017c koszty transportu pomocy humanitarnej \u2013 takich transport\u00f3w zorganizowali\u015bmy 26! Ponadto wspieramy te\u017c finansowo funkcjonowanie dom\u00f3w seniora, dom\u00f3w dziecka i wielu wsp\u00f3lnot parafialnych, kt\u00f3re przyj\u0119\u0142y uchod\u017ac\u00f3w wewn\u0119trznych. Pomogli\u015bmy te\u017c w organizacji letniego wypoczynku dla dzieci, \u2013 kt\u00f3re dzi\u0119ki temu mog\u0142y, cho\u0107 na chwil\u0119 oderwa\u0107 si\u0119 od wojennej rzeczywisto\u015bci. Na wsparcie uchod\u017ac\u00f3w, kt\u00f3rzy przybyli do Polski przeznaczyli\u015bmy 156 000 z\u0142otych, na dora\u017an\u0105 pomoc oraz dla o\u015brodk\u00f3w, kt\u00f3re ich przyjmowa\u0142y. <\/p>\n\n\n\n<p>Dzia\u0142alno\u015b\u0107 Zespo\u0142u to nie tylko Ukraina, cho\u0107 oczywi\u015bcie w obecnej sytuacji g\u0142\u00f3wnie na tym kraju si\u0119 koncentrujemy. <\/p>\n\n\n\n<p>W roku 2022 zosta\u0142o ju\u017c zrealizowanych 214 pr\u00f3\u015bb, na kwot\u0119 2 121 000 z\u0142otych. Z zebranych i przekazanych na Wsch\u00f3d pieni\u0119dzy, jak ju\u017c podali\u015bmy wy\u017cej na Ukrain\u0119 trafi\u0142o 1 504 000 z\u0142. Pozosta\u0142\u0105 kwot\u0119 przeznaczyli\u015bmy na organizacj\u0119 letniego wypoczynku po\u0142\u0105czonego z formacj\u0105 dla dzieci i m\u0142odzie\u017cy. T\u0105 pomoc\u0105 obj\u0119li\u015bmy 32 grupy z Ukrainy, Bia\u0142orusi, Uzbekistanu, Kazachstanu i Syberii, jak wspominaj\u0105 organizuj\u0105ce ten wypoczynek Siostry czy Kap\u0142ani \u2013 dla wielu uczestnik\u00f3w jest to wyj\u0105tkowy czas nie tylko zabawy, spotka\u0144, modlitwy, ale te\u017c regularnego jedzenia! Wspieramy te\u017c funkcjonowanie \u015bwietlic, przedszkoli, dom\u00f3w dziecka, dom\u00f3w seniora i samotnej matki, przytuliska dla bezdomnych oraz sto\u0142\u00f3wki i kuchnie prowadzone przez siostry i braci zakonnych s\u0142u\u017c\u0105ce do\u017cywianiu dzieci, starszych i najbiedniejszych. Pami\u0119tamy te\u017c o tych, kt\u00f3rzy ze Wschodu do Polski przyjechali, w tym r\u00f3wnie\u017c o studentach z Bia\u0142orusi, Ukrainy i Gruzji, poprzez wyp\u0142acanie stypendi\u00f3w. Zesp\u00f3\u0142 \u015bwiadczy te\u017c nieustannie pomoc liturgiczn\u0105 dla Ko\u015bcio\u0142a katolickiego na Wschodzie poprzez zakup dla konkretnych parafii parament\u00f3w liturgicznych, nag\u0142o\u015bnie\u0144 do kaplic i \u015bwi\u0105ty\u0144, ksi\u0105g liturgicznych, a tak\u017ce modlitewnik\u00f3w i \u015bpiewnik\u00f3w oraz wszelkiego rodzaju pomocy katechetycznych. Ci\u0105gle jeszcze wa\u017cn\u0105 cz\u0119\u015b\u0107 naszych wydatk\u00f3w stanowi\u0105 dotacje na odbudow\u0119 oraz renowacj\u0119 ko\u015bcio\u0142\u00f3w, kaplic \u015bwietlic i sal. <\/p>\n\n\n\n<p>Ponadto, Zesp\u00f3\u0142 finansuje wysy\u0142k\u0119 prasy katolickiej, w tym wiadomo\u015bci KAI czy czasopisma \u201eMi\u0142ujcie si\u0119\u201d oraz wspiera wydawnictwa i media dzia\u0142aj\u0105ce w ramach Ko\u015bcio\u0142a na Wschodzie, a tak\u017ce inne projekty. Z inicjatywy Zespo\u0142u powsta\u0142 te\u017c Wolontariat Syberyjski, skupiaj\u0105cy osoby \u015bwieckie, kt\u00f3re w czasie swojego urlopu czy wakacji pomagaj\u0105 duszpasterzom i siostrom zakonnym na Wschodzie. W 2022 roku na pos\u0142ug\u0119 wolontaryjn\u0105 mimo ogranicze\u0144 na Ukrain\u0119, do Kazachstanu i do W\u0142och, wyjecha\u0142o 12 os\u00f3b.<\/p>\n\n\n\n<p>Jeste\u015bmy na ko\u0144cowym etapie opracowywania leksykonu wraz ze wspomnieniami na temat udzia\u0142u polskich duchownych w odradzaniu si\u0119 Ko\u015bcio\u0142a Katolickiego na Wschodzie. Jest to bardzo wa\u017cne i dzie\u0142o, kt\u00f3re pozwoli ocali\u0107 od zapomnienia to co zrobili kap\u0142ani i siostry zakonne z Polski dla Ko\u015bcio\u0142a za wschodni\u0105 granic\u0105, szczeg\u00f3lnie po tzw. \u201epierestrojce\u201d. Ponadto Dyrektor Zespo\u0142u wyje\u017cd\u017ca na Wsch\u00f3d, aby na miejscu pozna\u0107 potrzeby i sprawdzi\u0107 realizacje projekt\u00f3w, w mijaj\u0105cym roku odwiedzi\u0142 pi\u0119ciokrotnie Ukrain\u0119 w\u0142\u0105cznie z dotarciem do Charkowa oraz Kazachstan, Litw\u0119, Mo\u0142dawi\u0119 i Naddniestrze.<\/p>\n\n\n\n<p> Zach\u0119camy do wsparcia duchowego i materialnego dzie\u0142 duszpasterskich, ewangelizacyjnych i charytatywnych Ko\u015bcio\u0142a katolickiego na Wschodzie. Ofiary zebrane w II niedziel\u0119 Adwentu a tak\u017ce nap\u0142ywaj\u0105ce od sta\u0142ych ofiarodawc\u00f3w indywidualnych przez ca\u0142y rok, s\u0142u\u017c\u0105 bezcenn\u0105 pomoc\u0105 katolikom we wszystkich tamtejszych diecezjach.<\/p>\n\n\n\n<p>W tym dniu z Ko\u015bcio\u0142em w Polsce i poza jej granicami, \u0142\u0105cz\u0105 si\u0119 wierni z wielu parafii za wschodni\u0105 granic\u0105, dzi\u0119kuj\u0105c Bogu za modlitw\u0119 i sk\u0142adane ofiary. \u201eDzie\u0144 modlitwy i pomocy materialnej Ko\u015bcio\u0142owi na Wschodzie\u201d tam, za wschodni\u0105 granic\u0105, jest dniem wdzi\u0119czno\u015bci za tych, kt\u00f3rzy pomagaj\u0105 duchowo i materialnie.<\/p>\n\n\n\n<p>W imieniu kap\u0142an\u00f3w, si\u00f3str i braci zakonnych oraz wolontariuszy \u015bwieckich, pos\u0142uguj\u0105cych aktualnie na Wschodzie a tak\u017ce wiernych, sk\u0142adamy serdeczne podzi\u0119kowanie za wszelk\u0105 pomoc i modlitw\u0119.<\/p>\n\n\n\n<p class=\"has-text-align-center\">W imieniu ca\u0142ego Zespo\u0142u Pomocy Ko\u015bcio\u0142owi na Wschodzie<br>Ks. Leszek Kry\u017ca TChr<\/p>\n\n\n\n<p class=\"has-text-align-center\">dyrektor biura Zespo\u0142u<\/p>\n\n\n\n<p><strong>Zesp\u00f3\u0142 Pomocy Ko\u015bcio\u0142owi na Wschodzie<br>przy Konferencji Episkopatu Polski<br>Skwer Kard. S. Wyszy\u0144skiego 6,<br>01-015 Warszawa<\/strong><\/p>\n\n\n\n<div style=\"height:30px\" aria-hidden=\"true\" class=\"wp-block-spacer\"><\/div>\n","protected":false},"excerpt":{"rendered":"","protected":false},"author":3,"featured_media":6590,"comment_status":"closed","ping_status":"closed","sticky":false,"template":"","format":"standard","meta":{"_lmt_disableupdate":"","_lmt_disable":"","footnotes":""},"categories":[1],"tags":[],"class_list":["post-6589","post","type-post","status-publish","format-standard","has-post-thumbnail","hentry","category-bez-kategorii"],"_links":{"self":[{"href":"https:\/\/swiety-jozef.pl\/index.php\/wp-json\/wp\/v2\/posts\/6589","targetHints":{"allow":["GET"]}}],"collection":[{"href":"https:\/\/swiety-jozef.pl\/index.php\/wp-json\/wp\/v2\/posts"}],"about":[{"href":"https:\/\/swiety-jozef.pl\/index.php\/wp-json\/wp\/v2\/types\/post"}],"author":[{"embeddable":true,"href":"https:\/\/swiety-jozef.pl\/index.php\/wp-json\/wp\/v2\/users\/3"}],"replies":[{"embeddable":true,"href":"https:\/\/swiety-jozef.pl\/index.php\/wp-json\/wp\/v2\/comments?post=6589"}],"version-history":[{"count":3,"href":"https:\/\/swiety-jozef.pl\/index.php\/wp-json\/wp\/v2\/posts\/6589\/revisions"}],"predecessor-version":[{"id":6594,"href":"https:\/\/swiety-jozef.pl\/index.php\/wp-json\/wp\/v2\/posts\/6589\/revisions\/6594"}],"wp:featuredmedia":[{"embeddable":true,"href":"https:\/\/swiety-jozef.pl\/index.php\/wp-json\/wp\/v2\/media\/6590"}],"wp:attachment":[{"href":"https:\/\/swiety-jozef.pl\/index.php\/wp-json\/wp\/v2\/media?parent=6589"}],"wp:term":[{"taxonomy":"category","embeddable":true,"href":"https:\/\/swiety-jozef.pl\/index.php\/wp-json\/wp\/v2\/categories?post=6589"},{"taxonomy":"post_tag","embeddable":true,"href":"https:\/\/swiety-jozef.pl\/index.php\/wp-json\/wp\/v2\/tags?post=6589"}],"curies":[{"name":"wp","href":"https:\/\/api.w.org\/{rel}","templated":true}]}}